{"id":16599,"date":"2024-06-06T22:49:40","date_gmt":"2024-06-06T21:49:40","guid":{"rendered":"https:\/\/www.liceodeourense.com\/2.0\/?p=16599"},"modified":"2024-06-11T11:56:48","modified_gmt":"2024-06-11T10:56:48","slug":"extraordinario-concerto-da-coral-do-liceo-4","status":"publish","type":"post","link":"https:\/\/www.liceodeourense.com\/2.0\/?p=16599","title":{"rendered":"EXTRAORDINARIO CONCERTO DA CORAL DO LICEO."},"content":{"rendered":"<h3>A Coral do Liceo ofreceu un extraordinario Concerto de Zarzuelas na programaci\u00f3n das Festas do Socio da nosa Entidade, cun programa maravilloso, e unha actuaci\u00f3n explendida, convertiron esta tarde en outra tarde esplendida de musica e amizade nun Sal\u00f3n Noble abarrotado. Moitas gracias a todos os coralistas e en especial a nosa Director Yolanda Grela.<\/h3>\n<p><iframe loading=\"lazy\" title=\"VID 20240606 204738\" width=\"640\" height=\"360\" src=\"https:\/\/www.youtube.com\/embed\/FJjiK_eL7EI?feature=oembed\" frameborder=\"0\" allow=\"accelerometer; autoplay; clipboard-write; encrypted-media; gyroscope; picture-in-picture; web-share\" referrerpolicy=\"strict-origin-when-cross-origin\" allowfullscreen><\/iframe><\/p>\n<p><iframe loading=\"lazy\" title=\"VID 20240606 204028\" width=\"640\" height=\"480\" src=\"https:\/\/www.youtube.com\/embed\/jXVXrOvAbkU?feature=oembed\" frameborder=\"0\" allow=\"accelerometer; autoplay; clipboard-write; encrypted-media; gyroscope; picture-in-picture; web-share\" referrerpolicy=\"strict-origin-when-cross-origin\" allowfullscreen><\/iframe><\/p>\n<p><iframe loading=\"lazy\" title=\"VID 20240606 203203\" width=\"640\" height=\"480\" src=\"https:\/\/www.youtube.com\/embed\/jP82Zb6Va0Y?feature=oembed\" frameborder=\"0\" allow=\"accelerometer; autoplay; clipboard-write; encrypted-media; gyroscope; picture-in-picture; web-share\" referrerpolicy=\"strict-origin-when-cross-origin\" allowfullscreen><\/iframe><\/p>\n<p><iframe loading=\"lazy\" title=\"VID 20240606 202837\" width=\"640\" height=\"480\" src=\"https:\/\/www.youtube.com\/embed\/J5KV__qnD9I?feature=oembed\" frameborder=\"0\" allow=\"accelerometer; autoplay; clipboard-write; encrypted-media; gyroscope; picture-in-picture; web-share\" referrerpolicy=\"strict-origin-when-cross-origin\" allowfullscreen><\/iframe><\/p>\n<p><iframe loading=\"lazy\" title=\"VID 20240606 201704\" width=\"640\" height=\"480\" src=\"https:\/\/www.youtube.com\/embed\/2agTjJw21SI?feature=oembed\" frameborder=\"0\" allow=\"accelerometer; autoplay; clipboard-write; encrypted-media; gyroscope; picture-in-picture; web-share\" referrerpolicy=\"strict-origin-when-cross-origin\" allowfullscreen><\/iframe><\/p>\n<p><img loading=\"lazy\" decoding=\"async\" class=\"alignnone size-full wp-image-16601\" src=\"https:\/\/www.liceodeourense.com\/2.0\/wp-content\/uploads\/CORAL-FIESTASSOCIO-02.jpg\" alt=\"\" width=\"1094\" height=\"821\" srcset=\"https:\/\/www.liceodeourense.com\/2.0\/wp-content\/uploads\/CORAL-FIESTASSOCIO-02.jpg 1094w, https:\/\/www.liceodeourense.com\/2.0\/wp-content\/uploads\/CORAL-FIESTASSOCIO-02-300x225.jpg 300w, https:\/\/www.liceodeourense.com\/2.0\/wp-content\/uploads\/CORAL-FIESTASSOCIO-02-1024x768.jpg 1024w, https:\/\/www.liceodeourense.com\/2.0\/wp-content\/uploads\/CORAL-FIESTASSOCIO-02-768x576.jpg 768w\" sizes=\"auto, (max-width: 1094px) 100vw, 1094px\" \/> <img loading=\"lazy\" decoding=\"async\" class=\"alignnone size-full wp-image-16602\" src=\"https:\/\/www.liceodeourense.com\/2.0\/wp-content\/uploads\/CORAL-FIESTASSOCIO-05.jpg\" alt=\"\" width=\"821\" height=\"1094\" srcset=\"https:\/\/www.liceodeourense.com\/2.0\/wp-content\/uploads\/CORAL-FIESTASSOCIO-05.jpg 821w, https:\/\/www.liceodeourense.com\/2.0\/wp-content\/uploads\/CORAL-FIESTASSOCIO-05-225x300.jpg 225w, https:\/\/www.liceodeourense.com\/2.0\/wp-content\/uploads\/CORAL-FIESTASSOCIO-05-768x1023.jpg 768w\" sizes=\"auto, (max-width: 821px) 100vw, 821px\" \/><img loading=\"lazy\" decoding=\"async\" class=\"alignnone size-full wp-image-16538\" src=\"https:\/\/www.liceodeourense.com\/2.0\/wp-content\/uploads\/CONCIERTO-CORAL-LICEO-3.jpg\" alt=\"\" width=\"1526\" height=\"2157\" srcset=\"https:\/\/www.liceodeourense.com\/2.0\/wp-content\/uploads\/CONCIERTO-CORAL-LICEO-3.jpg 1526w, https:\/\/www.liceodeourense.com\/2.0\/wp-content\/uploads\/CONCIERTO-CORAL-LICEO-3-212x300.jpg 212w, https:\/\/www.liceodeourense.com\/2.0\/wp-content\/uploads\/CONCIERTO-CORAL-LICEO-3-724x1024.jpg 724w, https:\/\/www.liceodeourense.com\/2.0\/wp-content\/uploads\/CONCIERTO-CORAL-LICEO-3-768x1086.jpg 768w, https:\/\/www.liceodeourense.com\/2.0\/wp-content\/uploads\/CONCIERTO-CORAL-LICEO-3-1087x1536.jpg 1087w, https:\/\/www.liceodeourense.com\/2.0\/wp-content\/uploads\/CONCIERTO-CORAL-LICEO-3-1449x2048.jpg 1449w\" sizes=\"auto, (max-width: 1526px) 100vw, 1526px\" \/><\/p>\n","protected":false},"excerpt":{"rendered":"<p>A Coral do Liceo ofreceu un extraordinario Concerto de Zarzuelas na programaci\u00f3n das Festas do Socio da nosa Entidade, cun programa maravilloso, e unha actuaci\u00f3n explendida, convertiron esta tarde en outra tarde esplendida de musica e amizade nun Sal\u00f3n Noble abarrotado. Moitas gracias a todos os coralistas e en especial a nosa Director Yolanda Grela.<\/p>\n","protected":false},"author":2,"featured_media":16600,"comment_status":"open","ping_status":"closed","sticky":false,"template":"","format":"standard","meta":{"footnotes":""},"categories":[54,14],"tags":[],"class_list":["post-16599","post","type-post","status-publish","format-standard","has-post-thumbnail","hentry","category-eusonsociodoliceo","category-musica-coral-liceo"],"_links":{"self":[{"href":"https:\/\/www.liceodeourense.com\/2.0\/index.php?rest_route=\/wp\/v2\/posts\/16599","targetHints":{"allow":["GET"]}}],"collection":[{"href":"https:\/\/www.liceodeourense.com\/2.0\/index.php?rest_route=\/wp\/v2\/posts"}],"about":[{"href":"https:\/\/www.liceodeourense.com\/2.0\/index.php?rest_route=\/wp\/v2\/types\/post"}],"author":[{"embeddable":true,"href":"https:\/\/www.liceodeourense.com\/2.0\/index.php?rest_route=\/wp\/v2\/users\/2"}],"replies":[{"embeddable":true,"href":"https:\/\/www.liceodeourense.com\/2.0\/index.php?rest_route=%2Fwp%2Fv2%2Fcomments&post=16599"}],"version-history":[{"count":1,"href":"https:\/\/www.liceodeourense.com\/2.0\/index.php?rest_route=\/wp\/v2\/posts\/16599\/revisions"}],"predecessor-version":[{"id":16603,"href":"https:\/\/www.liceodeourense.com\/2.0\/index.php?rest_route=\/wp\/v2\/posts\/16599\/revisions\/16603"}],"wp:featuredmedia":[{"embeddable":true,"href":"https:\/\/www.liceodeourense.com\/2.0\/index.php?rest_route=\/wp\/v2\/media\/16600"}],"wp:attachment":[{"href":"https:\/\/www.liceodeourense.com\/2.0\/index.php?rest_route=%2Fwp%2Fv2%2Fmedia&parent=16599"}],"wp:term":[{"taxonomy":"category","embeddable":true,"href":"https:\/\/www.liceodeourense.com\/2.0\/index.php?rest_route=%2Fwp%2Fv2%2Fcategories&post=16599"},{"taxonomy":"post_tag","embeddable":true,"href":"https:\/\/www.liceodeourense.com\/2.0\/index.php?rest_route=%2Fwp%2Fv2%2Ftags&post=16599"}],"curies":[{"name":"wp","href":"https:\/\/api.w.org\/{rel}","templated":true}]}}