{"id":16452,"date":"2024-05-02T22:01:11","date_gmt":"2024-05-02T21:01:11","guid":{"rendered":"https:\/\/www.liceodeourense.com\/2.0\/?p=16452"},"modified":"2024-05-06T12:22:40","modified_gmt":"2024-05-06T11:22:40","slug":"extraordinario-concierto-de-david-jelihovschi-panas-clara-jelihovschi-panas","status":"publish","type":"post","link":"https:\/\/www.liceodeourense.com\/2.0\/?p=16452","title":{"rendered":"EXTRAORDINARIO CONCIERTO DE David Jelihovschi Panas &#038; Clara Jelihovschi Panas"},"content":{"rendered":"<h3>Extraordinario Concierto de David Jelihovschi Panas &#8211; Piano y Clara Jelihovschi Panas &#8211; Voz, el que nos ofrecieron esta tarde en el Sal\u00f3n Noble del Liceo, con un programa divido en dos partes, una primera solo piano, con una maravillosa ejecuci\u00f3n, y otra segunda con arias y lieder, ya a piano a y voz, tambi\u00e9n con una extraordinaria interpretaci\u00f3n, un lujo de programa, un lujo de concierto, muchas gracias por esta en El Liceo esta tarde.<\/h3>\n<p><img loading=\"lazy\" decoding=\"async\" class=\"alignnone size-full wp-image-16453\" src=\"https:\/\/www.liceodeourense.com\/2.0\/wp-content\/uploads\/Jelihovschi-Panas-01.jpg\" alt=\"\" width=\"821\" height=\"1094\" srcset=\"https:\/\/www.liceodeourense.com\/2.0\/wp-content\/uploads\/Jelihovschi-Panas-01.jpg 821w, https:\/\/www.liceodeourense.com\/2.0\/wp-content\/uploads\/Jelihovschi-Panas-01-225x300.jpg 225w, https:\/\/www.liceodeourense.com\/2.0\/wp-content\/uploads\/Jelihovschi-Panas-01-768x1023.jpg 768w\" sizes=\"auto, (max-width: 821px) 100vw, 821px\" \/><img loading=\"lazy\" decoding=\"async\" class=\"alignnone size-full wp-image-16426\" src=\"https:\/\/www.liceodeourense.com\/2.0\/wp-content\/uploads\/CONCIERTO-Jelihovschi-Panas-v4.jpg\" alt=\"\" width=\"1654\" height=\"2338\" srcset=\"https:\/\/www.liceodeourense.com\/2.0\/wp-content\/uploads\/CONCIERTO-Jelihovschi-Panas-v4.jpg 1654w, https:\/\/www.liceodeourense.com\/2.0\/wp-content\/uploads\/CONCIERTO-Jelihovschi-Panas-v4-212x300.jpg 212w, https:\/\/www.liceodeourense.com\/2.0\/wp-content\/uploads\/CONCIERTO-Jelihovschi-Panas-v4-724x1024.jpg 724w, https:\/\/www.liceodeourense.com\/2.0\/wp-content\/uploads\/CONCIERTO-Jelihovschi-Panas-v4-768x1086.jpg 768w, https:\/\/www.liceodeourense.com\/2.0\/wp-content\/uploads\/CONCIERTO-Jelihovschi-Panas-v4-1087x1536.jpg 1087w, https:\/\/www.liceodeourense.com\/2.0\/wp-content\/uploads\/CONCIERTO-Jelihovschi-Panas-v4-1449x2048.jpg 1449w\" sizes=\"auto, (max-width: 1654px) 100vw, 1654px\" \/><\/p>\n","protected":false},"excerpt":{"rendered":"<p>Extraordinario Concierto de David Jelihovschi Panas &#8211; Piano y Clara Jelihovschi Panas &#8211; Voz, el que nos ofrecieron esta tarde en el Sal\u00f3n Noble del Liceo, con un programa divido en dos partes, una primera solo piano, con una maravillosa ejecuci\u00f3n, y otra segunda con arias y lieder, ya a piano a y voz, tambi\u00e9n [&hellip;]<\/p>\n","protected":false},"author":2,"featured_media":16453,"comment_status":"open","ping_status":"closed","sticky":false,"template":"","format":"standard","meta":{"footnotes":""},"categories":[5],"tags":[],"class_list":["post-16452","post","type-post","status-publish","format-standard","has-post-thumbnail","hentry","category-musica"],"_links":{"self":[{"href":"https:\/\/www.liceodeourense.com\/2.0\/index.php?rest_route=\/wp\/v2\/posts\/16452","targetHints":{"allow":["GET"]}}],"collection":[{"href":"https:\/\/www.liceodeourense.com\/2.0\/index.php?rest_route=\/wp\/v2\/posts"}],"about":[{"href":"https:\/\/www.liceodeourense.com\/2.0\/index.php?rest_route=\/wp\/v2\/types\/post"}],"author":[{"embeddable":true,"href":"https:\/\/www.liceodeourense.com\/2.0\/index.php?rest_route=\/wp\/v2\/users\/2"}],"replies":[{"embeddable":true,"href":"https:\/\/www.liceodeourense.com\/2.0\/index.php?rest_route=%2Fwp%2Fv2%2Fcomments&post=16452"}],"version-history":[{"count":1,"href":"https:\/\/www.liceodeourense.com\/2.0\/index.php?rest_route=\/wp\/v2\/posts\/16452\/revisions"}],"predecessor-version":[{"id":16455,"href":"https:\/\/www.liceodeourense.com\/2.0\/index.php?rest_route=\/wp\/v2\/posts\/16452\/revisions\/16455"}],"wp:featuredmedia":[{"embeddable":true,"href":"https:\/\/www.liceodeourense.com\/2.0\/index.php?rest_route=\/wp\/v2\/media\/16453"}],"wp:attachment":[{"href":"https:\/\/www.liceodeourense.com\/2.0\/index.php?rest_route=%2Fwp%2Fv2%2Fmedia&parent=16452"}],"wp:term":[{"taxonomy":"category","embeddable":true,"href":"https:\/\/www.liceodeourense.com\/2.0\/index.php?rest_route=%2Fwp%2Fv2%2Fcategories&post=16452"},{"taxonomy":"post_tag","embeddable":true,"href":"https:\/\/www.liceodeourense.com\/2.0\/index.php?rest_route=%2Fwp%2Fv2%2Ftags&post=16452"}],"curies":[{"name":"wp","href":"https:\/\/api.w.org\/{rel}","templated":true}]}}