{"id":16308,"date":"2024-03-08T12:42:39","date_gmt":"2024-03-08T11:42:39","guid":{"rendered":"https:\/\/www.liceodeourense.com\/2.0\/?p=16308"},"modified":"2024-03-08T12:42:39","modified_gmt":"2024-03-08T11:42:39","slug":"pandereteiras-do-liceo-concerto-dia-muller","status":"publish","type":"post","link":"https:\/\/www.liceodeourense.com\/2.0\/?p=16308","title":{"rendered":"Pandereteiras do Liceo : Concerto D\u00eda  Muller."},"content":{"rendered":"<h3>Na tardi\u00f1a de hoxe no Sal\u00f3n Noble do Liceo tivo lugar o CONCERTO D\u00cdA DA MULLER a cargo das Pandereteiras do Liceo, que nos sirve ano a ano para revindicar e comemorar o \u00abdia da muller traballadora\u00bb. Nesta ocasi\u00f3n adem\u00e1is das nosas \u00abartistas\u00bb estiveron no escenario acompa\u00f1adoas as Cantareiras infant\u00eds da Real Banda de Gaitas da Deputaci\u00f3n;\u00a0 A zanfona de Alejandro Dapena de la Fuente e as gaitas de Ana Belen Rguez. Andr\u00e9 , Manuel Lorenzo Tall\u00f3n e David Rodriguez Iglesias. Tam\u00e9n se leron dou poemas a cargo de Marina Tall\u00f3n e Rosa E. Redonet.<\/h3>\n<h3>Moitas gracias a todos os que participastedes e o numeros\u00edsimo p\u00fablico que abarrotou o noso Sal\u00f3n Noble.<\/h3>\n<p><img loading=\"lazy\" decoding=\"async\" class=\"alignnone size-full wp-image-16309\" src=\"https:\/\/www.liceodeourense.com\/2.0\/wp-content\/uploads\/pandereteiras-8-marzo-01.jpg\" alt=\"\" width=\"912\" height=\"684\" srcset=\"https:\/\/www.liceodeourense.com\/2.0\/wp-content\/uploads\/pandereteiras-8-marzo-01.jpg 912w, https:\/\/www.liceodeourense.com\/2.0\/wp-content\/uploads\/pandereteiras-8-marzo-01-300x225.jpg 300w, https:\/\/www.liceodeourense.com\/2.0\/wp-content\/uploads\/pandereteiras-8-marzo-01-768x576.jpg 768w\" sizes=\"auto, (max-width: 912px) 100vw, 912px\" \/> <img loading=\"lazy\" decoding=\"async\" class=\"alignnone size-full wp-image-16310\" src=\"https:\/\/www.liceodeourense.com\/2.0\/wp-content\/uploads\/pandereteiras-8-marzo-02.jpg\" alt=\"\" width=\"912\" height=\"684\" srcset=\"https:\/\/www.liceodeourense.com\/2.0\/wp-content\/uploads\/pandereteiras-8-marzo-02.jpg 912w, https:\/\/www.liceodeourense.com\/2.0\/wp-content\/uploads\/pandereteiras-8-marzo-02-300x225.jpg 300w, https:\/\/www.liceodeourense.com\/2.0\/wp-content\/uploads\/pandereteiras-8-marzo-02-768x576.jpg 768w\" sizes=\"auto, (max-width: 912px) 100vw, 912px\" \/> <img loading=\"lazy\" decoding=\"async\" class=\"alignnone size-full wp-image-16312\" src=\"https:\/\/www.liceodeourense.com\/2.0\/wp-content\/uploads\/pandereteiras-8-marzo-04.jpg\" alt=\"\" width=\"912\" height=\"684\" srcset=\"https:\/\/www.liceodeourense.com\/2.0\/wp-content\/uploads\/pandereteiras-8-marzo-04.jpg 912w, https:\/\/www.liceodeourense.com\/2.0\/wp-content\/uploads\/pandereteiras-8-marzo-04-300x225.jpg 300w, https:\/\/www.liceodeourense.com\/2.0\/wp-content\/uploads\/pandereteiras-8-marzo-04-768x576.jpg 768w\" sizes=\"auto, (max-width: 912px) 100vw, 912px\" \/> <img loading=\"lazy\" decoding=\"async\" class=\"alignnone size-full wp-image-16313\" src=\"https:\/\/www.liceodeourense.com\/2.0\/wp-content\/uploads\/pandereteiras-8-marzo-05.jpg\" alt=\"\" width=\"912\" height=\"684\" srcset=\"https:\/\/www.liceodeourense.com\/2.0\/wp-content\/uploads\/pandereteiras-8-marzo-05.jpg 912w, https:\/\/www.liceodeourense.com\/2.0\/wp-content\/uploads\/pandereteiras-8-marzo-05-300x225.jpg 300w, https:\/\/www.liceodeourense.com\/2.0\/wp-content\/uploads\/pandereteiras-8-marzo-05-768x576.jpg 768w\" sizes=\"auto, (max-width: 912px) 100vw, 912px\" \/><img loading=\"lazy\" decoding=\"async\" class=\"alignnone size-full wp-image-16288\" src=\"https:\/\/www.liceodeourense.com\/2.0\/wp-content\/uploads\/DIA-DA-MULLER.jpg\" alt=\"\" width=\"1654\" height=\"2338\" srcset=\"https:\/\/www.liceodeourense.com\/2.0\/wp-content\/uploads\/DIA-DA-MULLER.jpg 1654w, https:\/\/www.liceodeourense.com\/2.0\/wp-content\/uploads\/DIA-DA-MULLER-212x300.jpg 212w, https:\/\/www.liceodeourense.com\/2.0\/wp-content\/uploads\/DIA-DA-MULLER-724x1024.jpg 724w, https:\/\/www.liceodeourense.com\/2.0\/wp-content\/uploads\/DIA-DA-MULLER-768x1086.jpg 768w, https:\/\/www.liceodeourense.com\/2.0\/wp-content\/uploads\/DIA-DA-MULLER-1087x1536.jpg 1087w, https:\/\/www.liceodeourense.com\/2.0\/wp-content\/uploads\/DIA-DA-MULLER-1449x2048.jpg 1449w\" sizes=\"auto, (max-width: 1654px) 100vw, 1654px\" \/><\/p>\n<h3><\/h3>\n","protected":false},"excerpt":{"rendered":"<p>Na tardi\u00f1a de hoxe no Sal\u00f3n Noble do Liceo tivo lugar o CONCERTO D\u00cdA DA MULLER a cargo das Pandereteiras do Liceo, que nos sirve ano a ano para revindicar e comemorar o \u00abdia da muller traballadora\u00bb. Nesta ocasi\u00f3n adem\u00e1is das nosas \u00abartistas\u00bb estiveron no escenario acompa\u00f1adoas as Cantareiras infant\u00eds da Real Banda de Gaitas [&hellip;]<\/p>\n","protected":false},"author":2,"featured_media":16311,"comment_status":"open","ping_status":"closed","sticky":false,"template":"","format":"standard","meta":{"footnotes":""},"categories":[5,9],"tags":[],"class_list":["post-16308","post","type-post","status-publish","format-standard","has-post-thumbnail","hentry","category-musica","category-varios"],"_links":{"self":[{"href":"https:\/\/www.liceodeourense.com\/2.0\/index.php?rest_route=\/wp\/v2\/posts\/16308","targetHints":{"allow":["GET"]}}],"collection":[{"href":"https:\/\/www.liceodeourense.com\/2.0\/index.php?rest_route=\/wp\/v2\/posts"}],"about":[{"href":"https:\/\/www.liceodeourense.com\/2.0\/index.php?rest_route=\/wp\/v2\/types\/post"}],"author":[{"embeddable":true,"href":"https:\/\/www.liceodeourense.com\/2.0\/index.php?rest_route=\/wp\/v2\/users\/2"}],"replies":[{"embeddable":true,"href":"https:\/\/www.liceodeourense.com\/2.0\/index.php?rest_route=%2Fwp%2Fv2%2Fcomments&post=16308"}],"version-history":[{"count":1,"href":"https:\/\/www.liceodeourense.com\/2.0\/index.php?rest_route=\/wp\/v2\/posts\/16308\/revisions"}],"predecessor-version":[{"id":16314,"href":"https:\/\/www.liceodeourense.com\/2.0\/index.php?rest_route=\/wp\/v2\/posts\/16308\/revisions\/16314"}],"wp:featuredmedia":[{"embeddable":true,"href":"https:\/\/www.liceodeourense.com\/2.0\/index.php?rest_route=\/wp\/v2\/media\/16311"}],"wp:attachment":[{"href":"https:\/\/www.liceodeourense.com\/2.0\/index.php?rest_route=%2Fwp%2Fv2%2Fmedia&parent=16308"}],"wp:term":[{"taxonomy":"category","embeddable":true,"href":"https:\/\/www.liceodeourense.com\/2.0\/index.php?rest_route=%2Fwp%2Fv2%2Fcategories&post=16308"},{"taxonomy":"post_tag","embeddable":true,"href":"https:\/\/www.liceodeourense.com\/2.0\/index.php?rest_route=%2Fwp%2Fv2%2Ftags&post=16308"}],"curies":[{"name":"wp","href":"https:\/\/api.w.org\/{rel}","templated":true}]}}