{"id":15875,"date":"2023-10-28T22:16:09","date_gmt":"2023-10-28T21:16:09","guid":{"rendered":"https:\/\/www.liceodeourense.com\/2.0\/?p=15875"},"modified":"2023-10-30T11:25:55","modified_gmt":"2023-10-30T10:25:55","slug":"extraordinario-concerto-de-carlos-dominguez-presentando-un-tiempo-mejor","status":"publish","type":"post","link":"https:\/\/www.liceodeourense.com\/2.0\/?p=15875","title":{"rendered":"EXTRAORDINARIO CONCERTO DE CARLOS DOMINGUEZ.. PRESENTANDO \u00abUN TIEMPO MEJOR\u00bb"},"content":{"rendered":"<h3>Esta tarde O Liceo acolleu o concerto do cantautor madrile\u00f1o Carlos Dom\u00ednguez, que ten ra\u00edces en O Bolo, para presentar o seu tercer traballo discogr\u00e1fico, \u00abUn tiempo mejor\u00bb. Un Concerto extraordinario acompa\u00f1ado dos m\u00fasicos Antonio de Pinto a guitarra,\u00a0 e Manu Clavijo o viol\u00edn, no que disfrutamos moito das s\u00faas canci\u00f3ns e dos seus poemas. Un luxo ter\u00a0 a Carlos Dom\u00ednguez no Liceo. Ata cando queiras. Moitas gracias tam\u00e9n a todos os que nos acompa\u00f1\u00e1stedes.<\/h3>\n<h3><img loading=\"lazy\" decoding=\"async\" class=\"alignleft wp-image-15877 size-full\" src=\"https:\/\/www.liceodeourense.com\/2.0\/wp-content\/uploads\/CARLOS-DOMINGUEZ-02.jpg\" alt=\"\" width=\"821\" height=\"1094\" srcset=\"https:\/\/www.liceodeourense.com\/2.0\/wp-content\/uploads\/CARLOS-DOMINGUEZ-02.jpg 821w, https:\/\/www.liceodeourense.com\/2.0\/wp-content\/uploads\/CARLOS-DOMINGUEZ-02-225x300.jpg 225w, https:\/\/www.liceodeourense.com\/2.0\/wp-content\/uploads\/CARLOS-DOMINGUEZ-02-768x1023.jpg 768w\" sizes=\"auto, (max-width: 821px) 100vw, 821px\" \/> <img loading=\"lazy\" decoding=\"async\" class=\"alignleft wp-image-15878 size-full\" src=\"https:\/\/www.liceodeourense.com\/2.0\/wp-content\/uploads\/CARLOS-DOMINGUEZ-03.jpg\" alt=\"\" width=\"821\" height=\"1094\" srcset=\"https:\/\/www.liceodeourense.com\/2.0\/wp-content\/uploads\/CARLOS-DOMINGUEZ-03.jpg 821w, https:\/\/www.liceodeourense.com\/2.0\/wp-content\/uploads\/CARLOS-DOMINGUEZ-03-225x300.jpg 225w, https:\/\/www.liceodeourense.com\/2.0\/wp-content\/uploads\/CARLOS-DOMINGUEZ-03-768x1023.jpg 768w\" sizes=\"auto, (max-width: 821px) 100vw, 821px\" \/> <img loading=\"lazy\" decoding=\"async\" class=\"alignleft wp-image-15879 size-full\" src=\"https:\/\/www.liceodeourense.com\/2.0\/wp-content\/uploads\/CARLOS-DOMINGUEZ-04.jpg\" alt=\"\" width=\"684\" height=\"912\" srcset=\"https:\/\/www.liceodeourense.com\/2.0\/wp-content\/uploads\/CARLOS-DOMINGUEZ-04.jpg 684w, https:\/\/www.liceodeourense.com\/2.0\/wp-content\/uploads\/CARLOS-DOMINGUEZ-04-225x300.jpg 225w\" sizes=\"auto, (max-width: 684px) 100vw, 684px\" \/> <img loading=\"lazy\" decoding=\"async\" class=\"alignleft wp-image-15880 size-full\" src=\"https:\/\/www.liceodeourense.com\/2.0\/wp-content\/uploads\/CARLOS-DOMINGUEZ-05.jpg\" alt=\"\" width=\"1094\" height=\"821\" srcset=\"https:\/\/www.liceodeourense.com\/2.0\/wp-content\/uploads\/CARLOS-DOMINGUEZ-05.jpg 1094w, https:\/\/www.liceodeourense.com\/2.0\/wp-content\/uploads\/CARLOS-DOMINGUEZ-05-300x225.jpg 300w, https:\/\/www.liceodeourense.com\/2.0\/wp-content\/uploads\/CARLOS-DOMINGUEZ-05-1024x768.jpg 1024w, https:\/\/www.liceodeourense.com\/2.0\/wp-content\/uploads\/CARLOS-DOMINGUEZ-05-768x576.jpg 768w\" sizes=\"auto, (max-width: 1094px) 100vw, 1094px\" \/> <img loading=\"lazy\" decoding=\"async\" class=\"alignleft wp-image-15881 size-full\" src=\"https:\/\/www.liceodeourense.com\/2.0\/wp-content\/uploads\/CARLOS-DOMINGUEZ-06.jpg\" alt=\"\" width=\"1094\" height=\"821\" srcset=\"https:\/\/www.liceodeourense.com\/2.0\/wp-content\/uploads\/CARLOS-DOMINGUEZ-06.jpg 1094w, https:\/\/www.liceodeourense.com\/2.0\/wp-content\/uploads\/CARLOS-DOMINGUEZ-06-300x225.jpg 300w, https:\/\/www.liceodeourense.com\/2.0\/wp-content\/uploads\/CARLOS-DOMINGUEZ-06-1024x768.jpg 1024w, https:\/\/www.liceodeourense.com\/2.0\/wp-content\/uploads\/CARLOS-DOMINGUEZ-06-768x576.jpg 768w\" sizes=\"auto, (max-width: 1094px) 100vw, 1094px\" \/> <img loading=\"lazy\" decoding=\"async\" class=\"alignleft wp-image-15882 size-full\" src=\"https:\/\/www.liceodeourense.com\/2.0\/wp-content\/uploads\/CARLOS-DOMINGUEZ-07.jpg\" alt=\"\" width=\"1094\" height=\"821\" srcset=\"https:\/\/www.liceodeourense.com\/2.0\/wp-content\/uploads\/CARLOS-DOMINGUEZ-07.jpg 1094w, https:\/\/www.liceodeourense.com\/2.0\/wp-content\/uploads\/CARLOS-DOMINGUEZ-07-300x225.jpg 300w, https:\/\/www.liceodeourense.com\/2.0\/wp-content\/uploads\/CARLOS-DOMINGUEZ-07-1024x768.jpg 1024w, https:\/\/www.liceodeourense.com\/2.0\/wp-content\/uploads\/CARLOS-DOMINGUEZ-07-768x576.jpg 768w\" sizes=\"auto, (max-width: 1094px) 100vw, 1094px\" \/><img loading=\"lazy\" decoding=\"async\" class=\"alignleft wp-image-15800 size-large\" src=\"https:\/\/www.liceodeourense.com\/2.0\/wp-content\/uploads\/CARLOS-DOMINGUEZ-724x1024.jpg\" alt=\"\" width=\"640\" height=\"905\" srcset=\"https:\/\/www.liceodeourense.com\/2.0\/wp-content\/uploads\/CARLOS-DOMINGUEZ-724x1024.jpg 724w, https:\/\/www.liceodeourense.com\/2.0\/wp-content\/uploads\/CARLOS-DOMINGUEZ-212x300.jpg 212w, https:\/\/www.liceodeourense.com\/2.0\/wp-content\/uploads\/CARLOS-DOMINGUEZ-768x1086.jpg 768w, https:\/\/www.liceodeourense.com\/2.0\/wp-content\/uploads\/CARLOS-DOMINGUEZ-1086x1536.jpg 1086w, https:\/\/www.liceodeourense.com\/2.0\/wp-content\/uploads\/CARLOS-DOMINGUEZ.jpg 1131w\" sizes=\"auto, (max-width: 640px) 100vw, 640px\" \/><\/h3>\n","protected":false},"excerpt":{"rendered":"<p>Esta tarde O Liceo acolleu o concerto do cantautor madrile\u00f1o Carlos Dom\u00ednguez, que ten ra\u00edces en O Bolo, para presentar o seu tercer traballo discogr\u00e1fico, \u00abUn tiempo mejor\u00bb. Un Concerto extraordinario acompa\u00f1ado dos m\u00fasicos Antonio de Pinto a guitarra,\u00a0 e Manu Clavijo o viol\u00edn, no que disfrutamos moito das s\u00faas canci\u00f3ns e dos seus poemas. [&hellip;]<\/p>\n","protected":false},"author":2,"featured_media":15876,"comment_status":"open","ping_status":"closed","sticky":false,"template":"","format":"standard","meta":{"footnotes":""},"categories":[5,21],"tags":[],"class_list":["post-15875","post","type-post","status-publish","format-standard","has-post-thumbnail","hentry","category-musica","category-musica-concertos-patio-de-columnas"],"_links":{"self":[{"href":"https:\/\/www.liceodeourense.com\/2.0\/index.php?rest_route=\/wp\/v2\/posts\/15875","targetHints":{"allow":["GET"]}}],"collection":[{"href":"https:\/\/www.liceodeourense.com\/2.0\/index.php?rest_route=\/wp\/v2\/posts"}],"about":[{"href":"https:\/\/www.liceodeourense.com\/2.0\/index.php?rest_route=\/wp\/v2\/types\/post"}],"author":[{"embeddable":true,"href":"https:\/\/www.liceodeourense.com\/2.0\/index.php?rest_route=\/wp\/v2\/users\/2"}],"replies":[{"embeddable":true,"href":"https:\/\/www.liceodeourense.com\/2.0\/index.php?rest_route=%2Fwp%2Fv2%2Fcomments&post=15875"}],"version-history":[{"count":1,"href":"https:\/\/www.liceodeourense.com\/2.0\/index.php?rest_route=\/wp\/v2\/posts\/15875\/revisions"}],"predecessor-version":[{"id":15883,"href":"https:\/\/www.liceodeourense.com\/2.0\/index.php?rest_route=\/wp\/v2\/posts\/15875\/revisions\/15883"}],"wp:featuredmedia":[{"embeddable":true,"href":"https:\/\/www.liceodeourense.com\/2.0\/index.php?rest_route=\/wp\/v2\/media\/15876"}],"wp:attachment":[{"href":"https:\/\/www.liceodeourense.com\/2.0\/index.php?rest_route=%2Fwp%2Fv2%2Fmedia&parent=15875"}],"wp:term":[{"taxonomy":"category","embeddable":true,"href":"https:\/\/www.liceodeourense.com\/2.0\/index.php?rest_route=%2Fwp%2Fv2%2Fcategories&post=15875"},{"taxonomy":"post_tag","embeddable":true,"href":"https:\/\/www.liceodeourense.com\/2.0\/index.php?rest_route=%2Fwp%2Fv2%2Ftags&post=15875"}],"curies":[{"name":"wp","href":"https:\/\/api.w.org\/{rel}","templated":true}]}}