{"id":15351,"date":"2023-03-29T22:18:20","date_gmt":"2023-03-29T21:18:20","guid":{"rendered":"https:\/\/www.liceodeourense.com\/2.0\/?p=15351"},"modified":"2023-04-03T11:09:11","modified_gmt":"2023-04-03T10:09:11","slug":"conferencia-de-jacinto-seara-amigo-jesus-de-nazaret-vivio-vive","status":"publish","type":"post","link":"https:\/\/www.liceodeourense.com\/2.0\/?p=15351","title":{"rendered":"CONFERENCIA DE JACINTO SEARA AMIGO: \u00abJes\u00fas de Nazaret vivi\u00f3 \u00bfvive?\u00bb"},"content":{"rendered":"<h3>En la tarde de hoy D. Jacinto Seara Amigo, F\u00edsico nuclea, y miembro de la Junta Directiva del Liceo, pronunci\u00f3 una Conferencia con el t\u00edtulo \u00abJes\u00fas de Nazaret vivi\u00f3 \u00bfvive?\u00bb. La presentaci\u00f3n corri\u00f3 a cargo del tambi\u00e9n directivo Jos\u00e9 Luis Fern\u00e1ndez Carnicero.<\/h3>\n<p><img loading=\"lazy\" decoding=\"async\" class=\"alignleft wp-image-15354 size-large\" src=\"https:\/\/www.liceodeourense.com\/2.0\/wp-content\/uploads\/IMG-20230329-WA0012-1024x682.jpg\" alt=\"\" width=\"640\" height=\"426\" srcset=\"https:\/\/www.liceodeourense.com\/2.0\/wp-content\/uploads\/IMG-20230329-WA0012-1024x682.jpg 1024w, https:\/\/www.liceodeourense.com\/2.0\/wp-content\/uploads\/IMG-20230329-WA0012-300x200.jpg 300w, https:\/\/www.liceodeourense.com\/2.0\/wp-content\/uploads\/IMG-20230329-WA0012-768x512.jpg 768w, https:\/\/www.liceodeourense.com\/2.0\/wp-content\/uploads\/IMG-20230329-WA0012-1536x1023.jpg 1536w, https:\/\/www.liceodeourense.com\/2.0\/wp-content\/uploads\/IMG-20230329-WA0012.jpg 1600w\" sizes=\"auto, (max-width: 640px) 100vw, 640px\" \/><\/p>\n<h3 dir=\"auto\">Se trata de ver toda lo importante que es Jes\u00fas de Nazaret, y de lo que ha sucedido desde su nacimiento.<\/h3>\n<p><img loading=\"lazy\" decoding=\"async\" class=\"alignleft wp-image-15352 size-large\" src=\"https:\/\/www.liceodeourense.com\/2.0\/wp-content\/uploads\/IMG-20230329-WA0010-1024x682.jpg\" alt=\"\" width=\"640\" height=\"426\" srcset=\"https:\/\/www.liceodeourense.com\/2.0\/wp-content\/uploads\/IMG-20230329-WA0010-1024x682.jpg 1024w, https:\/\/www.liceodeourense.com\/2.0\/wp-content\/uploads\/IMG-20230329-WA0010-300x200.jpg 300w, https:\/\/www.liceodeourense.com\/2.0\/wp-content\/uploads\/IMG-20230329-WA0010-768x512.jpg 768w, https:\/\/www.liceodeourense.com\/2.0\/wp-content\/uploads\/IMG-20230329-WA0010-1536x1023.jpg 1536w, https:\/\/www.liceodeourense.com\/2.0\/wp-content\/uploads\/IMG-20230329-WA0010.jpg 1600w\" sizes=\"auto, (max-width: 640px) 100vw, 640px\" \/><\/p>\n<h3 dir=\"auto\">Lo primero que se habla es de que su existencia es un hecho real y reconocido por escritores romanos de su \u00e9poca e incluso alguno de siglos posteriores. Lo segundo que se trata es ver que los evangelios can\u00f3nicos, que no so una historia de su vida, m\u00e1s bien diferentes formas de explicar su mensaje, dirigido tanto a jud\u00edos como gentiles. Esto se hace mediante comparar lo que dicen los evangelios con lo que sucedi\u00f3 realmente el d\u00eda de su nacimiento y de su muerte. Para ello se recurre a lo que cient\u00edficamente conocemos de lo sucedido en esas fechas, lo que nos permite deducir que los evangelios nos cuenta a trav\u00e9s del mensaje es una realidad.<\/h3>\n<h3 dir=\"auto\">Se repasa su vida, al mismo tiempo que se habla de su mensaje y de la misi\u00f3n que le dio a sus disc\u00edpulos de expandirlo por jud\u00edos y gentiles. Lo que conduce a ver c\u00f3mo triunf\u00f3 su mensaje a pesar de los malos ejemplos que dieron y siguen dando muchos de sus seguidores, implant\u00e1ndose en todo el Imperio Romano, y eso que tuvieron 10 persecuciones. Tambi\u00e9n se tienen en cuenta los que s\u00ed que cumplieron \u00a0y ayudaron an extender por el mundo su mensaje. Se tiene en cuenta figuras relevantes que creen que el sigue vivo, y tambi\u00e9n los que lo niegan y no creen en su mensaje. C\u00f3mo no pod\u00eda ser de otro modo se contempla lo que dicen los personajes modernos, tanto a favor, como men contra.<\/h3>\n<h3 dir=\"auto\">Se habla de c\u00f3mo los seguidores, en este caso Espa\u00f1a principalmente, viven su mensaje a trav\u00e9s de diferentes acciones, se explicaba lo que hace la Iglesia cat\u00f3lica y tambi\u00e9n la que es la segunda en expansi\u00f3n la Evang\u00e9lica. A trav\u00e9s de ellos, como dice el Apocalipsis sigue viviendo, adem\u00e1s de para los creyentes en el Sacramento Eucar\u00edstico.<\/h3>\n<h3 dir=\"auto\">Resumiendo se desgrana lo principal que ha acontecido para que una gran parte de la humanidad a donde lleg\u00f3 su mensaje siga creyendo el \u00c9l y eso que sus seguidores en dichos casos Papas incluidos no lo han seguido.<\/h3>\n<p><img loading=\"lazy\" decoding=\"async\" class=\"alignleft wp-image-15353 size-full\" src=\"https:\/\/www.liceodeourense.com\/2.0\/wp-content\/uploads\/IMG-20230329-WA0011.jpg\" alt=\"\" width=\"1600\" height=\"1066\" srcset=\"https:\/\/www.liceodeourense.com\/2.0\/wp-content\/uploads\/IMG-20230329-WA0011.jpg 1600w, https:\/\/www.liceodeourense.com\/2.0\/wp-content\/uploads\/IMG-20230329-WA0011-300x200.jpg 300w, https:\/\/www.liceodeourense.com\/2.0\/wp-content\/uploads\/IMG-20230329-WA0011-1024x682.jpg 1024w, https:\/\/www.liceodeourense.com\/2.0\/wp-content\/uploads\/IMG-20230329-WA0011-768x512.jpg 768w, https:\/\/www.liceodeourense.com\/2.0\/wp-content\/uploads\/IMG-20230329-WA0011-1536x1023.jpg 1536w\" sizes=\"auto, (max-width: 1600px) 100vw, 1600px\" \/><img loading=\"lazy\" decoding=\"async\" class=\"alignleft wp-image-15241 size-large\" src=\"https:\/\/www.liceodeourense.com\/2.0\/wp-content\/uploads\/CONFERENCIA-JACINTO-SEARA-3-724x1024.jpg\" alt=\"\" width=\"640\" height=\"905\" srcset=\"https:\/\/www.liceodeourense.com\/2.0\/wp-content\/uploads\/CONFERENCIA-JACINTO-SEARA-3-724x1024.jpg 724w, https:\/\/www.liceodeourense.com\/2.0\/wp-content\/uploads\/CONFERENCIA-JACINTO-SEARA-3-212x300.jpg 212w, https:\/\/www.liceodeourense.com\/2.0\/wp-content\/uploads\/CONFERENCIA-JACINTO-SEARA-3-768x1086.jpg 768w, https:\/\/www.liceodeourense.com\/2.0\/wp-content\/uploads\/CONFERENCIA-JACINTO-SEARA-3-1087x1536.jpg 1087w, https:\/\/www.liceodeourense.com\/2.0\/wp-content\/uploads\/CONFERENCIA-JACINTO-SEARA-3-1449x2048.jpg 1449w, https:\/\/www.liceodeourense.com\/2.0\/wp-content\/uploads\/CONFERENCIA-JACINTO-SEARA-3.jpg 1526w\" sizes=\"auto, (max-width: 640px) 100vw, 640px\" \/><\/p>\n","protected":false},"excerpt":{"rendered":"<p>En la tarde de hoy D. Jacinto Seara Amigo, F\u00edsico nuclea, y miembro de la Junta Directiva del Liceo, pronunci\u00f3 una Conferencia con el t\u00edtulo \u00abJes\u00fas de Nazaret vivi\u00f3 \u00bfvive?\u00bb. La presentaci\u00f3n corri\u00f3 a cargo del tambi\u00e9n directivo Jos\u00e9 Luis Fern\u00e1ndez Carnicero. Se trata de ver toda lo importante que es Jes\u00fas de Nazaret, y [&hellip;]<\/p>\n","protected":false},"author":2,"featured_media":15355,"comment_status":"open","ping_status":"closed","sticky":false,"template":"","format":"standard","meta":{"footnotes":""},"categories":[43],"tags":[],"class_list":["post-15351","post","type-post","status-publish","format-standard","has-post-thumbnail","hentry","category-conferencias"],"_links":{"self":[{"href":"https:\/\/www.liceodeourense.com\/2.0\/index.php?rest_route=\/wp\/v2\/posts\/15351","targetHints":{"allow":["GET"]}}],"collection":[{"href":"https:\/\/www.liceodeourense.com\/2.0\/index.php?rest_route=\/wp\/v2\/posts"}],"about":[{"href":"https:\/\/www.liceodeourense.com\/2.0\/index.php?rest_route=\/wp\/v2\/types\/post"}],"author":[{"embeddable":true,"href":"https:\/\/www.liceodeourense.com\/2.0\/index.php?rest_route=\/wp\/v2\/users\/2"}],"replies":[{"embeddable":true,"href":"https:\/\/www.liceodeourense.com\/2.0\/index.php?rest_route=%2Fwp%2Fv2%2Fcomments&post=15351"}],"version-history":[{"count":3,"href":"https:\/\/www.liceodeourense.com\/2.0\/index.php?rest_route=\/wp\/v2\/posts\/15351\/revisions"}],"predecessor-version":[{"id":15366,"href":"https:\/\/www.liceodeourense.com\/2.0\/index.php?rest_route=\/wp\/v2\/posts\/15351\/revisions\/15366"}],"wp:featuredmedia":[{"embeddable":true,"href":"https:\/\/www.liceodeourense.com\/2.0\/index.php?rest_route=\/wp\/v2\/media\/15355"}],"wp:attachment":[{"href":"https:\/\/www.liceodeourense.com\/2.0\/index.php?rest_route=%2Fwp%2Fv2%2Fmedia&parent=15351"}],"wp:term":[{"taxonomy":"category","embeddable":true,"href":"https:\/\/www.liceodeourense.com\/2.0\/index.php?rest_route=%2Fwp%2Fv2%2Fcategories&post=15351"},{"taxonomy":"post_tag","embeddable":true,"href":"https:\/\/www.liceodeourense.com\/2.0\/index.php?rest_route=%2Fwp%2Fv2%2Ftags&post=15351"}],"curies":[{"name":"wp","href":"https:\/\/api.w.org\/{rel}","templated":true}]}}