{"id":15229,"date":"2023-03-06T22:48:54","date_gmt":"2023-03-06T21:48:54","guid":{"rendered":"https:\/\/www.liceodeourense.com\/2.0\/?p=15229"},"modified":"2023-03-07T11:55:24","modified_gmt":"2023-03-07T10:55:24","slug":"precioso-concerto-das-pandereteiras-do-liceo-para-conmemorar-o-dia-da-muller","status":"publish","type":"post","link":"https:\/\/www.liceodeourense.com\/2.0\/?p=15229","title":{"rendered":"PRECIOSO CONCERTO DAS PANDERETEIRAS DO LICEO PARA CONMEMORAR O D\u00cdA DA MULLER"},"content":{"rendered":"<h2>Precioso Concerto o que disfrutamos hoxe no Liceo interpretado polas\u00a0Pandereteiras do Liceo para conmemorar o D\u00eda Muller, un acto que queremos dende o Liceo que quede institucionalizado dene a nosa Entidade, estiveron acompa\u00f1adas por Humberto Cao, pianista do Coral do Liceo, e colaborador musical do Liceo. Adem\u00e1is da intrepretaci\u00f3n a gaita de Ana Belen Rguez. Andr\u00e9 (Profesora e directora das Pandereteiras do Liceo) e Manuel Lorenzo Tall\u00f3n.<\/h2>\n<h2>Moitas gracias a todos os que nos acoma\u00f1\u00e1stedes nesta tarde no Liceo.<\/h2>\n<p><img loading=\"lazy\" decoding=\"async\" class=\"alignleft wp-image-15231 size-full\" src=\"https:\/\/www.liceodeourense.com\/2.0\/wp-content\/uploads\/PANDERETEIRAS-LICEO-02-1.jpg\" alt=\"\" width=\"730\" height=\"547\" srcset=\"https:\/\/www.liceodeourense.com\/2.0\/wp-content\/uploads\/PANDERETEIRAS-LICEO-02-1.jpg 730w, https:\/\/www.liceodeourense.com\/2.0\/wp-content\/uploads\/PANDERETEIRAS-LICEO-02-1-300x225.jpg 300w\" sizes=\"auto, (max-width: 730px) 100vw, 730px\" \/> <img loading=\"lazy\" decoding=\"async\" class=\"alignleft wp-image-15232 size-full\" src=\"https:\/\/www.liceodeourense.com\/2.0\/wp-content\/uploads\/PANDERETEIRAS-LICEO-03-1.jpg\" alt=\"\" width=\"684\" height=\"912\" srcset=\"https:\/\/www.liceodeourense.com\/2.0\/wp-content\/uploads\/PANDERETEIRAS-LICEO-03-1.jpg 684w, https:\/\/www.liceodeourense.com\/2.0\/wp-content\/uploads\/PANDERETEIRAS-LICEO-03-1-225x300.jpg 225w\" sizes=\"auto, (max-width: 684px) 100vw, 684px\" \/> <img loading=\"lazy\" decoding=\"async\" class=\"alignleft wp-image-15233 size-full\" src=\"https:\/\/www.liceodeourense.com\/2.0\/wp-content\/uploads\/PANDERETEIRAS-LICEO-04-1.jpg\" alt=\"\" width=\"547\" height=\"730\" srcset=\"https:\/\/www.liceodeourense.com\/2.0\/wp-content\/uploads\/PANDERETEIRAS-LICEO-04-1.jpg 547w, https:\/\/www.liceodeourense.com\/2.0\/wp-content\/uploads\/PANDERETEIRAS-LICEO-04-1-225x300.jpg 225w\" sizes=\"auto, (max-width: 547px) 100vw, 547px\" \/> <img loading=\"lazy\" decoding=\"async\" class=\"alignleft wp-image-15234 size-full\" src=\"https:\/\/www.liceodeourense.com\/2.0\/wp-content\/uploads\/PANDERETEIRAS-LICEO-05-1.jpg\" alt=\"\" width=\"547\" height=\"730\" srcset=\"https:\/\/www.liceodeourense.com\/2.0\/wp-content\/uploads\/PANDERETEIRAS-LICEO-05-1.jpg 547w, https:\/\/www.liceodeourense.com\/2.0\/wp-content\/uploads\/PANDERETEIRAS-LICEO-05-1-225x300.jpg 225w\" sizes=\"auto, (max-width: 547px) 100vw, 547px\" \/><img loading=\"lazy\" decoding=\"async\" class=\"alignleft wp-image-15162 size-large\" src=\"https:\/\/www.liceodeourense.com\/2.0\/wp-content\/uploads\/PANDERETEIRAS-LICEO-724x1024.jpg\" alt=\"\" width=\"640\" height=\"905\" srcset=\"https:\/\/www.liceodeourense.com\/2.0\/wp-content\/uploads\/PANDERETEIRAS-LICEO-724x1024.jpg 724w, https:\/\/www.liceodeourense.com\/2.0\/wp-content\/uploads\/PANDERETEIRAS-LICEO-212x300.jpg 212w, https:\/\/www.liceodeourense.com\/2.0\/wp-content\/uploads\/PANDERETEIRAS-LICEO-768x1086.jpg 768w, https:\/\/www.liceodeourense.com\/2.0\/wp-content\/uploads\/PANDERETEIRAS-LICEO-1086x1536.jpg 1086w, https:\/\/www.liceodeourense.com\/2.0\/wp-content\/uploads\/PANDERETEIRAS-LICEO.jpg 1283w\" sizes=\"auto, (max-width: 640px) 100vw, 640px\" \/><\/p>\n","protected":false},"excerpt":{"rendered":"<p>Precioso Concerto o que disfrutamos hoxe no Liceo interpretado polas\u00a0Pandereteiras do Liceo para conmemorar o D\u00eda Muller, un acto que queremos dende o Liceo que quede institucionalizado dene a nosa Entidade, estiveron acompa\u00f1adas por Humberto Cao, pianista do Coral do Liceo, e colaborador musical do Liceo. Adem\u00e1is da intrepretaci\u00f3n a gaita de Ana Belen Rguez. [&hellip;]<\/p>\n","protected":false},"author":2,"featured_media":15230,"comment_status":"open","ping_status":"closed","sticky":false,"template":"","format":"standard","meta":{"footnotes":""},"categories":[5,21],"tags":[],"class_list":["post-15229","post","type-post","status-publish","format-standard","has-post-thumbnail","hentry","category-musica","category-musica-concertos-patio-de-columnas"],"_links":{"self":[{"href":"https:\/\/www.liceodeourense.com\/2.0\/index.php?rest_route=\/wp\/v2\/posts\/15229","targetHints":{"allow":["GET"]}}],"collection":[{"href":"https:\/\/www.liceodeourense.com\/2.0\/index.php?rest_route=\/wp\/v2\/posts"}],"about":[{"href":"https:\/\/www.liceodeourense.com\/2.0\/index.php?rest_route=\/wp\/v2\/types\/post"}],"author":[{"embeddable":true,"href":"https:\/\/www.liceodeourense.com\/2.0\/index.php?rest_route=\/wp\/v2\/users\/2"}],"replies":[{"embeddable":true,"href":"https:\/\/www.liceodeourense.com\/2.0\/index.php?rest_route=%2Fwp%2Fv2%2Fcomments&post=15229"}],"version-history":[{"count":1,"href":"https:\/\/www.liceodeourense.com\/2.0\/index.php?rest_route=\/wp\/v2\/posts\/15229\/revisions"}],"predecessor-version":[{"id":15235,"href":"https:\/\/www.liceodeourense.com\/2.0\/index.php?rest_route=\/wp\/v2\/posts\/15229\/revisions\/15235"}],"wp:featuredmedia":[{"embeddable":true,"href":"https:\/\/www.liceodeourense.com\/2.0\/index.php?rest_route=\/wp\/v2\/media\/15230"}],"wp:attachment":[{"href":"https:\/\/www.liceodeourense.com\/2.0\/index.php?rest_route=%2Fwp%2Fv2%2Fmedia&parent=15229"}],"wp:term":[{"taxonomy":"category","embeddable":true,"href":"https:\/\/www.liceodeourense.com\/2.0\/index.php?rest_route=%2Fwp%2Fv2%2Fcategories&post=15229"},{"taxonomy":"post_tag","embeddable":true,"href":"https:\/\/www.liceodeourense.com\/2.0\/index.php?rest_route=%2Fwp%2Fv2%2Ftags&post=15229"}],"curies":[{"name":"wp","href":"https:\/\/api.w.org\/{rel}","templated":true}]}}