{"id":15013,"date":"2023-01-21T22:31:34","date_gmt":"2023-01-21T21:31:34","guid":{"rendered":"https:\/\/www.liceodeourense.com\/2.0\/?p=15013"},"modified":"2023-01-24T11:31:49","modified_gmt":"2023-01-24T10:31:49","slug":"un-anino-mais-xaneiro-adrian-diz","status":"publish","type":"post","link":"https:\/\/www.liceodeourense.com\/2.0\/?p=15013","title":{"rendered":"UN ANI\u00d1O M\u00c1IS&#8230; XANEIRO&#8230; ADRI\u00c1N DIZ&#8230;.."},"content":{"rendered":"<h3>Un concerto habitual no mes de xaneiro, no noso Liceo, ven sendo dende hai 6 anos, o concerto do m\u00fasico ourens\u00e1n ADRIAN DIZ, que a pesar da s\u00faa xuventude fai un percorrido pola m\u00fasica de autor dos anos 80 e 90, adem\u00e1is de composici\u00f3ns propias. Precioso concerto o que nos ofreceu una vez m\u00e1is no d\u00eda de hoxe, acompa\u00f1ado polo bo amigo Kevin Gonz\u00e1lez Cardenas.<\/h3>\n<h3>Gracias a todos os que nos acompa\u00f1\u00e1stedes neste viaxe musical, e gracias a Adrian e Kevin por nos ofrecer unha vez m\u00e1is a s\u00faa m\u00fasica, os amigos que os sub\u00edstedes o escenario e a todos por facernos pasar unha tarde distinta e agradable.<\/h3>\n<p>&nbsp;<\/p>\n<p><img loading=\"lazy\" decoding=\"async\" class=\"alignleft wp-image-15015 size-full\" src=\"https:\/\/www.liceodeourense.com\/2.0\/wp-content\/uploads\/ADRIAN-2023-02.jpg\" alt=\"\" width=\"730\" height=\"547\" srcset=\"https:\/\/www.liceodeourense.com\/2.0\/wp-content\/uploads\/ADRIAN-2023-02.jpg 730w, https:\/\/www.liceodeourense.com\/2.0\/wp-content\/uploads\/ADRIAN-2023-02-300x225.jpg 300w\" sizes=\"auto, (max-width: 730px) 100vw, 730px\" \/> <img loading=\"lazy\" decoding=\"async\" class=\"alignleft wp-image-15016 size-full\" src=\"https:\/\/www.liceodeourense.com\/2.0\/wp-content\/uploads\/ADRIAN-2023-03.jpg\" alt=\"\" width=\"730\" height=\"547\" srcset=\"https:\/\/www.liceodeourense.com\/2.0\/wp-content\/uploads\/ADRIAN-2023-03.jpg 730w, https:\/\/www.liceodeourense.com\/2.0\/wp-content\/uploads\/ADRIAN-2023-03-300x225.jpg 300w\" sizes=\"auto, (max-width: 730px) 100vw, 730px\" \/><img loading=\"lazy\" decoding=\"async\" class=\"alignleft wp-image-14957 \" src=\"https:\/\/www.liceodeourense.com\/2.0\/wp-content\/uploads\/ADRIANKEVIN-724x1024.jpg\" alt=\"\" width=\"728\" height=\"1029\" srcset=\"https:\/\/www.liceodeourense.com\/2.0\/wp-content\/uploads\/ADRIANKEVIN-724x1024.jpg 724w, https:\/\/www.liceodeourense.com\/2.0\/wp-content\/uploads\/ADRIANKEVIN-212x300.jpg 212w, https:\/\/www.liceodeourense.com\/2.0\/wp-content\/uploads\/ADRIANKEVIN-768x1086.jpg 768w, https:\/\/www.liceodeourense.com\/2.0\/wp-content\/uploads\/ADRIANKEVIN-1086x1536.jpg 1086w, https:\/\/www.liceodeourense.com\/2.0\/wp-content\/uploads\/ADRIANKEVIN.jpg 1283w\" sizes=\"auto, (max-width: 728px) 100vw, 728px\" \/><\/p>\n","protected":false},"excerpt":{"rendered":"<p>Un concerto habitual no mes de xaneiro, no noso Liceo, ven sendo dende hai 6 anos, o concerto do m\u00fasico ourens\u00e1n ADRIAN DIZ, que a pesar da s\u00faa xuventude fai un percorrido pola m\u00fasica de autor dos anos 80 e 90, adem\u00e1is de composici\u00f3ns propias. Precioso concerto o que nos ofreceu una vez m\u00e1is no [&hellip;]<\/p>\n","protected":false},"author":2,"featured_media":15014,"comment_status":"open","ping_status":"closed","sticky":false,"template":"","format":"standard","meta":{"footnotes":""},"categories":[5,21],"tags":[],"class_list":["post-15013","post","type-post","status-publish","format-standard","has-post-thumbnail","hentry","category-musica","category-musica-concertos-patio-de-columnas"],"_links":{"self":[{"href":"https:\/\/www.liceodeourense.com\/2.0\/index.php?rest_route=\/wp\/v2\/posts\/15013","targetHints":{"allow":["GET"]}}],"collection":[{"href":"https:\/\/www.liceodeourense.com\/2.0\/index.php?rest_route=\/wp\/v2\/posts"}],"about":[{"href":"https:\/\/www.liceodeourense.com\/2.0\/index.php?rest_route=\/wp\/v2\/types\/post"}],"author":[{"embeddable":true,"href":"https:\/\/www.liceodeourense.com\/2.0\/index.php?rest_route=\/wp\/v2\/users\/2"}],"replies":[{"embeddable":true,"href":"https:\/\/www.liceodeourense.com\/2.0\/index.php?rest_route=%2Fwp%2Fv2%2Fcomments&post=15013"}],"version-history":[{"count":1,"href":"https:\/\/www.liceodeourense.com\/2.0\/index.php?rest_route=\/wp\/v2\/posts\/15013\/revisions"}],"predecessor-version":[{"id":15017,"href":"https:\/\/www.liceodeourense.com\/2.0\/index.php?rest_route=\/wp\/v2\/posts\/15013\/revisions\/15017"}],"wp:featuredmedia":[{"embeddable":true,"href":"https:\/\/www.liceodeourense.com\/2.0\/index.php?rest_route=\/wp\/v2\/media\/15014"}],"wp:attachment":[{"href":"https:\/\/www.liceodeourense.com\/2.0\/index.php?rest_route=%2Fwp%2Fv2%2Fmedia&parent=15013"}],"wp:term":[{"taxonomy":"category","embeddable":true,"href":"https:\/\/www.liceodeourense.com\/2.0\/index.php?rest_route=%2Fwp%2Fv2%2Fcategories&post=15013"},{"taxonomy":"post_tag","embeddable":true,"href":"https:\/\/www.liceodeourense.com\/2.0\/index.php?rest_route=%2Fwp%2Fv2%2Ftags&post=15013"}],"curies":[{"name":"wp","href":"https:\/\/api.w.org\/{rel}","templated":true}]}}