{"id":14950,"date":"2023-01-07T20:47:52","date_gmt":"2023-01-07T19:47:52","guid":{"rendered":"https:\/\/www.liceodeourense.com\/2.0\/?p=14950"},"modified":"2023-01-09T10:55:18","modified_gmt":"2023-01-09T09:55:18","slug":"interesantisima-proposta-de-ainhoa-martinez","status":"publish","type":"post","link":"https:\/\/www.liceodeourense.com\/2.0\/?p=14950","title":{"rendered":"Interesant\u00edsima proposta de Ainhoa Mart\u00ednez."},"content":{"rendered":"<h3><img loading=\"lazy\" decoding=\"async\" class=\"alignleft wp-image-14952 size-full\" src=\"https:\/\/www.liceodeourense.com\/2.0\/wp-content\/uploads\/AINHOA-MARTINEZ-02.jpg\" alt=\"\" width=\"547\" height=\"730\" srcset=\"https:\/\/www.liceodeourense.com\/2.0\/wp-content\/uploads\/AINHOA-MARTINEZ-02.jpg 547w, https:\/\/www.liceodeourense.com\/2.0\/wp-content\/uploads\/AINHOA-MARTINEZ-02-225x300.jpg 225w\" sizes=\"auto, (max-width: 547px) 100vw, 547px\" \/><\/h3>\n<h3><\/h3>\n<h3>Interesant\u00edsima proposta o mon\u00f3logo musical chamado \u00abCantos de Serea\u00bb, un espect\u00e1culo cuia creaci\u00f3n e interpretaci\u00f3n \u00e9 de Ainhoa Mart\u00ednez, e que nos ofreceu este s\u00e1bado no Sal\u00f3n Noble do Liceo. Unha preciosa voz e una m\u00e1is que interesante posta en escea.. Moitas gracias Ainhoa, oxal\u00e1 que nos volvamos a encontrar, dende logo tes abertas as portas do Liceo cando do desexes.<\/h3>\n<p><img loading=\"lazy\" decoding=\"async\" class=\"alignleft wp-image-14864 size-full\" src=\"https:\/\/www.liceodeourense.com\/2.0\/wp-content\/uploads\/AINHOA-MARTINEZ.jpg\" alt=\"\" width=\"1052\" height=\"1489\" srcset=\"https:\/\/www.liceodeourense.com\/2.0\/wp-content\/uploads\/AINHOA-MARTINEZ.jpg 1052w, https:\/\/www.liceodeourense.com\/2.0\/wp-content\/uploads\/AINHOA-MARTINEZ-212x300.jpg 212w, https:\/\/www.liceodeourense.com\/2.0\/wp-content\/uploads\/AINHOA-MARTINEZ-723x1024.jpg 723w, https:\/\/www.liceodeourense.com\/2.0\/wp-content\/uploads\/AINHOA-MARTINEZ-768x1087.jpg 768w\" sizes=\"auto, (max-width: 1052px) 100vw, 1052px\" \/><\/p>\n<h2><\/h2>\n<h2><\/h2>\n","protected":false},"excerpt":{"rendered":"<p>Interesant\u00edsima proposta o mon\u00f3logo musical chamado \u00abCantos de Serea\u00bb, un espect\u00e1culo cuia creaci\u00f3n e interpretaci\u00f3n \u00e9 de Ainhoa Mart\u00ednez, e que nos ofreceu este s\u00e1bado no Sal\u00f3n Noble do Liceo. Unha preciosa voz e una m\u00e1is que interesante posta en escea.. Moitas gracias Ainhoa, oxal\u00e1 que nos volvamos a encontrar, dende logo tes abertas as [&hellip;]<\/p>\n","protected":false},"author":2,"featured_media":14951,"comment_status":"open","ping_status":"closed","sticky":false,"template":"","format":"standard","meta":{"footnotes":""},"categories":[56,19,5],"tags":[],"class_list":["post-14950","post","type-post","status-publish","format-standard","has-post-thumbnail","hentry","category-infantil","category-monologos","category-musica"],"_links":{"self":[{"href":"https:\/\/www.liceodeourense.com\/2.0\/index.php?rest_route=\/wp\/v2\/posts\/14950","targetHints":{"allow":["GET"]}}],"collection":[{"href":"https:\/\/www.liceodeourense.com\/2.0\/index.php?rest_route=\/wp\/v2\/posts"}],"about":[{"href":"https:\/\/www.liceodeourense.com\/2.0\/index.php?rest_route=\/wp\/v2\/types\/post"}],"author":[{"embeddable":true,"href":"https:\/\/www.liceodeourense.com\/2.0\/index.php?rest_route=\/wp\/v2\/users\/2"}],"replies":[{"embeddable":true,"href":"https:\/\/www.liceodeourense.com\/2.0\/index.php?rest_route=%2Fwp%2Fv2%2Fcomments&post=14950"}],"version-history":[{"count":1,"href":"https:\/\/www.liceodeourense.com\/2.0\/index.php?rest_route=\/wp\/v2\/posts\/14950\/revisions"}],"predecessor-version":[{"id":14953,"href":"https:\/\/www.liceodeourense.com\/2.0\/index.php?rest_route=\/wp\/v2\/posts\/14950\/revisions\/14953"}],"wp:featuredmedia":[{"embeddable":true,"href":"https:\/\/www.liceodeourense.com\/2.0\/index.php?rest_route=\/wp\/v2\/media\/14951"}],"wp:attachment":[{"href":"https:\/\/www.liceodeourense.com\/2.0\/index.php?rest_route=%2Fwp%2Fv2%2Fmedia&parent=14950"}],"wp:term":[{"taxonomy":"category","embeddable":true,"href":"https:\/\/www.liceodeourense.com\/2.0\/index.php?rest_route=%2Fwp%2Fv2%2Fcategories&post=14950"},{"taxonomy":"post_tag","embeddable":true,"href":"https:\/\/www.liceodeourense.com\/2.0\/index.php?rest_route=%2Fwp%2Fv2%2Ftags&post=14950"}],"curies":[{"name":"wp","href":"https:\/\/api.w.org\/{rel}","templated":true}]}}