{"id":14947,"date":"2023-01-08T20:45:47","date_gmt":"2023-01-08T19:45:47","guid":{"rendered":"https:\/\/www.liceodeourense.com\/2.0\/?p=14947"},"modified":"2023-01-09T11:01:31","modified_gmt":"2023-01-09T10:01:31","slug":"concerto-de-aninovo-no-liceo-de-ourense-da-banda-de-musica-asociacion-cultural-musica-e-cultura-de-galicia","status":"publish","type":"post","link":"https:\/\/www.liceodeourense.com\/2.0\/?p=14947","title":{"rendered":"CONCERTO DE ANINOVO NO LICEO DE OURENSE da Banda  de M\u00fasica Asociaci\u00f3n Cultural M\u00fasica e Cultura de Galicia"},"content":{"rendered":"<h2><img loading=\"lazy\" decoding=\"async\" class=\"alignleft wp-image-14941 size-full\" src=\"https:\/\/www.liceodeourense.com\/2.0\/wp-content\/uploads\/CONCERTO-ANINOVO-23-02.jpg\" alt=\"\" width=\"547\" height=\"730\" srcset=\"https:\/\/www.liceodeourense.com\/2.0\/wp-content\/uploads\/CONCERTO-ANINOVO-23-02.jpg 547w, https:\/\/www.liceodeourense.com\/2.0\/wp-content\/uploads\/CONCERTO-ANINOVO-23-02-225x300.jpg 225w\" sizes=\"auto, (max-width: 547px) 100vw, 547px\" \/>Como xa ven sendo habitual hoxe tivo lugar o extraordinario CONCERTO DE ANINOVO no Liceo de Ourense interpretado pola Banda de M\u00fasica da Asociaci\u00f3n Cultural M\u00fasica e Cultura de Galicia, unha agrupaci\u00f3n con m\u00fasicos moi novos, pero xa excelentes mestres, que fixeron as delicias de todos os que abarrotaron o Sal\u00f3n Noble da nosa Entidade. O noso agradecementos a todos os m\u00fasicos da Banda,\u00a0 o seu Director, Jos\u00e9 Manuel Dopazo, a todas as persoas que nos acompa\u00f1aron, e tam\u00e9n a Diputaci\u00f3n Provincial de Ourense polo seu apoio nesta actividade.<\/h2>\n<p><iframe loading=\"lazy\" title=\"CONCERTO DE ANINOVO NO LICEO da Banda  de M\u00fasica Asociaci\u00f3n Cultural M\u00fasica e Cultura de Galicia\" width=\"640\" height=\"360\" src=\"https:\/\/www.youtube.com\/embed\/PtmPO8u7XHA?feature=oembed\" frameborder=\"0\" allow=\"accelerometer; autoplay; clipboard-write; encrypted-media; gyroscope; picture-in-picture; web-share\" referrerpolicy=\"strict-origin-when-cross-origin\" allowfullscreen><\/iframe><\/p>\n<p><iframe loading=\"lazy\" title=\"CONCERTO DE ANINOVO NO LICEO DA Banda  de M\u00fasica Asociaci\u00f3n Cultural M\u00fasica e Cultura de Galicia\" width=\"640\" height=\"360\" src=\"https:\/\/www.youtube.com\/embed\/QZe8525LK-Y?feature=oembed\" frameborder=\"0\" allow=\"accelerometer; autoplay; clipboard-write; encrypted-media; gyroscope; picture-in-picture; web-share\" referrerpolicy=\"strict-origin-when-cross-origin\" allowfullscreen><\/iframe><\/p>\n<p><iframe loading=\"lazy\" title=\"CONCERTO ANINOVO Banda  de M\u00fasica Asociaci\u00f3n Cultural M\u00fasica e Cultura de Galicia\" width=\"640\" height=\"360\" src=\"https:\/\/www.youtube.com\/embed\/wrUq67SgifA?feature=oembed\" frameborder=\"0\" allow=\"accelerometer; autoplay; clipboard-write; encrypted-media; gyroscope; picture-in-picture; web-share\" referrerpolicy=\"strict-origin-when-cross-origin\" allowfullscreen><\/iframe><\/p>\n<p><img loading=\"lazy\" decoding=\"async\" class=\"alignleft wp-image-14942 size-full\" src=\"https:\/\/www.liceodeourense.com\/2.0\/wp-content\/uploads\/CONCERTO-ANINOVO-23-03.jpg\" alt=\"\" width=\"730\" height=\"547\" srcset=\"https:\/\/www.liceodeourense.com\/2.0\/wp-content\/uploads\/CONCERTO-ANINOVO-23-03.jpg 730w, https:\/\/www.liceodeourense.com\/2.0\/wp-content\/uploads\/CONCERTO-ANINOVO-23-03-300x225.jpg 300w\" sizes=\"auto, (max-width: 730px) 100vw, 730px\" \/><\/p>\n<p><img loading=\"lazy\" decoding=\"async\" class=\"alignleft wp-image-14943 size-full\" src=\"https:\/\/www.liceodeourense.com\/2.0\/wp-content\/uploads\/CONCERTO-ANINOVO-23-04.jpg\" alt=\"\" width=\"730\" height=\"547\" srcset=\"https:\/\/www.liceodeourense.com\/2.0\/wp-content\/uploads\/CONCERTO-ANINOVO-23-04.jpg 730w, https:\/\/www.liceodeourense.com\/2.0\/wp-content\/uploads\/CONCERTO-ANINOVO-23-04-300x225.jpg 300w\" sizes=\"auto, (max-width: 730px) 100vw, 730px\" \/> <img loading=\"lazy\" decoding=\"async\" class=\"alignleft wp-image-14945 size-full\" src=\"https:\/\/www.liceodeourense.com\/2.0\/wp-content\/uploads\/CONCERTO-ANINOVO-23-06.jpg\" alt=\"\" width=\"1024\" height=\"768\" srcset=\"https:\/\/www.liceodeourense.com\/2.0\/wp-content\/uploads\/CONCERTO-ANINOVO-23-06.jpg 1024w, https:\/\/www.liceodeourense.com\/2.0\/wp-content\/uploads\/CONCERTO-ANINOVO-23-06-300x225.jpg 300w, https:\/\/www.liceodeourense.com\/2.0\/wp-content\/uploads\/CONCERTO-ANINOVO-23-06-768x576.jpg 768w\" sizes=\"auto, (max-width: 1024px) 100vw, 1024px\" \/> <img loading=\"lazy\" decoding=\"async\" class=\"alignleft wp-image-14944 size-full\" src=\"https:\/\/www.liceodeourense.com\/2.0\/wp-content\/uploads\/CONCERTO-ANINOVO-23-05.jpg\" alt=\"\" width=\"730\" height=\"547\" srcset=\"https:\/\/www.liceodeourense.com\/2.0\/wp-content\/uploads\/CONCERTO-ANINOVO-23-05.jpg 730w, https:\/\/www.liceodeourense.com\/2.0\/wp-content\/uploads\/CONCERTO-ANINOVO-23-05-300x225.jpg 300w\" sizes=\"auto, (max-width: 730px) 100vw, 730px\" \/><img loading=\"lazy\" decoding=\"async\" class=\"alignleft wp-image-14926 size-full\" src=\"https:\/\/www.liceodeourense.com\/2.0\/wp-content\/uploads\/CONCIERTO-BANDA-DE-MUSICA.jpg\" alt=\"\" width=\"1328\" height=\"1877\" srcset=\"https:\/\/www.liceodeourense.com\/2.0\/wp-content\/uploads\/CONCIERTO-BANDA-DE-MUSICA.jpg 1328w, https:\/\/www.liceodeourense.com\/2.0\/wp-content\/uploads\/CONCIERTO-BANDA-DE-MUSICA-212x300.jpg 212w, https:\/\/www.liceodeourense.com\/2.0\/wp-content\/uploads\/CONCIERTO-BANDA-DE-MUSICA-724x1024.jpg 724w, https:\/\/www.liceodeourense.com\/2.0\/wp-content\/uploads\/CONCIERTO-BANDA-DE-MUSICA-768x1085.jpg 768w, https:\/\/www.liceodeourense.com\/2.0\/wp-content\/uploads\/CONCIERTO-BANDA-DE-MUSICA-1087x1536.jpg 1087w\" sizes=\"auto, (max-width: 1328px) 100vw, 1328px\" \/><\/p>\n<p>&nbsp;<\/p>\n","protected":false},"excerpt":{"rendered":"<p>Como xa ven sendo habitual hoxe tivo lugar o extraordinario CONCERTO DE ANINOVO no Liceo de Ourense interpretado pola Banda de M\u00fasica da Asociaci\u00f3n Cultural M\u00fasica e Cultura de Galicia, unha agrupaci\u00f3n con m\u00fasicos moi novos, pero xa excelentes mestres, que fixeron as delicias de todos os que abarrotaron o Sal\u00f3n Noble da nosa Entidade. [&hellip;]<\/p>\n","protected":false},"author":2,"featured_media":14940,"comment_status":"open","ping_status":"closed","sticky":false,"template":"","format":"standard","meta":{"footnotes":""},"categories":[5],"tags":[],"class_list":["post-14947","post","type-post","status-publish","format-standard","has-post-thumbnail","hentry","category-musica"],"_links":{"self":[{"href":"https:\/\/www.liceodeourense.com\/2.0\/index.php?rest_route=\/wp\/v2\/posts\/14947","targetHints":{"allow":["GET"]}}],"collection":[{"href":"https:\/\/www.liceodeourense.com\/2.0\/index.php?rest_route=\/wp\/v2\/posts"}],"about":[{"href":"https:\/\/www.liceodeourense.com\/2.0\/index.php?rest_route=\/wp\/v2\/types\/post"}],"author":[{"embeddable":true,"href":"https:\/\/www.liceodeourense.com\/2.0\/index.php?rest_route=\/wp\/v2\/users\/2"}],"replies":[{"embeddable":true,"href":"https:\/\/www.liceodeourense.com\/2.0\/index.php?rest_route=%2Fwp%2Fv2%2Fcomments&post=14947"}],"version-history":[{"count":3,"href":"https:\/\/www.liceodeourense.com\/2.0\/index.php?rest_route=\/wp\/v2\/posts\/14947\/revisions"}],"predecessor-version":[{"id":14954,"href":"https:\/\/www.liceodeourense.com\/2.0\/index.php?rest_route=\/wp\/v2\/posts\/14947\/revisions\/14954"}],"wp:featuredmedia":[{"embeddable":true,"href":"https:\/\/www.liceodeourense.com\/2.0\/index.php?rest_route=\/wp\/v2\/media\/14940"}],"wp:attachment":[{"href":"https:\/\/www.liceodeourense.com\/2.0\/index.php?rest_route=%2Fwp%2Fv2%2Fmedia&parent=14947"}],"wp:term":[{"taxonomy":"category","embeddable":true,"href":"https:\/\/www.liceodeourense.com\/2.0\/index.php?rest_route=%2Fwp%2Fv2%2Fcategories&post=14947"},{"taxonomy":"post_tag","embeddable":true,"href":"https:\/\/www.liceodeourense.com\/2.0\/index.php?rest_route=%2Fwp%2Fv2%2Ftags&post=14947"}],"curies":[{"name":"wp","href":"https:\/\/api.w.org\/{rel}","templated":true}]}}