{"id":14558,"date":"2022-09-22T08:55:09","date_gmt":"2022-09-22T07:55:09","guid":{"rendered":"https:\/\/www.liceodeourense.com\/2.0\/?p=14558"},"modified":"2022-09-22T09:05:20","modified_gmt":"2022-09-22T08:05:20","slug":"conferencia-jacinto-seara-amigo-con-el-titulo-como-se-inicio-el-universo-habia-algo-antes","status":"publish","type":"post","link":"https:\/\/www.liceodeourense.com\/2.0\/?p=14558","title":{"rendered":"Conferencia Jacinto Seara Amigo, con el t\u00edtulo \u00ab\u00bfC\u00f3mo se inici\u00f3 el universo? \u00bfHab\u00eda algo antes?\u00bb."},"content":{"rendered":"<p>Interesant\u00edsima Conferencia la que imparti\u00f3 hoy el f\u00edsico nuclear y directivo del Liceo, Jacinto Seara Amigo, con el t\u00edtulo \u00ab\u00bfC\u00f3mo se inici\u00f3 el universo? \u00bfHab\u00eda algo antes?\u00bb. Una exposici\u00f3n clara y divulgativa para un tema tan denso y complicado como el que abord\u00f3, que hizo que numeros\u00edsimo p\u00fablico que lleno en sal\u00f3n no perdiera la atenci\u00f3n de la intervenci\u00f3n de Seara Amigo. La conferencia puede escucharse integra en el siguiente link del Instituto de la Familia que emiti\u00f3 la misma en directo por youtube.<\/p>\n<p>https:\/\/youtu.be\/aXdg_kJ45vs<\/p>\n<p><img loading=\"lazy\" decoding=\"async\" class=\"alignleft wp-image-14560 size-full\" src=\"https:\/\/www.liceodeourense.com\/2.0\/wp-content\/uploads\/JACINTO-SEARA-AMIGO02.jpg\" alt=\"\" width=\"912\" height=\"684\" srcset=\"https:\/\/www.liceodeourense.com\/2.0\/wp-content\/uploads\/JACINTO-SEARA-AMIGO02.jpg 912w, https:\/\/www.liceodeourense.com\/2.0\/wp-content\/uploads\/JACINTO-SEARA-AMIGO02-300x225.jpg 300w, https:\/\/www.liceodeourense.com\/2.0\/wp-content\/uploads\/JACINTO-SEARA-AMIGO02-768x576.jpg 768w\" sizes=\"auto, (max-width: 912px) 100vw, 912px\" \/><img loading=\"lazy\" decoding=\"async\" class=\"alignleft wp-image-14526 size-large\" src=\"https:\/\/www.liceodeourense.com\/2.0\/wp-content\/uploads\/CONFERENCIA-JACINTO-SEARA-2-724x1024.jpg\" alt=\"\" width=\"640\" height=\"905\" srcset=\"https:\/\/www.liceodeourense.com\/2.0\/wp-content\/uploads\/CONFERENCIA-JACINTO-SEARA-2-724x1024.jpg 724w, https:\/\/www.liceodeourense.com\/2.0\/wp-content\/uploads\/CONFERENCIA-JACINTO-SEARA-2-212x300.jpg 212w, https:\/\/www.liceodeourense.com\/2.0\/wp-content\/uploads\/CONFERENCIA-JACINTO-SEARA-2-768x1086.jpg 768w, https:\/\/www.liceodeourense.com\/2.0\/wp-content\/uploads\/CONFERENCIA-JACINTO-SEARA-2-1087x1536.jpg 1087w, https:\/\/www.liceodeourense.com\/2.0\/wp-content\/uploads\/CONFERENCIA-JACINTO-SEARA-2-1449x2048.jpg 1449w, https:\/\/www.liceodeourense.com\/2.0\/wp-content\/uploads\/CONFERENCIA-JACINTO-SEARA-2.jpg 1526w\" sizes=\"auto, (max-width: 640px) 100vw, 640px\" \/><\/p>\n","protected":false},"excerpt":{"rendered":"<p>Interesant\u00edsima Conferencia la que imparti\u00f3 hoy el f\u00edsico nuclear y directivo del Liceo, Jacinto Seara Amigo, con el t\u00edtulo \u00ab\u00bfC\u00f3mo se inici\u00f3 el universo? \u00bfHab\u00eda algo antes?\u00bb. Una exposici\u00f3n clara y divulgativa para un tema tan denso y complicado como el que abord\u00f3, que hizo que numeros\u00edsimo p\u00fablico que lleno en sal\u00f3n no perdiera la [&hellip;]<\/p>\n","protected":false},"author":2,"featured_media":14559,"comment_status":"open","ping_status":"closed","sticky":false,"template":"","format":"standard","meta":{"footnotes":""},"categories":[43],"tags":[],"class_list":["post-14558","post","type-post","status-publish","format-standard","has-post-thumbnail","hentry","category-conferencias"],"_links":{"self":[{"href":"https:\/\/www.liceodeourense.com\/2.0\/index.php?rest_route=\/wp\/v2\/posts\/14558","targetHints":{"allow":["GET"]}}],"collection":[{"href":"https:\/\/www.liceodeourense.com\/2.0\/index.php?rest_route=\/wp\/v2\/posts"}],"about":[{"href":"https:\/\/www.liceodeourense.com\/2.0\/index.php?rest_route=\/wp\/v2\/types\/post"}],"author":[{"embeddable":true,"href":"https:\/\/www.liceodeourense.com\/2.0\/index.php?rest_route=\/wp\/v2\/users\/2"}],"replies":[{"embeddable":true,"href":"https:\/\/www.liceodeourense.com\/2.0\/index.php?rest_route=%2Fwp%2Fv2%2Fcomments&post=14558"}],"version-history":[{"count":2,"href":"https:\/\/www.liceodeourense.com\/2.0\/index.php?rest_route=\/wp\/v2\/posts\/14558\/revisions"}],"predecessor-version":[{"id":14563,"href":"https:\/\/www.liceodeourense.com\/2.0\/index.php?rest_route=\/wp\/v2\/posts\/14558\/revisions\/14563"}],"wp:featuredmedia":[{"embeddable":true,"href":"https:\/\/www.liceodeourense.com\/2.0\/index.php?rest_route=\/wp\/v2\/media\/14559"}],"wp:attachment":[{"href":"https:\/\/www.liceodeourense.com\/2.0\/index.php?rest_route=%2Fwp%2Fv2%2Fmedia&parent=14558"}],"wp:term":[{"taxonomy":"category","embeddable":true,"href":"https:\/\/www.liceodeourense.com\/2.0\/index.php?rest_route=%2Fwp%2Fv2%2Fcategories&post=14558"},{"taxonomy":"post_tag","embeddable":true,"href":"https:\/\/www.liceodeourense.com\/2.0\/index.php?rest_route=%2Fwp%2Fv2%2Ftags&post=14558"}],"curies":[{"name":"wp","href":"https:\/\/api.w.org\/{rel}","templated":true}]}}