{"id":14428,"date":"2022-06-20T22:24:55","date_gmt":"2022-06-20T21:24:55","guid":{"rendered":"https:\/\/www.liceodeourense.com\/2.0\/?p=14428"},"modified":"2022-06-22T08:34:52","modified_gmt":"2022-06-22T07:34:52","slug":"presentacion-novela-stella-estrada","status":"publish","type":"post","link":"https:\/\/www.liceodeourense.com\/2.0\/?p=14428","title":{"rendered":"Presentaci\u00f3n novela STELLA ESTRADA."},"content":{"rendered":"<h3><img loading=\"lazy\" decoding=\"async\" class=\"alignleft wp-image-14431 size-full\" src=\"https:\/\/www.liceodeourense.com\/2.0\/wp-content\/uploads\/STELLA_ESTRADA_02.jpg\" alt=\"\" width=\"730\" height=\"547\" srcset=\"https:\/\/www.liceodeourense.com\/2.0\/wp-content\/uploads\/STELLA_ESTRADA_02.jpg 730w, https:\/\/www.liceodeourense.com\/2.0\/wp-content\/uploads\/STELLA_ESTRADA_02-300x225.jpg 300w\" sizes=\"auto, (max-width: 730px) 100vw, 730px\" \/><\/h3>\n<h3>En la tarde de hoy, en un ABARROTADO\u00a0 Sal\u00f3n Noble del Liceo, tuvo lugar la presentaci\u00f3n de la nueva novela de Stella Estrada, \u2018\u2018Bajo el Limonero\u2019\u2019 .\u00a0 Un precioso acto en el que intervinieron\u00a0 Gustavo Garrido, Mauricio Chaves-Bustos y Lola Figueiras.<\/h3>\n<h3>Gustavo hizo de mantenedor del acto, a\u00fan sin que dejara pasar la ocasi\u00f3n para hablar de la novela de Stella y de sus obras anteriores destacando su narrativa. Lola Figueiras destac\u00f3 el valor de la amistad, el lenguaje de las obras de nuestra protagonista de hoy, y sobre todo Lola nos habl\u00f3 de la importancia de escuchar, de escuchar a los dem\u00e1s, la necesidad y la paciencia para escuchar. Por \u00faltimo\u00a0 Mauricio Chaves-Bustos, conocedor de la literatura hispano-americana, y en especial la Colombiana, hizo un repaso de toda esta literatura y de sus autores, muchos de ellos desconocidos para el p\u00fablico en general, pero que son la esencia e importantes en la narrativa de nuestra autora de hoy. Finalmente fue el turno de Stella Estrada, emocionada por la cantidad de amigos que le acompa\u00f1aban hoy, dio las gracias a todos, y record\u00f3 a su familia, a su padre y a su madre que quiso acompa\u00f1arle en esta tarde tan especial para ella. La aportaci\u00f3n musical al piano a cargo de Jos\u00e9 Luis Fern\u00e1ndez Carnicero, que interpret\u00f3 una obra compuesta para Stella complement\u00f3 brillantemente este acto.<\/h3>\n<p><img loading=\"lazy\" decoding=\"async\" class=\"alignleft wp-image-14432 size-full\" src=\"https:\/\/www.liceodeourense.com\/2.0\/wp-content\/uploads\/STELLA_ESTRADA_05.jpg\" alt=\"\" width=\"547\" height=\"730\" srcset=\"https:\/\/www.liceodeourense.com\/2.0\/wp-content\/uploads\/STELLA_ESTRADA_05.jpg 547w, https:\/\/www.liceodeourense.com\/2.0\/wp-content\/uploads\/STELLA_ESTRADA_05-225x300.jpg 225w\" sizes=\"auto, (max-width: 547px) 100vw, 547px\" \/> <img loading=\"lazy\" decoding=\"async\" class=\"alignleft wp-image-14433 size-full\" src=\"https:\/\/www.liceodeourense.com\/2.0\/wp-content\/uploads\/STELLA_ESTRADA_06.jpg\" alt=\"\" width=\"547\" height=\"730\" srcset=\"https:\/\/www.liceodeourense.com\/2.0\/wp-content\/uploads\/STELLA_ESTRADA_06.jpg 547w, https:\/\/www.liceodeourense.com\/2.0\/wp-content\/uploads\/STELLA_ESTRADA_06-225x300.jpg 225w\" sizes=\"auto, (max-width: 547px) 100vw, 547px\" \/> <img loading=\"lazy\" decoding=\"async\" class=\"alignleft wp-image-14434 size-full\" src=\"https:\/\/www.liceodeourense.com\/2.0\/wp-content\/uploads\/STELLA_ESTRADA_07.jpg\" alt=\"\" width=\"730\" height=\"547\" srcset=\"https:\/\/www.liceodeourense.com\/2.0\/wp-content\/uploads\/STELLA_ESTRADA_07.jpg 730w, https:\/\/www.liceodeourense.com\/2.0\/wp-content\/uploads\/STELLA_ESTRADA_07-300x225.jpg 300w\" sizes=\"auto, (max-width: 730px) 100vw, 730px\" \/> <img loading=\"lazy\" decoding=\"async\" class=\"alignleft wp-image-14435 size-full\" src=\"https:\/\/www.liceodeourense.com\/2.0\/wp-content\/uploads\/STELLA_ESTRADA_08.jpg\" alt=\"\" width=\"547\" height=\"730\" srcset=\"https:\/\/www.liceodeourense.com\/2.0\/wp-content\/uploads\/STELLA_ESTRADA_08.jpg 547w, https:\/\/www.liceodeourense.com\/2.0\/wp-content\/uploads\/STELLA_ESTRADA_08-225x300.jpg 225w\" sizes=\"auto, (max-width: 547px) 100vw, 547px\" \/><\/p>\n<h4>Bajo el limonero, o c\u00f3mo revisitar el Pac\u00edfico colombiano a trav\u00e9s de una relaci\u00f3n epistolar. Esta es la idea que mejor resume lo que el lector se encontrar\u00e1 si decide adentrarse en la novela de Stella Estrada: una obra que combina magistralmente la agilidad del g\u00e9nero epistolar con la profundidad de la prosa que, a\u00fan desprovista de cualquier adorno superfluo, cincela con precisi\u00f3n quir\u00fargica y una inteligencia entre ir\u00f3nica y nost\u00e1lgica los personajes y situaciones que pueblan sus recuerdos.<\/h4>\n<h4>Un viaje, por tanto, en el espacio y en el tiempo, surfeando con h\u00e1bil destreza las embestidas de los recuersos que, de cogernos desprevenidos, podr\u00edan conducirnos al naufragio cotidiano en el que pueden convertirse nuestras incursiones retrospectivas. La autora sabe llevarnos de la mano al escenario donde creci\u00f3, donde ech\u00f3 ra\u00edces, y al que sabe regresar sin temor a perder el norte.<\/h4>\n<p><img loading=\"lazy\" decoding=\"async\" class=\"alignleft wp-image-14437 size-full\" src=\"https:\/\/www.liceodeourense.com\/2.0\/wp-content\/uploads\/STELLA_ESTRADA_10.jpg\" alt=\"\" width=\"1024\" height=\"768\" srcset=\"https:\/\/www.liceodeourense.com\/2.0\/wp-content\/uploads\/STELLA_ESTRADA_10.jpg 1024w, https:\/\/www.liceodeourense.com\/2.0\/wp-content\/uploads\/STELLA_ESTRADA_10-300x225.jpg 300w, https:\/\/www.liceodeourense.com\/2.0\/wp-content\/uploads\/STELLA_ESTRADA_10-768x576.jpg 768w\" sizes=\"auto, (max-width: 1024px) 100vw, 1024px\" \/> <img loading=\"lazy\" decoding=\"async\" class=\"alignleft wp-image-14436 size-full\" src=\"https:\/\/www.liceodeourense.com\/2.0\/wp-content\/uploads\/STELLA_ESTRADA_09.jpg\" alt=\"\" width=\"1024\" height=\"768\" srcset=\"https:\/\/www.liceodeourense.com\/2.0\/wp-content\/uploads\/STELLA_ESTRADA_09.jpg 1024w, https:\/\/www.liceodeourense.com\/2.0\/wp-content\/uploads\/STELLA_ESTRADA_09-300x225.jpg 300w, https:\/\/www.liceodeourense.com\/2.0\/wp-content\/uploads\/STELLA_ESTRADA_09-768x576.jpg 768w\" sizes=\"auto, (max-width: 1024px) 100vw, 1024px\" \/><img loading=\"lazy\" decoding=\"async\" class=\"alignleft wp-image-14387 size-full\" src=\"https:\/\/www.liceodeourense.com\/2.0\/wp-content\/uploads\/STELLA_Pagina_2.jpg\" alt=\"\" width=\"1232\" height=\"1190\" srcset=\"https:\/\/www.liceodeourense.com\/2.0\/wp-content\/uploads\/STELLA_Pagina_2.jpg 1232w, https:\/\/www.liceodeourense.com\/2.0\/wp-content\/uploads\/STELLA_Pagina_2-300x290.jpg 300w, https:\/\/www.liceodeourense.com\/2.0\/wp-content\/uploads\/STELLA_Pagina_2-1024x989.jpg 1024w, https:\/\/www.liceodeourense.com\/2.0\/wp-content\/uploads\/STELLA_Pagina_2-768x742.jpg 768w\" sizes=\"auto, (max-width: 1232px) 100vw, 1232px\" \/> <img loading=\"lazy\" decoding=\"async\" class=\"alignleft wp-image-14386 size-full\" src=\"https:\/\/www.liceodeourense.com\/2.0\/wp-content\/uploads\/STELLA_Pagina_1.jpg\" alt=\"\" width=\"1161\" height=\"2505\" srcset=\"https:\/\/www.liceodeourense.com\/2.0\/wp-content\/uploads\/STELLA_Pagina_1.jpg 1161w, https:\/\/www.liceodeourense.com\/2.0\/wp-content\/uploads\/STELLA_Pagina_1-139x300.jpg 139w, https:\/\/www.liceodeourense.com\/2.0\/wp-content\/uploads\/STELLA_Pagina_1-475x1024.jpg 475w, https:\/\/www.liceodeourense.com\/2.0\/wp-content\/uploads\/STELLA_Pagina_1-768x1657.jpg 768w, https:\/\/www.liceodeourense.com\/2.0\/wp-content\/uploads\/STELLA_Pagina_1-712x1536.jpg 712w, https:\/\/www.liceodeourense.com\/2.0\/wp-content\/uploads\/STELLA_Pagina_1-949x2048.jpg 949w\" sizes=\"auto, (max-width: 1161px) 100vw, 1161px\" \/><\/p>\n<h4><\/h4>\n","protected":false},"excerpt":{"rendered":"<p>En la tarde de hoy, en un ABARROTADO\u00a0 Sal\u00f3n Noble del Liceo, tuvo lugar la presentaci\u00f3n de la nueva novela de Stella Estrada, \u2018\u2018Bajo el Limonero\u2019\u2019 .\u00a0 Un precioso acto en el que intervinieron\u00a0 Gustavo Garrido, Mauricio Chaves-Bustos y Lola Figueiras. Gustavo hizo de mantenedor del acto, a\u00fan sin que dejara pasar la ocasi\u00f3n para [&hellip;]<\/p>\n","protected":false},"author":2,"featured_media":14430,"comment_status":"open","ping_status":"closed","sticky":false,"template":"","format":"standard","meta":{"footnotes":""},"categories":[46,6,1],"tags":[],"class_list":["post-14428","post","type-post","status-publish","format-standard","has-post-thumbnail","hentry","category-presentacions-literarias","category-seccion-literatura","category-sin-categoria"],"_links":{"self":[{"href":"https:\/\/www.liceodeourense.com\/2.0\/index.php?rest_route=\/wp\/v2\/posts\/14428","targetHints":{"allow":["GET"]}}],"collection":[{"href":"https:\/\/www.liceodeourense.com\/2.0\/index.php?rest_route=\/wp\/v2\/posts"}],"about":[{"href":"https:\/\/www.liceodeourense.com\/2.0\/index.php?rest_route=\/wp\/v2\/types\/post"}],"author":[{"embeddable":true,"href":"https:\/\/www.liceodeourense.com\/2.0\/index.php?rest_route=\/wp\/v2\/users\/2"}],"replies":[{"embeddable":true,"href":"https:\/\/www.liceodeourense.com\/2.0\/index.php?rest_route=%2Fwp%2Fv2%2Fcomments&post=14428"}],"version-history":[{"count":3,"href":"https:\/\/www.liceodeourense.com\/2.0\/index.php?rest_route=\/wp\/v2\/posts\/14428\/revisions"}],"predecessor-version":[{"id":14439,"href":"https:\/\/www.liceodeourense.com\/2.0\/index.php?rest_route=\/wp\/v2\/posts\/14428\/revisions\/14439"}],"wp:featuredmedia":[{"embeddable":true,"href":"https:\/\/www.liceodeourense.com\/2.0\/index.php?rest_route=\/wp\/v2\/media\/14430"}],"wp:attachment":[{"href":"https:\/\/www.liceodeourense.com\/2.0\/index.php?rest_route=%2Fwp%2Fv2%2Fmedia&parent=14428"}],"wp:term":[{"taxonomy":"category","embeddable":true,"href":"https:\/\/www.liceodeourense.com\/2.0\/index.php?rest_route=%2Fwp%2Fv2%2Fcategories&post=14428"},{"taxonomy":"post_tag","embeddable":true,"href":"https:\/\/www.liceodeourense.com\/2.0\/index.php?rest_route=%2Fwp%2Fv2%2Ftags&post=14428"}],"curies":[{"name":"wp","href":"https:\/\/api.w.org\/{rel}","templated":true}]}}