{"id":14327,"date":"2022-06-08T22:52:28","date_gmt":"2022-06-08T21:52:28","guid":{"rendered":"https:\/\/www.liceodeourense.com\/2.0\/?p=14327"},"modified":"2022-06-15T10:35:48","modified_gmt":"2022-06-15T09:35:48","slug":"ciclo-no-liceo-recordando-a-carlos-vazquez-tanco","status":"publish","type":"post","link":"https:\/\/www.liceodeourense.com\/2.0\/?p=14327","title":{"rendered":"Ciclo ..no Liceo recordando a&#8230; Carlos V\u00e1zquez .. TANCO"},"content":{"rendered":"<h3>O Liceo de Ourense prosigue coa programaci\u00f3n do \u2018\u2018Ciclo recordando a&#8230;\u2019\u2019 personaxes da nosa cidade e provincia, nesta ocasi\u00f3n para lembrar unha das persoas m\u00e1is singulares na historia da cidade de auria, Carlos V\u00e1zquez Rodr\u00edguez, e a s\u00faa LIBRERIA TANCO, lugar indiscutible de cultura e liberdade.\u00a0 O acto tivo lugar hoxe\u00a0 cunha mesa na que participaron, Xes\u00fas Alonso Montero; Manuel Pe\u00f1a-Rey; Gonzalo Sueiro; Luis Antonio V\u00e1zquez;\u00a0 presentando e introducindo como xa \u00e9 habitual Delf\u00edn Caseiro.<\/h3>\n<h3>O primeiro en intervir foi Luis Antonio V\u00e1zquez, irm\u00e1n de Carlos, propietario tam\u00e9n da Libreria Tanco, Socio do Liceo, que fixo un percorrido entra\u00f1able, familiar i emotivo da figura de seu irm\u00e1n, facendo un percorrido pola s\u00faa vida vital e\u00a0contando como se fraguou os inicios de\u00a0 Graficas Tanco.<\/h3>\n<h3>A continuaci\u00f3n foron Gonzalo Sueiro; Manuel Pe\u00f1a-Rey e Xes\u00fas Alonso Montero, os tres destacaron do noso homenaxeado o seu compromiso coa liberade, coa cultura, cos libros, a s\u00faa xenerosidade incluso pondo en perigo a s\u00faa integridade f\u00edsica nuns tempos oscuros e dif\u00edciles. Os tres relataron as s\u00faas vivencias o car\u00f3n de Carlos V\u00e1zquez, e os tres reclamaron o reco\u00f1ecemento das instituci\u00f3ns e do concello para adicarlle unha r\u00faa e recordar de por sempre a figura de Carlos V\u00e1zquez e a s\u00faa labor o frente da Libreria Tanco. Tam\u00e9n quixo decir unhas palabras cheas de emoci\u00f3n e recordo Pilar a primeira empregada da Libreria.<\/h3>\n<h3>O acto abriuse e pechouse cunha intrepretaci\u00f3n musical o piano a cargo do directivo do Liceo de Jos\u00e9 Luis Fern\u00e1ndez Carnicero.<\/h3>\n<h3>Dende o Liceo damos as gracias os participantes deste acto, xunto, merecido e necesario.<\/h3>\n<h3><img loading=\"lazy\" decoding=\"async\" class=\"alignleft wp-image-14328 size-full\" src=\"https:\/\/www.liceodeourense.com\/2.0\/wp-content\/uploads\/TANCO-01.jpg\" alt=\"\" width=\"730\" height=\"547\" srcset=\"https:\/\/www.liceodeourense.com\/2.0\/wp-content\/uploads\/TANCO-01.jpg 730w, https:\/\/www.liceodeourense.com\/2.0\/wp-content\/uploads\/TANCO-01-300x225.jpg 300w\" sizes=\"auto, (max-width: 730px) 100vw, 730px\" \/> <span style=\"color: #0000ff;\">Trascribimos el texto de Luis Antonio V\u00e1zquez, que refleja a la perfecci\u00f3n la vida de Carlos V\u00e1zquez , desde el cari\u00f1o de un hermano:<\/span><\/h3>\n<h3><span style=\"color: #3366ff;\"><em>\u00bbQuiero agradecer la presencia de Vds. a este homenaje a la librer\u00eda Tanco y a <\/em><\/span><span style=\"color: #3366ff;\"><em>su creador mi hermano Carlos, homenaje al que como es natural faltan innumerables <\/em><\/span><span style=\"color: #3366ff;\"><em>asiduos a la librer\u00eda de entonces que han fallecido.<\/em><\/span><br \/>\n<span style=\"color: #3366ff;\"><em>Quiero dar las gracias al Liceo y en especial a su gerente Jos\u00e9 Luis Troitina <\/em><\/span><span style=\"color: #3366ff;\"><em>impulsor fundamental del evento.<\/em><\/span><br \/>\n<span style=\"color: #3366ff;\"><em>En la mesa me acompa\u00f1an tres buenos amigos de Carlos. El profesor Alonso <\/em><\/span><span style=\"color: #3366ff;\"><em>Montero, Manolo Pe\u00f1a Rey y Gonzalo Iglesias Sueiro a quienes agradezco su <\/em><\/span><span style=\"color: #3366ff;\"><em>presencia y testimonio.<\/em><\/span><br \/>\n<span style=\"color: #3366ff;\"><em>Hace aproximadamente 70 a\u00f1os, mis hermanos Santiago y Carlos trabaron <\/em><\/span><span style=\"color: #3366ff;\"><em>amistad con un impresor, Miguel Elizalde, propietario de una imprenta y papeler\u00eda en <\/em><\/span><span style=\"color: #3366ff;\"><em>la calle del paseo que buscaba socios para desarrollar su negocio.<\/em><\/span><br \/>\n<span style=\"color: #3366ff;\"><em>Despu\u00e9s de varias reuniones, mis hermanos deciden entrar en sociedad con la <\/em><\/span><span style=\"color: #3366ff;\"><em>idea de derivar el negocio hacia una librer\u00eda.<\/em><\/span><br \/>\n<span style=\"color: #3366ff;\"><em>Carlos que era profesor de filosof\u00eda, le gustaban los libros y enseguida se <\/em><\/span><span style=\"color: #3366ff;\"><em>entusiasm\u00f3 con el proyecto.<\/em><\/span><br \/>\n<span style=\"color: #3366ff;\"><em>En aquel entonces, hab\u00eda pocas librer\u00edas en Orense, que vend\u00edan sobre todo <\/em><\/span><span style=\"color: #3366ff;\"><em>best sellers y libros de texto. Faltaban librer\u00edas especializadas hacia literatura de <\/em><\/span><span style=\"color: #3366ff;\"><em>actualidad, pol\u00edtica y cultural. La juventud estaba \u00e1vida de conocimiento e informaci\u00f3n <\/em><\/span><span style=\"color: #3366ff;\"><em>de todo lo que ocurr\u00eda en aquella oscuridad que hoy nos parece tan distante.<\/em><\/span><br \/>\n<span style=\"color: #3366ff;\"><em>Al poco tiempo Elizalde decide abandonar la sociedad y fue entonces cuando <\/em><\/span><span style=\"color: #3366ff;\"><em>entramos todos los hermanos V\u00e1zquez y se cre\u00f3 la empresa\u00a0 Gr\u00e1ficas Tanco\u201d, como <\/em><\/span><span style=\"color: #3366ff;\"><em>recuerdo al famoso impresor \u201cTanco\u201d <\/em><\/span><span style=\"color: #3366ff;\"><em>Naturalmente el gerente de la empresa ser\u00eda Carlos.<\/em><\/span><br \/>\n<span style=\"color: #3366ff;\"><em>Por razones de espacio ya que las existencias tendr\u00edan que ir aumentando, se <\/em><\/span><span style=\"color: #3366ff;\"><em>decidi\u00f3 dejar la imprenta que se hab\u00eda quedado antigua y\u00a0 exig\u00eda una fuerte inversi\u00f3n <\/em><\/span><span style=\"color: #3366ff;\"><em>en maquinar\u00eda m\u00e1s moderna, Adem\u00e1s, la idea era potenciar la librer\u00eda.<\/em><\/span><br \/>\n<span style=\"color: #3366ff;\"><em>Se hizo una peque\u00f1a reforma donde hab\u00eda estado la imprenta.<\/em><\/span><br \/>\n<span style=\"color: #3366ff;\"><em>Carlos, esp\u00edritu inquieto, enseguida tom\u00f3 contacto con distintas editoriales <\/em><\/span><span style=\"color: #3366ff;\"><em>suramericanas que editaban libros que aqu\u00ed estaban prohibidos por el R\u00e9gimen y que <\/em><\/span><span style=\"color: #3366ff;\"><em>eran muy demandados por la juventud progresista y poco a poco se form\u00f3 una clientela <\/em><\/span><span style=\"color: #3366ff;\"><em>con inquietudes pol\u00edticas.<\/em><\/span><br \/>\n<span style=\"color: #3366ff;\"><em>Artistas, pintores, escultores y gente de la ense\u00f1anza que asist\u00edan diariamente <\/em><\/span><span style=\"color: #3366ff;\"><em>a ver y comentar sobre la actualidad pol\u00edtica.<\/em><\/span><br \/>\n<span style=\"color: #3366ff;\"><em>En la parte posterior ten\u00edamos una trastienda, supuestamente oculta al p\u00fablico <\/em><\/span><span style=\"color: #3366ff;\"><em>denominada \u201cel Infiernillo\u201d a la cual solo ten\u00edan acceso la\u00a0 gente denominada de <\/em><\/span><span style=\"color: #3366ff;\"><em>confianza.<\/em><\/span><br \/>\n<span style=\"color: #3366ff;\"><em>De todo esto os hablar\u00e1n Pe\u00f1a y Gonzalo ya que formaban parte de los de <\/em><\/span><span style=\"color: #3366ff;\"><em>\u201cconfianza\u201d Carlos tuvo el acierto de buscar y encontrar a un colaborador como Manolo <\/em><\/span><span style=\"color: #3366ff;\"><em>Bugallo recientemente fallecido que era un fen\u00f3meno. Bueno, inteligente, trabajador <\/em><\/span><span style=\"color: #3366ff;\"><em>y con una memoria prodigiosa.<\/em><\/span><br \/>\n<span style=\"color: #3366ff;\"><em>Enseguida se hizo con la actividad que el desconoc\u00eda y con su fabulosa <\/em><\/span><span style=\"color: #3366ff;\"><em>memoria encontraba el libro que se le demandaba entre todo aquel marem\u00e1gnum de <\/em><\/span><span style=\"color: #3366ff;\"><em>existencias.<\/em><\/span><br \/>\n<span style=\"color: #3366ff;\"><em>Le acompa\u00f1aba en la tarea Pili Viso persona fiel a la librer\u00eda e imprescindible.\u00a0<\/em><\/span><br \/>\n<span style=\"color: #3366ff;\"><em>Carlos era un rom\u00e1ntico de los libros, pero no era comerciante. Para \u00e9l eran <\/em><\/span><span style=\"color: #3366ff;\"><em>veh\u00edculos de cultura y conocimiento.<\/em><\/span><br \/>\n<span style=\"color: #3366ff;\"><em>No los ve\u00eda como mercanc\u00eda para obtener beneficio que para \u00e9l era secundario.\u00a0<\/em><\/span><br \/>\n<span style=\"color: #3366ff;\"><em>Todas las posibles ganancias se invert\u00edan en aumentar existencia, digo posibles <\/em><\/span><span style=\"color: #3366ff;\"><em>ganancias por que estas eran escasas.<\/em><\/span><br \/>\n<span style=\"color: #3366ff;\"><em>La Editoriales son las que obten\u00edan beneficios a costa de los libreros, manejando <\/em><\/span><span style=\"color: #3366ff;\"><em>su dinero. Supongo que esto seguir\u00e1 as\u00ed.<\/em><\/span><br \/>\n<span style=\"color: #3366ff;\"><em>Se acomete nueva reforma, escaparate, iluminaci\u00f3n, pavimento, etc. Y se <\/em><\/span><span style=\"color: #3366ff;\"><em>incorpora mi hermana Glor\u00eda al negocio de forma continuada ya que Carlos estaba ya <\/em><\/span><span style=\"color: #3366ff;\"><em>muy enfermo y no resist\u00eda el ajetreo diario del negocio.<\/em><\/span><br \/>\n<span style=\"color: #3366ff;\"><em>Fallece Carlos en el a\u00f1o 72 despu\u00e9s de una complicada operaci\u00f3n de v\u00e1lvulas <\/em><\/span><span style=\"color: #3366ff;\"><em>que le hicieron en Londres ya que aqu\u00ed entonces no se hac\u00edan este tipo de intervenci\u00f3n <\/em><\/span><span style=\"color: #3366ff;\"><em>a coraz\u00f3n abierto. Hoy se hacen a miles en Espa\u00f1a.<\/em><\/span><br \/>\n<span style=\"color: #3366ff;\"><em>Le acompa\u00f1\u00f3 a Londres su querido amigo Pe\u00f1a Rey que estuvo presente en la <\/em><\/span><span style=\"color: #3366ff;\"><em>operaci\u00f3n. Nunca olvid\u00e9, Manolo, todo lo que hiciste por mi hermano y el \u00e1nimo que <\/em><\/span><span style=\"color: #3366ff;\"><em>le distes en momentos tan dif\u00edciles.<\/em><\/span><br \/>\n<span style=\"color: #3366ff;\"><em>Con la muerte de Carlos, Tanco qued\u00f3 hu\u00e9rfano. Carlos era irrepetible, <\/em><\/span><span style=\"color: #3366ff;\"><em>optimista, alegre y de una agudeza y simpat\u00eda enormes.<\/em><\/span><br \/>\n<span style=\"color: #3366ff;\"><em>Muchos de sus alumnos, todos ya jubilados, me hablan de sus clases y de los <\/em><\/span><span style=\"color: #3366ff;\"><em>valores que les trasmit\u00eda desde su ideolog\u00eda de izquierdas. Fue una pena su muerte a <\/em><\/span><span style=\"color: #3366ff;\"><em>los 50 a\u00f1os con las ganas enormes que ten\u00eda de vivir.<\/em><\/span><br \/>\n<span style=\"color: #3366ff;\"><em>La librer\u00eda sigue funcionando con su fama de subversiva (que palabra) hasta que <\/em><\/span><span style=\"color: #3366ff;\"><em>la muerte del Dictador afloja las cosas que pasan a ser normales.<\/em><\/span><br \/>\n<span style=\"color: #3366ff;\"><em>Se incorpora al negocio Moncho Mart\u00ednez, otro buen fichaje que al lado de <\/em><\/span><span style=\"color: #3366ff;\"><em>Manolo y Pilar se hace enseguida con el tema.<\/em><\/span><br \/>\n<span style=\"color: #3366ff;\"><em>Transcurridos los a\u00f1os, por jubilaci\u00f3n de mi hermana, fallecidos tambi\u00e9n mis <\/em><\/span><span style=\"color: #3366ff;\"><em>otros hermanos Santiago y Rafael se decide ceder las existencia a Manolo, Moncho <\/em><\/span><span style=\"color: #3366ff;\"><em>y Pilar que continuaron con Tanco en un nuevo bajo en Cardenal Quevedo. All\u00ed siguen<\/em><\/span><br \/>\n<span style=\"color: #3366ff;\"><em>funcionando y creo que muy bien. Sigue siendo una librer\u00eda puntera en Orense.<\/em><\/span><br \/>\n<span style=\"color: #3366ff;\"><em>Cedo la palabra al profesor Alonso Montero amigo entra\u00f1able de Carlos que os <\/em><\/span><span style=\"color: #3366ff;\"><em>hablar\u00e1 de Tanco y de su actividad pol\u00edtica en aquellos momentos tan dif\u00edciles y <\/em><\/span><span style=\"color: #3366ff;\"><em>emocionantes, donde eramos observados y vigilados desde el Gobierno militar que <\/em><\/span><span style=\"color: #3366ff;\"><em>ten\u00edamos enfrente.<\/em><\/span><br \/>\n<span style=\"color: #3366ff;\"><em>Casualmente el cuartel de los grises estaba situado en los bajos de nuestra <\/em><\/span><span style=\"color: #3366ff;\"><em>casa, o sea vigilados en todo momento. Menos mal que eran los estertores del <\/em><\/span><span style=\"color: #3366ff;\"><em>R\u00e9gimen y nunca pas\u00f3 nada importante.<\/em><\/span><br \/>\n<span style=\"color: #3366ff;\"><em>Como an\u00e9cdota contar\u00e9 que en una ocasi\u00f3n se recibi\u00f3 la visita del Gobernador <\/em><\/span><span style=\"color: #3366ff;\"><em>Civil que pregunt\u00f3 por unos libros de Ruedo Ib\u00e9rico y mi hermana le dijo \u201cBueno <\/em><\/span><span style=\"color: #3366ff;\"><em>supongo que ser\u00e1 Vd. de confianza, puede pasar a la trastienda\u201d. Pas\u00f3 y no ocurri\u00f3 <\/em><\/span><span style=\"color: #3366ff;\"><em>nada.<\/em><\/span><br \/>\n<span style=\"color: #3366ff;\"><em>Muchas gracias por la atenci\u00f3n prestada, Cedo la palabra a mis compa\u00f1eros de <\/em><\/span><span style=\"color: #3366ff;\"><em>mesa.<\/em><\/span><br \/>\n<img loading=\"lazy\" decoding=\"async\" class=\"alignleft wp-image-14330 size-full\" src=\"https:\/\/www.liceodeourense.com\/2.0\/wp-content\/uploads\/TANCO-04.jpg\" alt=\"\" width=\"1024\" height=\"768\" srcset=\"https:\/\/www.liceodeourense.com\/2.0\/wp-content\/uploads\/TANCO-04.jpg 1024w, https:\/\/www.liceodeourense.com\/2.0\/wp-content\/uploads\/TANCO-04-300x225.jpg 300w, https:\/\/www.liceodeourense.com\/2.0\/wp-content\/uploads\/TANCO-04-768x576.jpg 768w\" sizes=\"auto, (max-width: 1024px) 100vw, 1024px\" \/><img loading=\"lazy\" decoding=\"async\" class=\"alignleft wp-image-14279\" src=\"https:\/\/www.liceodeourense.com\/2.0\/wp-content\/uploads\/TANCO_web-284x300.jpg\" alt=\"\" width=\"1023\" height=\"1081\" srcset=\"https:\/\/www.liceodeourense.com\/2.0\/wp-content\/uploads\/TANCO_web-284x300.jpg 284w, https:\/\/www.liceodeourense.com\/2.0\/wp-content\/uploads\/TANCO_web.jpg 618w\" sizes=\"auto, (max-width: 1023px) 100vw, 1023px\" \/><\/h3>\n<p>&nbsp;<\/p>\n<h3><\/h3>\n","protected":false},"excerpt":{"rendered":"<p>O Liceo de Ourense prosigue coa programaci\u00f3n do \u2018\u2018Ciclo recordando a&#8230;\u2019\u2019 personaxes da nosa cidade e provincia, nesta ocasi\u00f3n para lembrar unha das persoas m\u00e1is singulares na historia da cidade de auria, Carlos V\u00e1zquez Rodr\u00edguez, e a s\u00faa LIBRERIA TANCO, lugar indiscutible de cultura e liberdade.\u00a0 O acto tivo lugar hoxe\u00a0 cunha mesa na que [&hellip;]<\/p>\n","protected":false},"author":2,"featured_media":14329,"comment_status":"open","ping_status":"closed","sticky":false,"template":"","format":"standard","meta":{"footnotes":""},"categories":[36],"tags":[],"class_list":["post-14327","post","type-post","status-publish","format-standard","has-post-thumbnail","hentry","category-ciclo-recordando-a"],"_links":{"self":[{"href":"https:\/\/www.liceodeourense.com\/2.0\/index.php?rest_route=\/wp\/v2\/posts\/14327","targetHints":{"allow":["GET"]}}],"collection":[{"href":"https:\/\/www.liceodeourense.com\/2.0\/index.php?rest_route=\/wp\/v2\/posts"}],"about":[{"href":"https:\/\/www.liceodeourense.com\/2.0\/index.php?rest_route=\/wp\/v2\/types\/post"}],"author":[{"embeddable":true,"href":"https:\/\/www.liceodeourense.com\/2.0\/index.php?rest_route=\/wp\/v2\/users\/2"}],"replies":[{"embeddable":true,"href":"https:\/\/www.liceodeourense.com\/2.0\/index.php?rest_route=%2Fwp%2Fv2%2Fcomments&post=14327"}],"version-history":[{"count":3,"href":"https:\/\/www.liceodeourense.com\/2.0\/index.php?rest_route=\/wp\/v2\/posts\/14327\/revisions"}],"predecessor-version":[{"id":14389,"href":"https:\/\/www.liceodeourense.com\/2.0\/index.php?rest_route=\/wp\/v2\/posts\/14327\/revisions\/14389"}],"wp:featuredmedia":[{"embeddable":true,"href":"https:\/\/www.liceodeourense.com\/2.0\/index.php?rest_route=\/wp\/v2\/media\/14329"}],"wp:attachment":[{"href":"https:\/\/www.liceodeourense.com\/2.0\/index.php?rest_route=%2Fwp%2Fv2%2Fmedia&parent=14327"}],"wp:term":[{"taxonomy":"category","embeddable":true,"href":"https:\/\/www.liceodeourense.com\/2.0\/index.php?rest_route=%2Fwp%2Fv2%2Fcategories&post=14327"},{"taxonomy":"post_tag","embeddable":true,"href":"https:\/\/www.liceodeourense.com\/2.0\/index.php?rest_route=%2Fwp%2Fv2%2Ftags&post=14327"}],"curies":[{"name":"wp","href":"https:\/\/api.w.org\/{rel}","templated":true}]}}