{"id":14286,"date":"2022-05-27T22:29:32","date_gmt":"2022-05-27T21:29:32","guid":{"rendered":"https:\/\/www.liceodeourense.com\/2.0\/?p=14286"},"modified":"2022-05-31T12:35:53","modified_gmt":"2022-05-31T11:35:53","slug":"extraordinario-concerto-de-piano-a-4-mans-margarita-viso-juan-duran","status":"publish","type":"post","link":"https:\/\/www.liceodeourense.com\/2.0\/?p=14286","title":{"rendered":"EXTRAORDINARIO Concerto de piano a 4 m\u00e1ns  Margarita Viso &#038; Juan Dur\u00e1n."},"content":{"rendered":"<h3>Hoxe o Sal\u00f3n Noble Liceo acolleu un extraordinario concerto de piano a 4 m\u00e1ns a cargo de Margarita Viso &amp; Juan Dur\u00e1n, adicado o compositor MARCIAL DEL ADALID .\u00a0 Queremos deixar constancia do noso m\u00e1is profundo agradecemento a Juan Dur\u00e1n e Margarita Viso pola s\u00faa grand\u00edsima xenerosidade ao ofrecernos este Concerto, un luxo que poidemos difrutar os que nesta tarde acudimos o Liceo.\u00a0 Oxal\u00e1 nos visitedes moitas veces.<\/h3>\n<h3>Unha pequena rese\u00f1a de Marcial de Adalid.<\/h3>\n<h3>Marcial De Adalid (A Coru\u00f1a 1826-L\u00f3ngora, Oleiros 1881) escribe dende moi novo m\u00fasica para piano s\u00f3, e decir a d\u00faas mans, e segue escribindo m\u00fasica para o que era o seu instrumento ao longo da s\u00faa vida, ata o final. Chama por eso a atenci\u00f3n que as obras que escrib\u00edu para catro mans est\u00e9n concentradas nuns poucos anos entre finais dos anos 60 e principios dos anos 70. P\u00f3dese supo\u00f1er unha raz\u00f3n que explique esto e tal vez te\u00f1a que ver con que neses anos frecuentaba a Sociedad de Cuartetos de Madrid. Al\u00ed estrenase o 16 de febrero de 1868 a Sonata en Sol Mayor, \u00e9 decir a primeira. Os seus int\u00e9rpretes son amigos seus, Mariano V\u00e1zquez e Juan Guelbenzu. Na mesma sociedade esta obra repetirase en 1870 (11 de decembro) a cargo dos piansitas Mendiz\u00e1bal e Zabalza. Creo que estas interpretaci\u00f3ns p\u00fablicas puideron animar a Adalid a escribir este grupo de obras para piano, xa que todo parec\u00eda indicar que o p\u00fablico estaba receptivo a este tipo de m\u00fasica de c\u00e1mara.<br \/>\nEn total, as obras que deixou escritas para piano a catro mans son: \u00abAndantino, Minuetto e Tr\u00edo\u00bb, \u00abSonate\u00bb n\u00ba 1, \u00ab3 Marches\u00bb, \u00abMarche fun\u00e8bre\u00bb (\u00e1 memoria de O\u2019Donell), que foron publicadas en Paris, na editorial Flaxland entre 1868 e 1869 e finalmente a \u00abSonatina\u00bb n\u00ba 2 que rematou en L\u00f3ngora o 21 de outono de 1872. Esta \u00faltima non chegou a ser editada pero o aut\u00f3grafo cons\u00e9rvase na Real Academia Galega. Polo que respecta \u00e1 m\u00fasica propiamente dita p\u00f3dense observar nestas obras, escritas xa por un compositor na s\u00faa plena madurez, varias cousas. En primeiro lugar a s\u00f3lida base t\u00e9cnica do compositor que aborda un x\u00e9nero como a sonata con toda a responsabilidade que eso conleva. Na \u00e9poca os seus contempor\u00e1neos percib\u00edan a Adalid como un compositor de \u00abescola alemana\u00bb o que non \u00e9 desacertado, xa que estudiou concienzudamente as obras de Beethoven da man do seu mestre Moscheles, quen tivera trato persoal con Beethoven.<br \/>\nAinda as\u00ed, e dentro destas formas cl\u00e1sicas, Adalid utiliza ampliamente todos os recursos expresivos do bel canto, como xa fixeran os rom\u00e1nticos pianistas Chopin ou Liszt, porque o bel canto \u00e9 a alma, a raz\u00f3n de ser nunha parte important\u00edsima de toda a m\u00fasica instrumental do s\u00e9culo XIX.<\/h3>\n<h3><img loading=\"lazy\" decoding=\"async\" class=\"alignleft wp-image-14210 size-full\" src=\"https:\/\/www.liceodeourense.com\/2.0\/wp-content\/uploads\/MARGARITA-VISO-JUAN-DURAN.jpg\" alt=\"\" width=\"1283\" height=\"1814\" srcset=\"https:\/\/www.liceodeourense.com\/2.0\/wp-content\/uploads\/MARGARITA-VISO-JUAN-DURAN.jpg 1283w, https:\/\/www.liceodeourense.com\/2.0\/wp-content\/uploads\/MARGARITA-VISO-JUAN-DURAN-212x300.jpg 212w, https:\/\/www.liceodeourense.com\/2.0\/wp-content\/uploads\/MARGARITA-VISO-JUAN-DURAN-724x1024.jpg 724w, https:\/\/www.liceodeourense.com\/2.0\/wp-content\/uploads\/MARGARITA-VISO-JUAN-DURAN-768x1086.jpg 768w, https:\/\/www.liceodeourense.com\/2.0\/wp-content\/uploads\/MARGARITA-VISO-JUAN-DURAN-1086x1536.jpg 1086w\" sizes=\"auto, (max-width: 1283px) 100vw, 1283px\" \/><\/h3>\n","protected":false},"excerpt":{"rendered":"<p>Hoxe o Sal\u00f3n Noble Liceo acolleu un extraordinario concerto de piano a 4 m\u00e1ns a cargo de Margarita Viso &amp; Juan Dur\u00e1n, adicado o compositor MARCIAL DEL ADALID .\u00a0 Queremos deixar constancia do noso m\u00e1is profundo agradecemento a Juan Dur\u00e1n e Margarita Viso pola s\u00faa grand\u00edsima xenerosidade ao ofrecernos este Concerto, un luxo que poidemos [&hellip;]<\/p>\n","protected":false},"author":2,"featured_media":14287,"comment_status":"open","ping_status":"closed","sticky":false,"template":"","format":"standard","meta":{"footnotes":""},"categories":[5],"tags":[],"class_list":["post-14286","post","type-post","status-publish","format-standard","has-post-thumbnail","hentry","category-musica"],"_links":{"self":[{"href":"https:\/\/www.liceodeourense.com\/2.0\/index.php?rest_route=\/wp\/v2\/posts\/14286","targetHints":{"allow":["GET"]}}],"collection":[{"href":"https:\/\/www.liceodeourense.com\/2.0\/index.php?rest_route=\/wp\/v2\/posts"}],"about":[{"href":"https:\/\/www.liceodeourense.com\/2.0\/index.php?rest_route=\/wp\/v2\/types\/post"}],"author":[{"embeddable":true,"href":"https:\/\/www.liceodeourense.com\/2.0\/index.php?rest_route=\/wp\/v2\/users\/2"}],"replies":[{"embeddable":true,"href":"https:\/\/www.liceodeourense.com\/2.0\/index.php?rest_route=%2Fwp%2Fv2%2Fcomments&post=14286"}],"version-history":[{"count":1,"href":"https:\/\/www.liceodeourense.com\/2.0\/index.php?rest_route=\/wp\/v2\/posts\/14286\/revisions"}],"predecessor-version":[{"id":14288,"href":"https:\/\/www.liceodeourense.com\/2.0\/index.php?rest_route=\/wp\/v2\/posts\/14286\/revisions\/14288"}],"wp:featuredmedia":[{"embeddable":true,"href":"https:\/\/www.liceodeourense.com\/2.0\/index.php?rest_route=\/wp\/v2\/media\/14287"}],"wp:attachment":[{"href":"https:\/\/www.liceodeourense.com\/2.0\/index.php?rest_route=%2Fwp%2Fv2%2Fmedia&parent=14286"}],"wp:term":[{"taxonomy":"category","embeddable":true,"href":"https:\/\/www.liceodeourense.com\/2.0\/index.php?rest_route=%2Fwp%2Fv2%2Fcategories&post=14286"},{"taxonomy":"post_tag","embeddable":true,"href":"https:\/\/www.liceodeourense.com\/2.0\/index.php?rest_route=%2Fwp%2Fv2%2Ftags&post=14286"}],"curies":[{"name":"wp","href":"https:\/\/api.w.org\/{rel}","templated":true}]}}