{"id":13843,"date":"2022-03-11T22:44:59","date_gmt":"2022-03-11T21:44:59","guid":{"rendered":"https:\/\/www.liceodeourense.com\/2.0\/?p=13843"},"modified":"2022-03-14T11:11:21","modified_gmt":"2022-03-14T10:11:21","slug":"concerto-pandereteiras-do-liceo-tarde-autenticamente-de-liceo","status":"publish","type":"post","link":"https:\/\/www.liceodeourense.com\/2.0\/?p=13843","title":{"rendered":"CONCERTO PANDERETEIRAS DO LICEO&#8230;. TARDE AUT\u00c9NTICAMENTE DE LICEO&#8230;."},"content":{"rendered":"<p align=\"JUSTIFY\"><a href=\"https:\/\/www.liceodeourense.com\/2.0\/?attachment_id=13844\" rel=\"attachment wp-att-13844\"><img loading=\"lazy\" decoding=\"async\" class=\"alignleft wp-image-13844\" src=\"https:\/\/www.liceodeourense.com\/2.0\/wp-content\/uploads\/PANDERETEIRAS-LICEO-MARZO-2022-1.jpg\" alt=\"\" width=\"765\" height=\"574\" srcset=\"https:\/\/www.liceodeourense.com\/2.0\/wp-content\/uploads\/PANDERETEIRAS-LICEO-MARZO-2022-1.jpg 1024w, https:\/\/www.liceodeourense.com\/2.0\/wp-content\/uploads\/PANDERETEIRAS-LICEO-MARZO-2022-1-300x225.jpg 300w, https:\/\/www.liceodeourense.com\/2.0\/wp-content\/uploads\/PANDERETEIRAS-LICEO-MARZO-2022-1-768x576.jpg 768w, https:\/\/www.liceodeourense.com\/2.0\/wp-content\/uploads\/PANDERETEIRAS-LICEO-MARZO-2022-1-750x563.jpg 750w\" sizes=\"auto, (max-width: 765px) 100vw, 765px\" \/><\/a><\/p>\n<h2 align=\"JUSTIFY\"><span style=\"font-family: Gentium Basic;\"><span style=\"font-size: large;\"><b>Que tarde m\u00e1is bonita pasamos hoxe no Sal\u00f3n Noble do Liceo, unha marabilla, unha actividade moi especial para o Liceo, porque est\u00e1 feita no Liceo, dende O Liceo e por Lice\u00edstas. As\u00ed que tarde para revindicar a nosa Sociedade.<\/b><\/span><\/span><\/h2>\n<h2 align=\"JUSTIFY\"><span style=\"font-family: Gentium Basic;\"><span style=\"font-size: large;\"><b>Este grupo de mulleres que forman as \u00abpandereteiras do Liceo\u00bb apaixoadas polo noso, polo tradicional, xuntanse toda-las tardes dos martes para disfrutar da m\u00fasica da m\u00e1n a s\u00faa profesora Ana Bel\u00e9n Rodr\u00edguez Andr\u00e9. Elas son Juana, Loli, Celia, Marina, Eva, e outra Marina.<\/b><\/span><\/span><\/h2>\n<p align=\"JUSTIFY\"><a href=\"https:\/\/www.liceodeourense.com\/2.0\/?attachment_id=13857\" rel=\"attachment wp-att-13857\"><img loading=\"lazy\" decoding=\"async\" class=\"alignleft wp-image-13857\" src=\"https:\/\/www.liceodeourense.com\/2.0\/wp-content\/uploads\/PANDERETEIRAS-LICEO-MARZO-2022-14.jpg\" alt=\"\" width=\"754\" height=\"358\" srcset=\"https:\/\/www.liceodeourense.com\/2.0\/wp-content\/uploads\/PANDERETEIRAS-LICEO-MARZO-2022-14.jpg 1024w, https:\/\/www.liceodeourense.com\/2.0\/wp-content\/uploads\/PANDERETEIRAS-LICEO-MARZO-2022-14-300x142.jpg 300w, https:\/\/www.liceodeourense.com\/2.0\/wp-content\/uploads\/PANDERETEIRAS-LICEO-MARZO-2022-14-768x365.jpg 768w, https:\/\/www.liceodeourense.com\/2.0\/wp-content\/uploads\/PANDERETEIRAS-LICEO-MARZO-2022-14-750x356.jpg 750w\" sizes=\"auto, (max-width: 754px) 100vw, 754px\" \/><\/a><\/p>\n<p align=\"JUSTIFY\"><span style=\"font-family: Gentium Basic;\"><span style=\"font-size: large;\"><b>Este concerto tam\u00e9n quixomos que servise de homenaxe as mulleres traballadoras&#8230; por iso as mascarillas e os pa\u00f1uelos feitos con todo cari\u00f1oa pola nosa socia PURA FUENTE.<\/b><\/span><\/span><\/p>\n<p align=\"JUSTIFY\"><a href=\"https:\/\/www.liceodeourense.com\/2.0\/?attachment_id=13853\" rel=\"attachment wp-att-13853\"><img loading=\"lazy\" decoding=\"async\" class=\"alignleft wp-image-13853\" src=\"https:\/\/www.liceodeourense.com\/2.0\/wp-content\/uploads\/PANDERETEIRAS-LICEO-MARZO-2022-10.jpg\" alt=\"\" width=\"753\" height=\"242\" srcset=\"https:\/\/www.liceodeourense.com\/2.0\/wp-content\/uploads\/PANDERETEIRAS-LICEO-MARZO-2022-10.jpg 1024w, https:\/\/www.liceodeourense.com\/2.0\/wp-content\/uploads\/PANDERETEIRAS-LICEO-MARZO-2022-10-300x96.jpg 300w, https:\/\/www.liceodeourense.com\/2.0\/wp-content\/uploads\/PANDERETEIRAS-LICEO-MARZO-2022-10-768x247.jpg 768w, https:\/\/www.liceodeourense.com\/2.0\/wp-content\/uploads\/PANDERETEIRAS-LICEO-MARZO-2022-10-750x241.jpg 750w\" sizes=\"auto, (max-width: 753px) 100vw, 753px\" \/><\/a><\/p>\n<p align=\"JUSTIFY\"><span style=\"font-family: Gentium Basic;\"><span style=\"font-size: large;\"><b>O Concerto contou coa intervenci\u00f3n de Luis Humberto Cao,\u00a0 de un xenio, un xenio co que temos a sorte de contar no Liceo, como pianista da Coral, hoxe acordeonistas das pandereteiras, e como pianista no final tam\u00e9n deste concerto no que tivemos as sorte de contar Baldeomero Pav\u00f3n.<\/b><\/span><\/span><\/p>\n<p align=\"JUSTIFY\"><a href=\"https:\/\/www.liceodeourense.com\/2.0\/?attachment_id=13856\" rel=\"attachment wp-att-13856\"><img loading=\"lazy\" decoding=\"async\" class=\"alignleft wp-image-13856\" src=\"https:\/\/www.liceodeourense.com\/2.0\/wp-content\/uploads\/PANDERETEIRAS-LICEO-MARZO-2022-13.jpg\" alt=\"\" width=\"747\" height=\"249\" srcset=\"https:\/\/www.liceodeourense.com\/2.0\/wp-content\/uploads\/PANDERETEIRAS-LICEO-MARZO-2022-13.jpg 1024w, https:\/\/www.liceodeourense.com\/2.0\/wp-content\/uploads\/PANDERETEIRAS-LICEO-MARZO-2022-13-300x100.jpg 300w, https:\/\/www.liceodeourense.com\/2.0\/wp-content\/uploads\/PANDERETEIRAS-LICEO-MARZO-2022-13-768x257.jpg 768w, https:\/\/www.liceodeourense.com\/2.0\/wp-content\/uploads\/PANDERETEIRAS-LICEO-MARZO-2022-13-750x250.jpg 750w\" sizes=\"auto, (max-width: 747px) 100vw, 747px\" \/><\/a><\/p>\n<p align=\"JUSTIFY\"><span style=\"font-family: Gentium Basic;\"><span style=\"font-size: large;\"><b>Como xa dixemos unha tarde preciosa, chea de m\u00fasica, e LICEO, moitas gracias a todos por acompa\u00f1arnos&#8230;\u00a0<\/b><\/span><\/span><\/p>\n<p align=\"JUSTIFY\"><a href=\"https:\/\/www.liceodeourense.com\/2.0\/?attachment_id=13845\" rel=\"attachment wp-att-13845\"><img loading=\"lazy\" decoding=\"async\" class=\"alignleft wp-image-13845\" src=\"https:\/\/www.liceodeourense.com\/2.0\/wp-content\/uploads\/PANDERETEIRAS-LICEO-MARZO-2022-2.jpg\" alt=\"\" width=\"753\" height=\"462\" srcset=\"https:\/\/www.liceodeourense.com\/2.0\/wp-content\/uploads\/PANDERETEIRAS-LICEO-MARZO-2022-2.jpg 1024w, https:\/\/www.liceodeourense.com\/2.0\/wp-content\/uploads\/PANDERETEIRAS-LICEO-MARZO-2022-2-300x184.jpg 300w, https:\/\/www.liceodeourense.com\/2.0\/wp-content\/uploads\/PANDERETEIRAS-LICEO-MARZO-2022-2-768x471.jpg 768w, https:\/\/www.liceodeourense.com\/2.0\/wp-content\/uploads\/PANDERETEIRAS-LICEO-MARZO-2022-2-750x460.jpg 750w\" sizes=\"auto, (max-width: 753px) 100vw, 753px\" \/><\/a> <a href=\"https:\/\/www.liceodeourense.com\/2.0\/?attachment_id=13846\" rel=\"attachment wp-att-13846\"><img loading=\"lazy\" decoding=\"async\" class=\"alignleft wp-image-13846\" src=\"https:\/\/www.liceodeourense.com\/2.0\/wp-content\/uploads\/PANDERETEIRAS-LICEO-MARZO-2022-3.jpg\" alt=\"\" width=\"752\" height=\"451\" srcset=\"https:\/\/www.liceodeourense.com\/2.0\/wp-content\/uploads\/PANDERETEIRAS-LICEO-MARZO-2022-3.jpg 1024w, https:\/\/www.liceodeourense.com\/2.0\/wp-content\/uploads\/PANDERETEIRAS-LICEO-MARZO-2022-3-300x180.jpg 300w, https:\/\/www.liceodeourense.com\/2.0\/wp-content\/uploads\/PANDERETEIRAS-LICEO-MARZO-2022-3-768x461.jpg 768w, https:\/\/www.liceodeourense.com\/2.0\/wp-content\/uploads\/PANDERETEIRAS-LICEO-MARZO-2022-3-750x450.jpg 750w\" sizes=\"auto, (max-width: 752px) 100vw, 752px\" \/><\/a> <a href=\"https:\/\/www.liceodeourense.com\/2.0\/?attachment_id=13847\" rel=\"attachment wp-att-13847\"><img loading=\"lazy\" decoding=\"async\" class=\"alignleft wp-image-13847\" src=\"https:\/\/www.liceodeourense.com\/2.0\/wp-content\/uploads\/PANDERETEIRAS-LICEO-MARZO-2022-4.jpg\" alt=\"\" width=\"746\" height=\"531\" srcset=\"https:\/\/www.liceodeourense.com\/2.0\/wp-content\/uploads\/PANDERETEIRAS-LICEO-MARZO-2022-4.jpg 1024w, https:\/\/www.liceodeourense.com\/2.0\/wp-content\/uploads\/PANDERETEIRAS-LICEO-MARZO-2022-4-300x214.jpg 300w, https:\/\/www.liceodeourense.com\/2.0\/wp-content\/uploads\/PANDERETEIRAS-LICEO-MARZO-2022-4-768x547.jpg 768w, https:\/\/www.liceodeourense.com\/2.0\/wp-content\/uploads\/PANDERETEIRAS-LICEO-MARZO-2022-4-750x534.jpg 750w\" sizes=\"auto, (max-width: 746px) 100vw, 746px\" \/><\/a> <a href=\"https:\/\/www.liceodeourense.com\/2.0\/?attachment_id=13848\" rel=\"attachment wp-att-13848\"><img loading=\"lazy\" decoding=\"async\" class=\"alignleft wp-image-13848\" src=\"https:\/\/www.liceodeourense.com\/2.0\/wp-content\/uploads\/PANDERETEIRAS-LICEO-MARZO-2022-5.jpg\" alt=\"\" width=\"757\" height=\"465\" srcset=\"https:\/\/www.liceodeourense.com\/2.0\/wp-content\/uploads\/PANDERETEIRAS-LICEO-MARZO-2022-5.jpg 1024w, https:\/\/www.liceodeourense.com\/2.0\/wp-content\/uploads\/PANDERETEIRAS-LICEO-MARZO-2022-5-300x184.jpg 300w, https:\/\/www.liceodeourense.com\/2.0\/wp-content\/uploads\/PANDERETEIRAS-LICEO-MARZO-2022-5-768x472.jpg 768w, https:\/\/www.liceodeourense.com\/2.0\/wp-content\/uploads\/PANDERETEIRAS-LICEO-MARZO-2022-5-750x461.jpg 750w\" sizes=\"auto, (max-width: 757px) 100vw, 757px\" \/><\/a> <a href=\"https:\/\/www.liceodeourense.com\/2.0\/?attachment_id=13849\" rel=\"attachment wp-att-13849\"><img loading=\"lazy\" decoding=\"async\" class=\"alignleft wp-image-13849\" src=\"https:\/\/www.liceodeourense.com\/2.0\/wp-content\/uploads\/PANDERETEIRAS-LICEO-MARZO-2022-6.jpg\" alt=\"\" width=\"748\" height=\"481\" srcset=\"https:\/\/www.liceodeourense.com\/2.0\/wp-content\/uploads\/PANDERETEIRAS-LICEO-MARZO-2022-6.jpg 1024w, https:\/\/www.liceodeourense.com\/2.0\/wp-content\/uploads\/PANDERETEIRAS-LICEO-MARZO-2022-6-300x193.jpg 300w, https:\/\/www.liceodeourense.com\/2.0\/wp-content\/uploads\/PANDERETEIRAS-LICEO-MARZO-2022-6-768x494.jpg 768w, https:\/\/www.liceodeourense.com\/2.0\/wp-content\/uploads\/PANDERETEIRAS-LICEO-MARZO-2022-6-750x482.jpg 750w\" sizes=\"auto, (max-width: 748px) 100vw, 748px\" \/><\/a> <a href=\"https:\/\/www.liceodeourense.com\/2.0\/?attachment_id=13850\" rel=\"attachment wp-att-13850\"><img loading=\"lazy\" decoding=\"async\" class=\"alignleft wp-image-13850\" src=\"https:\/\/www.liceodeourense.com\/2.0\/wp-content\/uploads\/PANDERETEIRAS-LICEO-MARZO-2022-7.jpg\" alt=\"\" width=\"749\" height=\"561\" srcset=\"https:\/\/www.liceodeourense.com\/2.0\/wp-content\/uploads\/PANDERETEIRAS-LICEO-MARZO-2022-7.jpg 1024w, https:\/\/www.liceodeourense.com\/2.0\/wp-content\/uploads\/PANDERETEIRAS-LICEO-MARZO-2022-7-300x225.jpg 300w, https:\/\/www.liceodeourense.com\/2.0\/wp-content\/uploads\/PANDERETEIRAS-LICEO-MARZO-2022-7-768x576.jpg 768w, https:\/\/www.liceodeourense.com\/2.0\/wp-content\/uploads\/PANDERETEIRAS-LICEO-MARZO-2022-7-750x563.jpg 750w\" sizes=\"auto, (max-width: 749px) 100vw, 749px\" \/><\/a> <a href=\"https:\/\/www.liceodeourense.com\/2.0\/?attachment_id=13851\" rel=\"attachment wp-att-13851\"><img loading=\"lazy\" decoding=\"async\" class=\"alignleft wp-image-13851\" src=\"https:\/\/www.liceodeourense.com\/2.0\/wp-content\/uploads\/PANDERETEIRAS-LICEO-MARZO-2022-8.jpg\" alt=\"\" width=\"751\" height=\"507\" srcset=\"https:\/\/www.liceodeourense.com\/2.0\/wp-content\/uploads\/PANDERETEIRAS-LICEO-MARZO-2022-8.jpg 1024w, https:\/\/www.liceodeourense.com\/2.0\/wp-content\/uploads\/PANDERETEIRAS-LICEO-MARZO-2022-8-300x202.jpg 300w, https:\/\/www.liceodeourense.com\/2.0\/wp-content\/uploads\/PANDERETEIRAS-LICEO-MARZO-2022-8-768x518.jpg 768w, https:\/\/www.liceodeourense.com\/2.0\/wp-content\/uploads\/PANDERETEIRAS-LICEO-MARZO-2022-8-750x506.jpg 750w\" sizes=\"auto, (max-width: 751px) 100vw, 751px\" \/><\/a> <a href=\"https:\/\/www.liceodeourense.com\/2.0\/?attachment_id=13852\" rel=\"attachment wp-att-13852\"><img loading=\"lazy\" decoding=\"async\" class=\"alignleft wp-image-13852\" src=\"https:\/\/www.liceodeourense.com\/2.0\/wp-content\/uploads\/PANDERETEIRAS-LICEO-MARZO-2022-9.jpg\" alt=\"\" width=\"750\" height=\"532\" srcset=\"https:\/\/www.liceodeourense.com\/2.0\/wp-content\/uploads\/PANDERETEIRAS-LICEO-MARZO-2022-9.jpg 1024w, https:\/\/www.liceodeourense.com\/2.0\/wp-content\/uploads\/PANDERETEIRAS-LICEO-MARZO-2022-9-300x213.jpg 300w, https:\/\/www.liceodeourense.com\/2.0\/wp-content\/uploads\/PANDERETEIRAS-LICEO-MARZO-2022-9-768x545.jpg 768w, https:\/\/www.liceodeourense.com\/2.0\/wp-content\/uploads\/PANDERETEIRAS-LICEO-MARZO-2022-9-750x532.jpg 750w\" sizes=\"auto, (max-width: 750px) 100vw, 750px\" \/><\/a><a href=\"https:\/\/www.liceodeourense.com\/2.0\/?attachment_id=13854\" rel=\"attachment wp-att-13854\"><img loading=\"lazy\" decoding=\"async\" class=\"alignleft wp-image-13854\" src=\"https:\/\/www.liceodeourense.com\/2.0\/wp-content\/uploads\/PANDERETEIRAS-LICEO-MARZO-2022-11.jpg\" alt=\"\" width=\"749\" height=\"559\" srcset=\"https:\/\/www.liceodeourense.com\/2.0\/wp-content\/uploads\/PANDERETEIRAS-LICEO-MARZO-2022-11.jpg 1024w, https:\/\/www.liceodeourense.com\/2.0\/wp-content\/uploads\/PANDERETEIRAS-LICEO-MARZO-2022-11-300x224.jpg 300w, https:\/\/www.liceodeourense.com\/2.0\/wp-content\/uploads\/PANDERETEIRAS-LICEO-MARZO-2022-11-768x574.jpg 768w, https:\/\/www.liceodeourense.com\/2.0\/wp-content\/uploads\/PANDERETEIRAS-LICEO-MARZO-2022-11-750x560.jpg 750w\" sizes=\"auto, (max-width: 749px) 100vw, 749px\" \/><\/a> <a href=\"https:\/\/www.liceodeourense.com\/2.0\/?attachment_id=13855\" rel=\"attachment wp-att-13855\"><img loading=\"lazy\" decoding=\"async\" class=\"alignleft wp-image-13855\" src=\"https:\/\/www.liceodeourense.com\/2.0\/wp-content\/uploads\/PANDERETEIRAS-LICEO-MARZO-2022-12.jpg\" alt=\"\" width=\"749\" height=\"596\" srcset=\"https:\/\/www.liceodeourense.com\/2.0\/wp-content\/uploads\/PANDERETEIRAS-LICEO-MARZO-2022-12.jpg 1024w, https:\/\/www.liceodeourense.com\/2.0\/wp-content\/uploads\/PANDERETEIRAS-LICEO-MARZO-2022-12-300x239.jpg 300w, https:\/\/www.liceodeourense.com\/2.0\/wp-content\/uploads\/PANDERETEIRAS-LICEO-MARZO-2022-12-768x611.jpg 768w, https:\/\/www.liceodeourense.com\/2.0\/wp-content\/uploads\/PANDERETEIRAS-LICEO-MARZO-2022-12-750x597.jpg 750w\" sizes=\"auto, (max-width: 749px) 100vw, 749px\" \/><\/a><a href=\"https:\/\/www.liceodeourense.com\/2.0\/?attachment_id=13859\" rel=\"attachment wp-att-13859\"><img loading=\"lazy\" decoding=\"async\" class=\"alignleft wp-image-13859\" src=\"https:\/\/www.liceodeourense.com\/2.0\/wp-content\/uploads\/PANDERETEIRAS-LICEO-MARZO-2022-16.jpg\" alt=\"\" width=\"751\" height=\"563\" srcset=\"https:\/\/www.liceodeourense.com\/2.0\/wp-content\/uploads\/PANDERETEIRAS-LICEO-MARZO-2022-16.jpg 1024w, https:\/\/www.liceodeourense.com\/2.0\/wp-content\/uploads\/PANDERETEIRAS-LICEO-MARZO-2022-16-300x225.jpg 300w, https:\/\/www.liceodeourense.com\/2.0\/wp-content\/uploads\/PANDERETEIRAS-LICEO-MARZO-2022-16-768x576.jpg 768w, https:\/\/www.liceodeourense.com\/2.0\/wp-content\/uploads\/PANDERETEIRAS-LICEO-MARZO-2022-16-750x563.jpg 750w\" sizes=\"auto, (max-width: 751px) 100vw, 751px\" \/><\/a><a href=\"https:\/\/www.liceodeourense.com\/2.0\/?attachment_id=13779\" rel=\"attachment wp-att-13779\"><img loading=\"lazy\" decoding=\"async\" class=\"alignleft wp-image-13779\" src=\"https:\/\/www.liceodeourense.com\/2.0\/wp-content\/uploads\/1PANDERETEIRAS-LICEO.jpg\" alt=\"\" width=\"756\" height=\"1069\" srcset=\"https:\/\/www.liceodeourense.com\/2.0\/wp-content\/uploads\/1PANDERETEIRAS-LICEO.jpg 1283w, https:\/\/www.liceodeourense.com\/2.0\/wp-content\/uploads\/1PANDERETEIRAS-LICEO-212x300.jpg 212w, https:\/\/www.liceodeourense.com\/2.0\/wp-content\/uploads\/1PANDERETEIRAS-LICEO-724x1024.jpg 724w, https:\/\/www.liceodeourense.com\/2.0\/wp-content\/uploads\/1PANDERETEIRAS-LICEO-768x1086.jpg 768w, https:\/\/www.liceodeourense.com\/2.0\/wp-content\/uploads\/1PANDERETEIRAS-LICEO-1086x1536.jpg 1086w\" sizes=\"auto, (max-width: 756px) 100vw, 756px\" \/><\/a><\/p>\n","protected":false},"excerpt":{"rendered":"<p>Que tarde m\u00e1is bonita pasamos hoxe no Sal\u00f3n Noble do Liceo, unha marabilla, unha actividade moi especial para o Liceo, porque est\u00e1 feita no Liceo, dende O Liceo e por Lice\u00edstas. As\u00ed que tarde para revindicar a nosa Sociedade. Este grupo de mulleres que forman as \u00abpandereteiras do Liceo\u00bb apaixoadas polo noso, polo tradicional, xuntanse [&hellip;]<\/p>\n","protected":false},"author":2,"featured_media":13844,"comment_status":"open","ping_status":"closed","sticky":false,"template":"","format":"standard","meta":{"footnotes":""},"categories":[5,21,23],"tags":[],"class_list":["post-13843","post","type-post","status-publish","format-standard","has-post-thumbnail","hentry","category-musica","category-musica-concertos-patio-de-columnas","category-veladas-musicais"],"_links":{"self":[{"href":"https:\/\/www.liceodeourense.com\/2.0\/index.php?rest_route=\/wp\/v2\/posts\/13843","targetHints":{"allow":["GET"]}}],"collection":[{"href":"https:\/\/www.liceodeourense.com\/2.0\/index.php?rest_route=\/wp\/v2\/posts"}],"about":[{"href":"https:\/\/www.liceodeourense.com\/2.0\/index.php?rest_route=\/wp\/v2\/types\/post"}],"author":[{"embeddable":true,"href":"https:\/\/www.liceodeourense.com\/2.0\/index.php?rest_route=\/wp\/v2\/users\/2"}],"replies":[{"embeddable":true,"href":"https:\/\/www.liceodeourense.com\/2.0\/index.php?rest_route=%2Fwp%2Fv2%2Fcomments&post=13843"}],"version-history":[{"count":3,"href":"https:\/\/www.liceodeourense.com\/2.0\/index.php?rest_route=\/wp\/v2\/posts\/13843\/revisions"}],"predecessor-version":[{"id":13862,"href":"https:\/\/www.liceodeourense.com\/2.0\/index.php?rest_route=\/wp\/v2\/posts\/13843\/revisions\/13862"}],"wp:featuredmedia":[{"embeddable":true,"href":"https:\/\/www.liceodeourense.com\/2.0\/index.php?rest_route=\/wp\/v2\/media\/13844"}],"wp:attachment":[{"href":"https:\/\/www.liceodeourense.com\/2.0\/index.php?rest_route=%2Fwp%2Fv2%2Fmedia&parent=13843"}],"wp:term":[{"taxonomy":"category","embeddable":true,"href":"https:\/\/www.liceodeourense.com\/2.0\/index.php?rest_route=%2Fwp%2Fv2%2Fcategories&post=13843"},{"taxonomy":"post_tag","embeddable":true,"href":"https:\/\/www.liceodeourense.com\/2.0\/index.php?rest_route=%2Fwp%2Fv2%2Ftags&post=13843"}],"curies":[{"name":"wp","href":"https:\/\/api.w.org\/{rel}","templated":true}]}}