{"id":13510,"date":"2021-12-23T19:43:00","date_gmt":"2021-12-23T18:43:00","guid":{"rendered":"https:\/\/www.liceodeourense.com\/2.0\/?p=13510"},"modified":"2021-12-24T11:48:46","modified_gmt":"2021-12-24T10:48:46","slug":"actuacion-de-nadal-das-pandereteiras-do-liceo","status":"publish","type":"post","link":"https:\/\/www.liceodeourense.com\/2.0\/?p=13510","title":{"rendered":"ACTUACI\u00d3N DE NADAL DAS PANDERETEIRAS DO LICEO."},"content":{"rendered":"<h3><a href=\"https:\/\/www.liceodeourense.com\/2.0\/?attachment_id=13511\" rel=\"attachment wp-att-13511\"><img loading=\"lazy\" decoding=\"async\" class=\"alignleft  wp-image-13511\" src=\"https:\/\/www.liceodeourense.com\/2.0\/wp-content\/uploads\/PANDERETEIRAS-NADAL-00.jpg\" alt=\"\" width=\"730\" height=\"547\" srcset=\"https:\/\/www.liceodeourense.com\/2.0\/wp-content\/uploads\/PANDERETEIRAS-NADAL-00.jpg 730w, https:\/\/www.liceodeourense.com\/2.0\/wp-content\/uploads\/PANDERETEIRAS-NADAL-00-300x225.jpg 300w\" sizes=\"auto, (max-width: 730px) 100vw, 730px\" \/><\/a><\/h3>\n<h3>Como xa ven sendo habitual nestas datas as PANDERETEIRAS DO LICEO ofrec\u00e9ronnos unha actuaci\u00f3n preciosa cun repertorio de panxoli\u00f1as tradicionais que fixeron as delicias de moitos Socios que acudiron o Patio de Columnas para disfrutalas. Moitas gracias a cada unha das int\u00e9rpretes polo seu traballo e o seu esforzo sobre todo polas circunstancias que estamos a vivir. MOITAS GRACIAS DE CORAZ\u00d3N.<\/h3>\n<p><a href=\"https:\/\/www.liceodeourense.com\/2.0\/?attachment_id=13512\" rel=\"attachment wp-att-13512\"><img loading=\"lazy\" decoding=\"async\" class=\"alignleft size-full wp-image-13512\" src=\"https:\/\/www.liceodeourense.com\/2.0\/wp-content\/uploads\/PANDERETEIRAS-NADAL-01.jpg\" alt=\"\" width=\"730\" height=\"547\" srcset=\"https:\/\/www.liceodeourense.com\/2.0\/wp-content\/uploads\/PANDERETEIRAS-NADAL-01.jpg 730w, https:\/\/www.liceodeourense.com\/2.0\/wp-content\/uploads\/PANDERETEIRAS-NADAL-01-300x225.jpg 300w\" sizes=\"auto, (max-width: 730px) 100vw, 730px\" \/><\/a> <a href=\"https:\/\/www.liceodeourense.com\/2.0\/?attachment_id=13513\" rel=\"attachment wp-att-13513\"><img loading=\"lazy\" decoding=\"async\" class=\"alignleft size-full wp-image-13513\" src=\"https:\/\/www.liceodeourense.com\/2.0\/wp-content\/uploads\/PANDERETEIRAS-NADAL-02.jpg\" alt=\"\" width=\"730\" height=\"547\" srcset=\"https:\/\/www.liceodeourense.com\/2.0\/wp-content\/uploads\/PANDERETEIRAS-NADAL-02.jpg 730w, https:\/\/www.liceodeourense.com\/2.0\/wp-content\/uploads\/PANDERETEIRAS-NADAL-02-300x225.jpg 300w\" sizes=\"auto, (max-width: 730px) 100vw, 730px\" \/><\/a> <a href=\"https:\/\/www.liceodeourense.com\/2.0\/?attachment_id=13514\" rel=\"attachment wp-att-13514\"><img loading=\"lazy\" decoding=\"async\" class=\"alignleft size-full wp-image-13514\" src=\"https:\/\/www.liceodeourense.com\/2.0\/wp-content\/uploads\/PANDERETEIRAS-NADAL-03.jpg\" alt=\"\" width=\"730\" height=\"547\" srcset=\"https:\/\/www.liceodeourense.com\/2.0\/wp-content\/uploads\/PANDERETEIRAS-NADAL-03.jpg 730w, https:\/\/www.liceodeourense.com\/2.0\/wp-content\/uploads\/PANDERETEIRAS-NADAL-03-300x225.jpg 300w\" sizes=\"auto, (max-width: 730px) 100vw, 730px\" \/><\/a> <a href=\"https:\/\/www.liceodeourense.com\/2.0\/?attachment_id=13515\" rel=\"attachment wp-att-13515\"><img loading=\"lazy\" decoding=\"async\" class=\"alignleft size-full wp-image-13515\" src=\"https:\/\/www.liceodeourense.com\/2.0\/wp-content\/uploads\/PANDERETEIRAS-NADAL-04.jpg\" alt=\"\" width=\"730\" height=\"547\" srcset=\"https:\/\/www.liceodeourense.com\/2.0\/wp-content\/uploads\/PANDERETEIRAS-NADAL-04.jpg 730w, https:\/\/www.liceodeourense.com\/2.0\/wp-content\/uploads\/PANDERETEIRAS-NADAL-04-300x225.jpg 300w\" sizes=\"auto, (max-width: 730px) 100vw, 730px\" \/><\/a> <a href=\"https:\/\/www.liceodeourense.com\/2.0\/?attachment_id=13516\" rel=\"attachment wp-att-13516\"><img loading=\"lazy\" decoding=\"async\" class=\"alignleft size-full wp-image-13516\" src=\"https:\/\/www.liceodeourense.com\/2.0\/wp-content\/uploads\/PANDERETEIRAS-NADAL-05.jpg\" alt=\"\" width=\"547\" height=\"730\" srcset=\"https:\/\/www.liceodeourense.com\/2.0\/wp-content\/uploads\/PANDERETEIRAS-NADAL-05.jpg 547w, https:\/\/www.liceodeourense.com\/2.0\/wp-content\/uploads\/PANDERETEIRAS-NADAL-05-225x300.jpg 225w\" sizes=\"auto, (max-width: 547px) 100vw, 547px\" \/><\/a><a href=\"https:\/\/www.liceodeourense.com\/2.0\/?attachment_id=13487\" rel=\"attachment wp-att-13487\"><img loading=\"lazy\" decoding=\"async\" class=\"alignleft  wp-image-13487\" src=\"https:\/\/www.liceodeourense.com\/2.0\/wp-content\/uploads\/PANDERETEIRAS-LICEO-NADAL.jpg\" alt=\"\" width=\"744\" height=\"808\" srcset=\"https:\/\/www.liceodeourense.com\/2.0\/wp-content\/uploads\/PANDERETEIRAS-LICEO-NADAL.jpg 1515w, https:\/\/www.liceodeourense.com\/2.0\/wp-content\/uploads\/PANDERETEIRAS-LICEO-NADAL-276x300.jpg 276w, https:\/\/www.liceodeourense.com\/2.0\/wp-content\/uploads\/PANDERETEIRAS-LICEO-NADAL-942x1024.jpg 942w, https:\/\/www.liceodeourense.com\/2.0\/wp-content\/uploads\/PANDERETEIRAS-LICEO-NADAL-768x835.jpg 768w, https:\/\/www.liceodeourense.com\/2.0\/wp-content\/uploads\/PANDERETEIRAS-LICEO-NADAL-1413x1536.jpg 1413w\" sizes=\"auto, (max-width: 744px) 100vw, 744px\" \/><\/a><\/p>\n<p>&nbsp;<\/p>\n","protected":false},"excerpt":{"rendered":"<p>Como xa ven sendo habitual nestas datas as PANDERETEIRAS DO LICEO ofrec\u00e9ronnos unha actuaci\u00f3n preciosa cun repertorio de panxoli\u00f1as tradicionais que fixeron as delicias de moitos Socios que acudiron o Patio de Columnas para disfrutalas. Moitas gracias a cada unha das int\u00e9rpretes polo seu traballo e o seu esforzo sobre todo polas circunstancias que estamos [&hellip;]<\/p>\n","protected":false},"author":2,"featured_media":0,"comment_status":"open","ping_status":"closed","sticky":false,"template":"","format":"standard","meta":{"footnotes":""},"categories":[5,21],"tags":[],"class_list":["post-13510","post","type-post","status-publish","format-standard","hentry","category-musica","category-musica-concertos-patio-de-columnas"],"_links":{"self":[{"href":"https:\/\/www.liceodeourense.com\/2.0\/index.php?rest_route=\/wp\/v2\/posts\/13510","targetHints":{"allow":["GET"]}}],"collection":[{"href":"https:\/\/www.liceodeourense.com\/2.0\/index.php?rest_route=\/wp\/v2\/posts"}],"about":[{"href":"https:\/\/www.liceodeourense.com\/2.0\/index.php?rest_route=\/wp\/v2\/types\/post"}],"author":[{"embeddable":true,"href":"https:\/\/www.liceodeourense.com\/2.0\/index.php?rest_route=\/wp\/v2\/users\/2"}],"replies":[{"embeddable":true,"href":"https:\/\/www.liceodeourense.com\/2.0\/index.php?rest_route=%2Fwp%2Fv2%2Fcomments&post=13510"}],"version-history":[{"count":1,"href":"https:\/\/www.liceodeourense.com\/2.0\/index.php?rest_route=\/wp\/v2\/posts\/13510\/revisions"}],"predecessor-version":[{"id":13517,"href":"https:\/\/www.liceodeourense.com\/2.0\/index.php?rest_route=\/wp\/v2\/posts\/13510\/revisions\/13517"}],"wp:attachment":[{"href":"https:\/\/www.liceodeourense.com\/2.0\/index.php?rest_route=%2Fwp%2Fv2%2Fmedia&parent=13510"}],"wp:term":[{"taxonomy":"category","embeddable":true,"href":"https:\/\/www.liceodeourense.com\/2.0\/index.php?rest_route=%2Fwp%2Fv2%2Fcategories&post=13510"},{"taxonomy":"post_tag","embeddable":true,"href":"https:\/\/www.liceodeourense.com\/2.0\/index.php?rest_route=%2Fwp%2Fv2%2Ftags&post=13510"}],"curies":[{"name":"wp","href":"https:\/\/api.w.org\/{rel}","templated":true}]}}