{"id":13419,"date":"2021-11-28T14:00:55","date_gmt":"2021-11-28T13:00:55","guid":{"rendered":"https:\/\/www.liceodeourense.com\/2.0\/?p=13419"},"modified":"2021-11-29T10:11:58","modified_gmt":"2021-11-29T09:11:58","slug":"os-bolechas-no-liceo","status":"publish","type":"post","link":"https:\/\/www.liceodeourense.com\/2.0\/?p=13419","title":{"rendered":"OS BOLECHAS NO LICEO&#8230;."},"content":{"rendered":"<h3><a href=\"https:\/\/www.liceodeourense.com\/2.0\/?attachment_id=13420\" rel=\"attachment wp-att-13420\"><img loading=\"lazy\" decoding=\"async\" class=\"alignleft size-full wp-image-13420\" src=\"https:\/\/www.liceodeourense.com\/2.0\/wp-content\/uploads\/OS-BOLECHAS03.jpg\" alt=\"\" width=\"730\" height=\"547\" srcset=\"https:\/\/www.liceodeourense.com\/2.0\/wp-content\/uploads\/OS-BOLECHAS03.jpg 730w, https:\/\/www.liceodeourense.com\/2.0\/wp-content\/uploads\/OS-BOLECHAS03-300x225.jpg 300w\" sizes=\"auto, (max-width: 730px) 100vw, 730px\" \/><\/a><\/h3>\n<h3>Os\u00a0Bolechas fan o Cami\u00f1o Marciano\u00bb, enmarcada no programa\u00a0Falaredes\u00a02021\u00a0da\u00a0Secretar\u00eda Xeral de Pol\u00edtica Ling\u00fc\u00edstica\u00a0da\u00a0Xunta de Galicia, pasaron polo Liceo de Ourense facendo disfrutar a un auditorio completo, moitas gracias.. foi un aunt\u00e9ntico placer que aterrarades no Sal\u00f3n Noble do Liceo facendo unha paradi\u00f1a no voso cami\u00f1o.<\/h3>\n<p>&nbsp;<\/p>\n<p><a href=\"https:\/\/www.liceodeourense.com\/2.0\/?attachment_id=13421\" rel=\"attachment wp-att-13421\"><img loading=\"lazy\" decoding=\"async\" class=\"alignleft size-full wp-image-13421\" src=\"https:\/\/www.liceodeourense.com\/2.0\/wp-content\/uploads\/OS-BOLECHAS04.jpg\" alt=\"\" width=\"730\" height=\"547\" srcset=\"https:\/\/www.liceodeourense.com\/2.0\/wp-content\/uploads\/OS-BOLECHAS04.jpg 730w, https:\/\/www.liceodeourense.com\/2.0\/wp-content\/uploads\/OS-BOLECHAS04-300x225.jpg 300w\" sizes=\"auto, (max-width: 730px) 100vw, 730px\" \/><\/a> <a href=\"https:\/\/www.liceodeourense.com\/2.0\/?attachment_id=13422\" rel=\"attachment wp-att-13422\"><img loading=\"lazy\" decoding=\"async\" class=\"alignleft size-full wp-image-13422\" src=\"https:\/\/www.liceodeourense.com\/2.0\/wp-content\/uploads\/OS-BOLECHAS05.jpg\" alt=\"\" width=\"730\" height=\"547\" srcset=\"https:\/\/www.liceodeourense.com\/2.0\/wp-content\/uploads\/OS-BOLECHAS05.jpg 730w, https:\/\/www.liceodeourense.com\/2.0\/wp-content\/uploads\/OS-BOLECHAS05-300x225.jpg 300w\" sizes=\"auto, (max-width: 730px) 100vw, 730px\" \/><\/a><a href=\"https:\/\/www.liceodeourense.com\/2.0\/?attachment_id=13234\" rel=\"attachment wp-att-13234\"><img loading=\"lazy\" decoding=\"async\" class=\"alignleft  wp-image-13234\" src=\"https:\/\/www.liceodeourense.com\/2.0\/wp-content\/uploads\/CAMIN\u0303O-MARCIANO_cartel-dixital_OURENSE.jpg\" alt=\"\" width=\"739\" height=\"1045\" srcset=\"https:\/\/www.liceodeourense.com\/2.0\/wp-content\/uploads\/CAMIN\u0303O-MARCIANO_cartel-dixital_OURENSE.jpg 905w, https:\/\/www.liceodeourense.com\/2.0\/wp-content\/uploads\/CAMIN\u0303O-MARCIANO_cartel-dixital_OURENSE-212x300.jpg 212w, https:\/\/www.liceodeourense.com\/2.0\/wp-content\/uploads\/CAMIN\u0303O-MARCIANO_cartel-dixital_OURENSE-724x1024.jpg 724w, https:\/\/www.liceodeourense.com\/2.0\/wp-content\/uploads\/CAMIN\u0303O-MARCIANO_cartel-dixital_OURENSE-768x1086.jpg 768w\" sizes=\"auto, (max-width: 739px) 100vw, 739px\" \/><\/a><\/p>\n<p>&nbsp;<\/p>\n","protected":false},"excerpt":{"rendered":"<p>Os\u00a0Bolechas fan o Cami\u00f1o Marciano\u00bb, enmarcada no programa\u00a0Falaredes\u00a02021\u00a0da\u00a0Secretar\u00eda Xeral de Pol\u00edtica Ling\u00fc\u00edstica\u00a0da\u00a0Xunta de Galicia, pasaron polo Liceo de Ourense facendo disfrutar a un auditorio completo, moitas gracias.. foi un aunt\u00e9ntico placer que aterrarades no Sal\u00f3n Noble do Liceo facendo unha paradi\u00f1a no voso cami\u00f1o. &nbsp; &nbsp;<\/p>\n","protected":false},"author":2,"featured_media":0,"comment_status":"open","ping_status":"closed","sticky":false,"template":"","format":"standard","meta":{"footnotes":""},"categories":[47],"tags":[],"class_list":["post-13419","post","type-post","status-publish","format-standard","hentry","category-teatro"],"_links":{"self":[{"href":"https:\/\/www.liceodeourense.com\/2.0\/index.php?rest_route=\/wp\/v2\/posts\/13419","targetHints":{"allow":["GET"]}}],"collection":[{"href":"https:\/\/www.liceodeourense.com\/2.0\/index.php?rest_route=\/wp\/v2\/posts"}],"about":[{"href":"https:\/\/www.liceodeourense.com\/2.0\/index.php?rest_route=\/wp\/v2\/types\/post"}],"author":[{"embeddable":true,"href":"https:\/\/www.liceodeourense.com\/2.0\/index.php?rest_route=\/wp\/v2\/users\/2"}],"replies":[{"embeddable":true,"href":"https:\/\/www.liceodeourense.com\/2.0\/index.php?rest_route=%2Fwp%2Fv2%2Fcomments&post=13419"}],"version-history":[{"count":2,"href":"https:\/\/www.liceodeourense.com\/2.0\/index.php?rest_route=\/wp\/v2\/posts\/13419\/revisions"}],"predecessor-version":[{"id":13425,"href":"https:\/\/www.liceodeourense.com\/2.0\/index.php?rest_route=\/wp\/v2\/posts\/13419\/revisions\/13425"}],"wp:attachment":[{"href":"https:\/\/www.liceodeourense.com\/2.0\/index.php?rest_route=%2Fwp%2Fv2%2Fmedia&parent=13419"}],"wp:term":[{"taxonomy":"category","embeddable":true,"href":"https:\/\/www.liceodeourense.com\/2.0\/index.php?rest_route=%2Fwp%2Fv2%2Fcategories&post=13419"},{"taxonomy":"post_tag","embeddable":true,"href":"https:\/\/www.liceodeourense.com\/2.0\/index.php?rest_route=%2Fwp%2Fv2%2Ftags&post=13419"}],"curies":[{"name":"wp","href":"https:\/\/api.w.org\/{rel}","templated":true}]}}