{"id":11639,"date":"2020-01-28T12:16:39","date_gmt":"2020-01-28T11:16:39","guid":{"rendered":"http:\/\/www.liceodeourense.com\/2.0\/?p=11639"},"modified":"2020-01-28T12:16:39","modified_gmt":"2020-01-28T11:16:39","slug":"desayuno-informativo-para-exponer-las-conclusiones-a-las-que-ha-llegado-este-grupo-de-trabajo-sobre-termalismo-en-ourense","status":"publish","type":"post","link":"https:\/\/www.liceodeourense.com\/2.0\/?p=11639","title":{"rendered":"DESAYUNO INFORMATIVO\u00a0 PARA EXPONER LAS CONCLUSIONES A LAS QUE HA LLEGADO ESTE GRUPO DE TRABAJO sobre \u201cTERMALISMO EN OURENSE\u201d."},"content":{"rendered":"<h3><a href=\"http:\/\/www.liceodeourense.com\/2.0\/?attachment_id=11629\" rel=\"attachment wp-att-11629\"><img loading=\"lazy\" decoding=\"async\" class=\"alignright size-full wp-image-11629\" src=\"https:\/\/www.liceodeourense.com\/2.0\/wp-content\/uploads\/IMG_20200128_103135.jpg\" alt=\"\" width=\"803\" height=\"602\" srcset=\"https:\/\/www.liceodeourense.com\/2.0\/wp-content\/uploads\/IMG_20200128_103135.jpg 803w, https:\/\/www.liceodeourense.com\/2.0\/wp-content\/uploads\/IMG_20200128_103135-300x225.jpg 300w, https:\/\/www.liceodeourense.com\/2.0\/wp-content\/uploads\/IMG_20200128_103135-768x576.jpg 768w\" sizes=\"auto, (max-width: 803px) 100vw, 803px\" \/><\/a><\/h3>\n<h3><span lang=\"es-ES\">E<\/span><span lang=\"es-ES\">l Foro Liceo contin\u00faa con sus reuniones de trabajo, para dar continuidad y <\/span><span lang=\"es-ES\">trasladado a la opini\u00f3n p\u00fablica, gracias a ustedes los medios de comunicaci\u00f3n, de documentos de vital importancia para la Provincia y relativos \u201csobre LA CIUDAD DE OURENSE Y EL FUNCIONAMIENTO DE SU AYUNTAMIENTO\u201d, sobre \u201cLA SITUACION SOCIOECONOMICA DE LA PROVINCIA DE OURENSE Y LAS INFRAESTRUCTURAS\u201d, y \u201cLA SALUD EN OURENSE\u201d, \u201cCOMERCIO OURENSANO\u201d, o el \u00faltimo del pasado oto\u00f1o relativo al <\/span><span lang=\"es-ES\">\u201c<\/span><span lang=\"es-ES\">LOS BOSQUES OURENSANOS Y LA SILVICULTURA\u201d <\/span><span lang=\"es-ES\">.<\/span><\/h3>\n<h3><span lang=\"es-ES\"> Pues bien, ahora, y despu\u00e9s de la constituci\u00f3n de un nuevo grupo de trabajo, en el que participaron personas de gran conocimiento en la materia tratada, como Marita Souto, Pedro Araujo, Luis P. de Juan, Javier Soto, \u00c1lvaro Varela y Reyes P\u00e9rez, tuvo lugar <\/span><span lang=\"es-ES\">un nuevo <\/span><span lang=\"es-ES\">DESAYUNO INFORMATIVO\u00a0 <\/span><span lang=\"es-ES\">PARA EXPONER LAS CONCLUSIONES A LAS QUE HA LLEGADO ESTE GRUPO DE TRABAJO sobre \u201c<\/span><span lang=\"es-ES\">TERMALISMO EN OURENSE<\/span><span lang=\"es-ES\">\u201d.<\/span><\/h3>\n<p><a href=\"http:\/\/www.liceodeourense.com\/2.0\/?attachment_id=11630\" rel=\"attachment wp-att-11630\"><img loading=\"lazy\" decoding=\"async\" class=\"alignright size-full wp-image-11630\" src=\"https:\/\/www.liceodeourense.com\/2.0\/wp-content\/uploads\/IMG_20200128_103324.jpg\" alt=\"\" width=\"803\" height=\"602\" srcset=\"https:\/\/www.liceodeourense.com\/2.0\/wp-content\/uploads\/IMG_20200128_103324.jpg 803w, https:\/\/www.liceodeourense.com\/2.0\/wp-content\/uploads\/IMG_20200128_103324-300x225.jpg 300w, https:\/\/www.liceodeourense.com\/2.0\/wp-content\/uploads\/IMG_20200128_103324-768x576.jpg 768w\" sizes=\"auto, (max-width: 803px) 100vw, 803px\" \/><\/a><\/p>\n","protected":false},"excerpt":{"rendered":"<p>El Foro Liceo contin\u00faa con sus reuniones de trabajo, para dar continuidad y trasladado a la opini\u00f3n p\u00fablica, gracias a ustedes los medios de comunicaci\u00f3n, de documentos de vital importancia para la Provincia y relativos \u201csobre LA CIUDAD DE OURENSE Y EL FUNCIONAMIENTO DE SU AYUNTAMIENTO\u201d, sobre \u201cLA SITUACION SOCIOECONOMICA DE LA PROVINCIA DE OURENSE [&hellip;]<\/p>\n","protected":false},"author":2,"featured_media":0,"comment_status":"open","ping_status":"closed","sticky":false,"template":"","format":"standard","meta":{"footnotes":""},"categories":[38],"tags":[],"class_list":["post-11639","post","type-post","status-publish","format-standard","hentry","category-foro-liceo"],"_links":{"self":[{"href":"https:\/\/www.liceodeourense.com\/2.0\/index.php?rest_route=\/wp\/v2\/posts\/11639","targetHints":{"allow":["GET"]}}],"collection":[{"href":"https:\/\/www.liceodeourense.com\/2.0\/index.php?rest_route=\/wp\/v2\/posts"}],"about":[{"href":"https:\/\/www.liceodeourense.com\/2.0\/index.php?rest_route=\/wp\/v2\/types\/post"}],"author":[{"embeddable":true,"href":"https:\/\/www.liceodeourense.com\/2.0\/index.php?rest_route=\/wp\/v2\/users\/2"}],"replies":[{"embeddable":true,"href":"https:\/\/www.liceodeourense.com\/2.0\/index.php?rest_route=%2Fwp%2Fv2%2Fcomments&post=11639"}],"version-history":[{"count":1,"href":"https:\/\/www.liceodeourense.com\/2.0\/index.php?rest_route=\/wp\/v2\/posts\/11639\/revisions"}],"predecessor-version":[{"id":11640,"href":"https:\/\/www.liceodeourense.com\/2.0\/index.php?rest_route=\/wp\/v2\/posts\/11639\/revisions\/11640"}],"wp:attachment":[{"href":"https:\/\/www.liceodeourense.com\/2.0\/index.php?rest_route=%2Fwp%2Fv2%2Fmedia&parent=11639"}],"wp:term":[{"taxonomy":"category","embeddable":true,"href":"https:\/\/www.liceodeourense.com\/2.0\/index.php?rest_route=%2Fwp%2Fv2%2Fcategories&post=11639"},{"taxonomy":"post_tag","embeddable":true,"href":"https:\/\/www.liceodeourense.com\/2.0\/index.php?rest_route=%2Fwp%2Fv2%2Ftags&post=11639"}],"curies":[{"name":"wp","href":"https:\/\/api.w.org\/{rel}","templated":true}]}}