{"id":11434,"date":"2019-12-20T12:39:16","date_gmt":"2019-12-20T11:39:16","guid":{"rendered":"http:\/\/www.liceodeourense.com\/2.0\/?p=11434"},"modified":"2019-12-20T12:39:16","modified_gmt":"2019-12-20T11:39:16","slug":"precioso-concerto-de-nadal-da-coral-do-liceo","status":"publish","type":"post","link":"https:\/\/www.liceodeourense.com\/2.0\/?p=11434","title":{"rendered":"PRECIOSO CONCERTO DE NADAL DA CORAL DO LICEO."},"content":{"rendered":"<h3><a href=\"http:\/\/www.liceodeourense.com\/2.0\/?attachment_id=11436\" rel=\"attachment wp-att-11436\"><img loading=\"lazy\" decoding=\"async\" class=\"wp-image-11436 alignleft\" src=\"https:\/\/www.liceodeourense.com\/2.0\/wp-content\/uploads\/CONCERTO-NADAL-CORAL-2019-2.jpg\" alt=\"\" width=\"803\" height=\"602\" srcset=\"https:\/\/www.liceodeourense.com\/2.0\/wp-content\/uploads\/CONCERTO-NADAL-CORAL-2019-2.jpg 803w, https:\/\/www.liceodeourense.com\/2.0\/wp-content\/uploads\/CONCERTO-NADAL-CORAL-2019-2-300x225.jpg 300w, https:\/\/www.liceodeourense.com\/2.0\/wp-content\/uploads\/CONCERTO-NADAL-CORAL-2019-2-768x576.jpg 768w\" sizes=\"auto, (max-width: 803px) 100vw, 803px\" \/><\/a><\/h3>\n<h3>Xa \u00e9 tradicional, obligatorio e deseaxado\u00a0 o CONCERTO DE NADAL que a CORAL DO LICEO ofrece a todos os Socios e ourens\u00e1ns, cun programa de panxoli\u00f1as de todo mundo que fai que esp\u00edritu navide\u00f1o se congregue no Liceo.<\/h3>\n<p><a href=\"http:\/\/www.liceodeourense.com\/2.0\/?attachment_id=11437\" rel=\"attachment wp-att-11437\"><img loading=\"lazy\" decoding=\"async\" class=\" wp-image-11437 alignleft\" src=\"https:\/\/www.liceodeourense.com\/2.0\/wp-content\/uploads\/CONCERTO-NADAL-CORAL-2019-3.jpg\" alt=\"\" width=\"754\" height=\"1006\" srcset=\"https:\/\/www.liceodeourense.com\/2.0\/wp-content\/uploads\/CONCERTO-NADAL-CORAL-2019-3.jpg 602w, https:\/\/www.liceodeourense.com\/2.0\/wp-content\/uploads\/CONCERTO-NADAL-CORAL-2019-3-225x300.jpg 225w\" sizes=\"auto, (max-width: 754px) 100vw, 754px\" \/><\/a><a href=\"http:\/\/www.liceodeourense.com\/2.0\/?attachment_id=11435\" rel=\"attachment wp-att-11435\"><img loading=\"lazy\" decoding=\"async\" class=\"alignright size-full wp-image-11435\" src=\"https:\/\/www.liceodeourense.com\/2.0\/wp-content\/uploads\/CONCERTO-NADAL-CORAL-2019-1.jpg\" alt=\"\" width=\"803\" height=\"602\" srcset=\"https:\/\/www.liceodeourense.com\/2.0\/wp-content\/uploads\/CONCERTO-NADAL-CORAL-2019-1.jpg 803w, https:\/\/www.liceodeourense.com\/2.0\/wp-content\/uploads\/CONCERTO-NADAL-CORAL-2019-1-300x225.jpg 300w, https:\/\/www.liceodeourense.com\/2.0\/wp-content\/uploads\/CONCERTO-NADAL-CORAL-2019-1-768x576.jpg 768w\" sizes=\"auto, (max-width: 803px) 100vw, 803px\" \/><\/a><\/p>\n<h3>Adem\u00e1is este ano nunha convivencia posterior serviu de ocasi\u00f3n para rendirlle unha pequena, pero sentida homenaxe o pianista D. Angel Losada Nine, imp\u00f3ndolle a Insignia de Ouro do Liceo.<\/h3>\n<h3><a href=\"http:\/\/www.liceodeourense.com\/2.0\/?attachment_id=11334\" rel=\"attachment wp-att-11334\"><img loading=\"lazy\" decoding=\"async\" class=\"wp-image-11334 alignleft\" src=\"https:\/\/www.liceodeourense.com\/2.0\/wp-content\/uploads\/CONCERTO-NADAL-CORAL-1.jpg\" alt=\"\" width=\"760\" height=\"1074\" srcset=\"https:\/\/www.liceodeourense.com\/2.0\/wp-content\/uploads\/CONCERTO-NADAL-CORAL-1.jpg 1526w, https:\/\/www.liceodeourense.com\/2.0\/wp-content\/uploads\/CONCERTO-NADAL-CORAL-1-212x300.jpg 212w, https:\/\/www.liceodeourense.com\/2.0\/wp-content\/uploads\/CONCERTO-NADAL-CORAL-1-724x1024.jpg 724w, https:\/\/www.liceodeourense.com\/2.0\/wp-content\/uploads\/CONCERTO-NADAL-CORAL-1-768x1086.jpg 768w, https:\/\/www.liceodeourense.com\/2.0\/wp-content\/uploads\/CONCERTO-NADAL-CORAL-1-1087x1536.jpg 1087w, https:\/\/www.liceodeourense.com\/2.0\/wp-content\/uploads\/CONCERTO-NADAL-CORAL-1-1449x2048.jpg 1449w\" sizes=\"auto, (max-width: 760px) 100vw, 760px\" \/><\/a><\/h3>\n","protected":false},"excerpt":{"rendered":"<p>Xa \u00e9 tradicional, obligatorio e deseaxado\u00a0 o CONCERTO DE NADAL que a CORAL DO LICEO ofrece a todos os Socios e ourens\u00e1ns, cun programa de panxoli\u00f1as de todo mundo que fai que esp\u00edritu navide\u00f1o se congregue no Liceo. Adem\u00e1is este ano nunha convivencia posterior serviu de ocasi\u00f3n para rendirlle unha pequena, pero sentida homenaxe o [&hellip;]<\/p>\n","protected":false},"author":2,"featured_media":0,"comment_status":"open","ping_status":"closed","sticky":false,"template":"","format":"standard","meta":{"footnotes":""},"categories":[14],"tags":[],"class_list":["post-11434","post","type-post","status-publish","format-standard","hentry","category-musica-coral-liceo"],"_links":{"self":[{"href":"https:\/\/www.liceodeourense.com\/2.0\/index.php?rest_route=\/wp\/v2\/posts\/11434","targetHints":{"allow":["GET"]}}],"collection":[{"href":"https:\/\/www.liceodeourense.com\/2.0\/index.php?rest_route=\/wp\/v2\/posts"}],"about":[{"href":"https:\/\/www.liceodeourense.com\/2.0\/index.php?rest_route=\/wp\/v2\/types\/post"}],"author":[{"embeddable":true,"href":"https:\/\/www.liceodeourense.com\/2.0\/index.php?rest_route=\/wp\/v2\/users\/2"}],"replies":[{"embeddable":true,"href":"https:\/\/www.liceodeourense.com\/2.0\/index.php?rest_route=%2Fwp%2Fv2%2Fcomments&post=11434"}],"version-history":[{"count":1,"href":"https:\/\/www.liceodeourense.com\/2.0\/index.php?rest_route=\/wp\/v2\/posts\/11434\/revisions"}],"predecessor-version":[{"id":11438,"href":"https:\/\/www.liceodeourense.com\/2.0\/index.php?rest_route=\/wp\/v2\/posts\/11434\/revisions\/11438"}],"wp:attachment":[{"href":"https:\/\/www.liceodeourense.com\/2.0\/index.php?rest_route=%2Fwp%2Fv2%2Fmedia&parent=11434"}],"wp:term":[{"taxonomy":"category","embeddable":true,"href":"https:\/\/www.liceodeourense.com\/2.0\/index.php?rest_route=%2Fwp%2Fv2%2Fcategories&post=11434"},{"taxonomy":"post_tag","embeddable":true,"href":"https:\/\/www.liceodeourense.com\/2.0\/index.php?rest_route=%2Fwp%2Fv2%2Ftags&post=11434"}],"curies":[{"name":"wp","href":"https:\/\/api.w.org\/{rel}","templated":true}]}}