{"id":11131,"date":"2019-11-13T09:38:35","date_gmt":"2019-11-13T08:38:35","guid":{"rendered":"http:\/\/www.liceodeourense.com\/2.0\/?p=11131"},"modified":"2019-11-14T09:47:09","modified_gmt":"2019-11-14T08:47:09","slug":"un-ano-mas-y-como-es-tradicion-y-de-las-buenas-d-miguel-angel-gonzalez-garcia-en-san-martino","status":"publish","type":"post","link":"https:\/\/www.liceodeourense.com\/2.0\/?p=11131","title":{"rendered":"Un a\u00f1o m\u00e1s.. y como es tradici\u00f3n.. y de las buenas.. D. MIGUEL ANGEL GONZALEZ GARCIA en SAN MARTI\u00d1O"},"content":{"rendered":"<h4 lang=\"es-MX\" align=\"JUSTIFY\"><a href=\"http:\/\/www.liceodeourense.com\/2.0\/?attachment_id=11133\" rel=\"attachment wp-att-11133\"><img loading=\"lazy\" decoding=\"async\" class=\"wp-image-11133 alignleft\" src=\"https:\/\/www.liceodeourense.com\/2.0\/wp-content\/uploads\/IMG-20191114-WA0000.jpg\" alt=\"\" width=\"735\" height=\"432\" srcset=\"https:\/\/www.liceodeourense.com\/2.0\/wp-content\/uploads\/IMG-20191114-WA0000.jpg 2048w, https:\/\/www.liceodeourense.com\/2.0\/wp-content\/uploads\/IMG-20191114-WA0000-300x176.jpg 300w, https:\/\/www.liceodeourense.com\/2.0\/wp-content\/uploads\/IMG-20191114-WA0000-768x452.jpg 768w, https:\/\/www.liceodeourense.com\/2.0\/wp-content\/uploads\/IMG-20191114-WA0000-1024x602.jpg 1024w\" sizes=\"auto, (max-width: 735px) 100vw, 735px\" \/><\/a><\/h4>\n<h4 lang=\"es-MX\" align=\"JUSTIFY\"><span style=\"font-family: Garamond, serif;\"><span style=\"font-size: x-large;\">Continuando con la programaci\u00f3n que El Liceo organiza alrededor de la Festividad del Patr\u00f3n de nuestra Ciudad: San Marti\u00f1o, tuvo lugar, ayer martes 12 de noviembre, con la Conferencia de D. Miguel \u00c1ngel Gonz\u00e1lez Garc\u00eda, con el t\u00edtulo \u201cLa m\u00fasica en la Catedral de Ourense, sonidos, im\u00e1genes y protagonistas\u201d. <\/span><\/span><\/h4>\n<h4 lang=\"es-MX\" align=\"JUSTIFY\"><span style=\"font-family: Garamond, serif;\"><span style=\"font-size: x-large;\"> D. Miguel \u00c1ngel es astorgano de nacimiento, ourensano de adoci\u00f3n, investigador, archivero, sacedorte de devoci\u00f3n, y lice\u00edsta por convicci\u00f3n.<\/span><\/span><\/h4>\n<h4 lang=\"es-MX\" align=\"JUSTIFY\"><span style=\"font-family: Garamond, serif;\"><span style=\"font-size: x-large;\">Don Miguel \u00c1ngel es Socio de Honor del Liceo, por merecimiento, por justicia, y adem\u00e1s \u00e9l presume de esa distinci\u00f3n, con el y de el hemos disfrutado multitud de conferencias, muchas de ellas alrededor de la festividad de nuestro Patron San Mart\u00edn, e intentado hacer memor\u00eda y van m\u00e1s de 20 a\u00f1os, as\u00ed que, y voy terminando, GRACIAS MIGUEL por todas y cada una de tus intervenciones, en especial esta Conferencia, de verdad. Gracias por tu amistad, Ourense deber\u00eda corresponderte con todo lo que tu has hecho..\u00a0<\/span><\/span><\/h4>\n<h4 lang=\"es-MX\" align=\"JUSTIFY\"><span style=\"font-family: Garamond, serif; font-size: x-large;\">D. Miguel Angel hizo recorrido por la M\u00fasica en la Catedral de Ourense, repasando su iconograf\u00eda, sus protagonistas como los M\u00fasicos de Capilla y organistas, un repaso por los \u00f3rganos de la Sede, instrumentos que formaron parte y forman parte, de la m\u00fasica en las composiciones y partituras, como lugar de conciertos, la campanas &#8211; que tambi\u00e9n son m\u00fasica- , etc. Una extrarodinaria conferencia, con su verbo f\u00e1cil y su manera cercana de exponer los temas, que haga que uno salga con la sensaci\u00f3n de haber recibido una bocanada de ilustraci\u00f3n y conocimiento, y como siempre de aprender algo m\u00e1s de nuestra ciudad, en este caso de nuestra Catedral. Reiteramos D. Miguel \u00c1ngel.. MUCHAS GRACIAS.<\/span><\/h4>\n<p lang=\"es-MX\" align=\"JUSTIFY\"><span style=\"font-family: Garamond, serif; font-size: x-large;\"> <a href=\"http:\/\/www.liceodeourense.com\/2.0\/?attachment_id=11132\" rel=\"attachment wp-att-11132\"><img loading=\"lazy\" decoding=\"async\" class=\"wp-image-11132 alignleft\" src=\"https:\/\/www.liceodeourense.com\/2.0\/wp-content\/uploads\/IMG_20191112_203416.jpg\" alt=\"\" width=\"747\" height=\"561\" srcset=\"https:\/\/www.liceodeourense.com\/2.0\/wp-content\/uploads\/IMG_20191112_203416.jpg 912w, https:\/\/www.liceodeourense.com\/2.0\/wp-content\/uploads\/IMG_20191112_203416-300x225.jpg 300w, https:\/\/www.liceodeourense.com\/2.0\/wp-content\/uploads\/IMG_20191112_203416-768x576.jpg 768w\" sizes=\"auto, (max-width: 747px) 100vw, 747px\" \/><\/a><a href=\"http:\/\/www.liceodeourense.com\/2.0\/?attachment_id=11099\" rel=\"attachment wp-att-11099\"><img loading=\"lazy\" decoding=\"async\" class=\"wp-image-11099 alignleft\" src=\"https:\/\/www.liceodeourense.com\/2.0\/wp-content\/uploads\/CONFERENCIA-MIGUEL-ANGEL-2.jpg\" alt=\"\" width=\"747\" height=\"1056\" srcset=\"https:\/\/www.liceodeourense.com\/2.0\/wp-content\/uploads\/CONFERENCIA-MIGUEL-ANGEL-2.jpg 1526w, https:\/\/www.liceodeourense.com\/2.0\/wp-content\/uploads\/CONFERENCIA-MIGUEL-ANGEL-2-212x300.jpg 212w, https:\/\/www.liceodeourense.com\/2.0\/wp-content\/uploads\/CONFERENCIA-MIGUEL-ANGEL-2-768x1086.jpg 768w, https:\/\/www.liceodeourense.com\/2.0\/wp-content\/uploads\/CONFERENCIA-MIGUEL-ANGEL-2-724x1024.jpg 724w\" sizes=\"auto, (max-width: 747px) 100vw, 747px\" \/><\/a><\/span><\/p>\n","protected":false},"excerpt":{"rendered":"<p>Continuando con la programaci\u00f3n que El Liceo organiza alrededor de la Festividad del Patr\u00f3n de nuestra Ciudad: San Marti\u00f1o, tuvo lugar, ayer martes 12 de noviembre, con la Conferencia de D. Miguel \u00c1ngel Gonz\u00e1lez Garc\u00eda, con el t\u00edtulo \u201cLa m\u00fasica en la Catedral de Ourense, sonidos, im\u00e1genes y protagonistas\u201d. D. Miguel \u00c1ngel es astorgano de [&hellip;]<\/p>\n","protected":false},"author":2,"featured_media":0,"comment_status":"open","ping_status":"closed","sticky":false,"template":"","format":"standard","meta":{"footnotes":""},"categories":[8],"tags":[],"class_list":["post-11131","post","type-post","status-publish","format-standard","hentry","category-seccion-de-arte-e-historia"],"_links":{"self":[{"href":"https:\/\/www.liceodeourense.com\/2.0\/index.php?rest_route=\/wp\/v2\/posts\/11131","targetHints":{"allow":["GET"]}}],"collection":[{"href":"https:\/\/www.liceodeourense.com\/2.0\/index.php?rest_route=\/wp\/v2\/posts"}],"about":[{"href":"https:\/\/www.liceodeourense.com\/2.0\/index.php?rest_route=\/wp\/v2\/types\/post"}],"author":[{"embeddable":true,"href":"https:\/\/www.liceodeourense.com\/2.0\/index.php?rest_route=\/wp\/v2\/users\/2"}],"replies":[{"embeddable":true,"href":"https:\/\/www.liceodeourense.com\/2.0\/index.php?rest_route=%2Fwp%2Fv2%2Fcomments&post=11131"}],"version-history":[{"count":1,"href":"https:\/\/www.liceodeourense.com\/2.0\/index.php?rest_route=\/wp\/v2\/posts\/11131\/revisions"}],"predecessor-version":[{"id":11134,"href":"https:\/\/www.liceodeourense.com\/2.0\/index.php?rest_route=\/wp\/v2\/posts\/11131\/revisions\/11134"}],"wp:attachment":[{"href":"https:\/\/www.liceodeourense.com\/2.0\/index.php?rest_route=%2Fwp%2Fv2%2Fmedia&parent=11131"}],"wp:term":[{"taxonomy":"category","embeddable":true,"href":"https:\/\/www.liceodeourense.com\/2.0\/index.php?rest_route=%2Fwp%2Fv2%2Fcategories&post=11131"},{"taxonomy":"post_tag","embeddable":true,"href":"https:\/\/www.liceodeourense.com\/2.0\/index.php?rest_route=%2Fwp%2Fv2%2Ftags&post=11131"}],"curies":[{"name":"wp","href":"https:\/\/api.w.org\/{rel}","templated":true}]}}