{"id":10497,"date":"2019-06-03T10:47:31","date_gmt":"2019-06-03T09:47:31","guid":{"rendered":"http:\/\/www.liceodeourense.com\/2.0\/?p=10497"},"modified":"2019-06-03T20:12:58","modified_gmt":"2019-06-03T19:12:58","slug":"xxv-romeria-da-federacion-galega-de-circulos-e-casinos-culturais-en-ourense","status":"publish","type":"post","link":"https:\/\/www.liceodeourense.com\/2.0\/?p=10497","title":{"rendered":"XXV ROMER\u00cdA DA FEDERACI\u00d3N GALEGA DE C\u00cdRCULOS E CASINOS CULTURAIS EN OURENSE"},"content":{"rendered":"<h3>Onte celebramos no Liceo de Ourense a XXV ROMER\u00cdA DA FEDERACI\u00d3N GALEGA DE C\u00cdRCULOS E CASINOS CULTURAIS, que reune todos os anos a socios de moitas das entidades de Galicia, e no Liceo quixemos celebrar os 25 anos seguidos de Romerias, de convivencia, de amizade. Unha xornada que escomenzaba no Liceo, con unha visita o Pazo de Oca, para continuar con un paseo cultural pola cidade, para celebrar arredor do medio d\u00eda unha Misa na Igrexia de Santa Mar\u00eda Nai presidida por\u00a0 D. Miguel Angel Gonz\u00e1lez Garc\u00eda, a que sincieramente lle agradecemos a s\u00faa xenerosidade e as s\u00faas palabras de alento para todos nos.<\/h3>\n<p><a href=\"http:\/\/www.liceodeourense.com\/2.0\/?attachment_id=10507\" rel=\"attachment wp-att-10507\"><img loading=\"lazy\" decoding=\"async\" class=\"wp-image-10507 alignleft\" src=\"http:\/\/www.liceodeourense.com\/2.0\/wp-content\/uploads\/61695756_2751880891549148_688216948101611520_o.jpg\" alt=\"\" width=\"762\" height=\"572\" srcset=\"https:\/\/www.liceodeourense.com\/2.0\/wp-content\/uploads\/61695756_2751880891549148_688216948101611520_o.jpg 1824w, https:\/\/www.liceodeourense.com\/2.0\/wp-content\/uploads\/61695756_2751880891549148_688216948101611520_o-300x225.jpg 300w, https:\/\/www.liceodeourense.com\/2.0\/wp-content\/uploads\/61695756_2751880891549148_688216948101611520_o-768x576.jpg 768w, https:\/\/www.liceodeourense.com\/2.0\/wp-content\/uploads\/61695756_2751880891549148_688216948101611520_o-1024x768.jpg 1024w\" sizes=\"auto, (max-width: 762px) 100vw, 762px\" \/><\/a> <a href=\"http:\/\/www.liceodeourense.com\/2.0\/?attachment_id=10508\" rel=\"attachment wp-att-10508\"><img loading=\"lazy\" decoding=\"async\" class=\"wp-image-10508 alignleft\" src=\"http:\/\/www.liceodeourense.com\/2.0\/wp-content\/uploads\/61710305_2751880928215811_2039786033087774720_o.jpg\" alt=\"\" width=\"763\" height=\"572\" srcset=\"https:\/\/www.liceodeourense.com\/2.0\/wp-content\/uploads\/61710305_2751880928215811_2039786033087774720_o.jpg 1824w, https:\/\/www.liceodeourense.com\/2.0\/wp-content\/uploads\/61710305_2751880928215811_2039786033087774720_o-300x225.jpg 300w, https:\/\/www.liceodeourense.com\/2.0\/wp-content\/uploads\/61710305_2751880928215811_2039786033087774720_o-768x576.jpg 768w, https:\/\/www.liceodeourense.com\/2.0\/wp-content\/uploads\/61710305_2751880928215811_2039786033087774720_o-1024x768.jpg 1024w\" sizes=\"auto, (max-width: 763px) 100vw, 763px\" \/><\/a> <a href=\"http:\/\/www.liceodeourense.com\/2.0\/?attachment_id=10509\" rel=\"attachment wp-att-10509\"><img loading=\"lazy\" decoding=\"async\" class=\"wp-image-10509 alignleft\" src=\"http:\/\/www.liceodeourense.com\/2.0\/wp-content\/uploads\/62014029_2751882108215693_8438243446686220288_o.jpg\" alt=\"\" width=\"762\" height=\"572\" srcset=\"https:\/\/www.liceodeourense.com\/2.0\/wp-content\/uploads\/62014029_2751882108215693_8438243446686220288_o.jpg 1824w, https:\/\/www.liceodeourense.com\/2.0\/wp-content\/uploads\/62014029_2751882108215693_8438243446686220288_o-300x225.jpg 300w, https:\/\/www.liceodeourense.com\/2.0\/wp-content\/uploads\/62014029_2751882108215693_8438243446686220288_o-768x576.jpg 768w, https:\/\/www.liceodeourense.com\/2.0\/wp-content\/uploads\/62014029_2751882108215693_8438243446686220288_o-1024x768.jpg 1024w\" sizes=\"auto, (max-width: 762px) 100vw, 762px\" \/><\/a><\/p>\n<h3>A continuaci\u00f3n continuamos con un xantar na sala de tertulia do Liceo a base de un men\u00fa moi galego, para continuar con un festa ben divertida, alegre, e musical.<\/h3>\n<h3>Gracias a todos os que vos acerc\u00e1stedes a Ourense para participar de este \u00abencontro\u00bb.<\/h3>\n<p><a href=\"http:\/\/www.liceodeourense.com\/2.0\/?attachment_id=10498\" rel=\"attachment wp-att-10498\"><img loading=\"lazy\" decoding=\"async\" class=\"wp-image-10498 alignleft\" src=\"http:\/\/www.liceodeourense.com\/2.0\/wp-content\/uploads\/IMG-20190602-WA0005.jpg\" alt=\"\" width=\"745\" height=\"559\" srcset=\"https:\/\/www.liceodeourense.com\/2.0\/wp-content\/uploads\/IMG-20190602-WA0005.jpg 1600w, https:\/\/www.liceodeourense.com\/2.0\/wp-content\/uploads\/IMG-20190602-WA0005-300x225.jpg 300w, https:\/\/www.liceodeourense.com\/2.0\/wp-content\/uploads\/IMG-20190602-WA0005-768x576.jpg 768w, https:\/\/www.liceodeourense.com\/2.0\/wp-content\/uploads\/IMG-20190602-WA0005-1024x768.jpg 1024w\" sizes=\"auto, (max-width: 745px) 100vw, 745px\" \/><\/a> <a href=\"http:\/\/www.liceodeourense.com\/2.0\/?attachment_id=10499\" rel=\"attachment wp-att-10499\"><img loading=\"lazy\" decoding=\"async\" class=\"wp-image-10499 alignleft\" src=\"http:\/\/www.liceodeourense.com\/2.0\/wp-content\/uploads\/IMG-20190602-WA0006.jpg\" alt=\"\" width=\"745\" height=\"558\" srcset=\"https:\/\/www.liceodeourense.com\/2.0\/wp-content\/uploads\/IMG-20190602-WA0006.jpg 1600w, https:\/\/www.liceodeourense.com\/2.0\/wp-content\/uploads\/IMG-20190602-WA0006-300x225.jpg 300w, https:\/\/www.liceodeourense.com\/2.0\/wp-content\/uploads\/IMG-20190602-WA0006-768x576.jpg 768w, https:\/\/www.liceodeourense.com\/2.0\/wp-content\/uploads\/IMG-20190602-WA0006-1024x768.jpg 1024w\" sizes=\"auto, (max-width: 745px) 100vw, 745px\" \/><\/a> <a href=\"http:\/\/www.liceodeourense.com\/2.0\/?attachment_id=10500\" rel=\"attachment wp-att-10500\"><img loading=\"lazy\" decoding=\"async\" class=\"wp-image-10500 alignleft\" src=\"http:\/\/www.liceodeourense.com\/2.0\/wp-content\/uploads\/IMG-20190602-WA0007.jpg\" alt=\"\" width=\"742\" height=\"556\" srcset=\"https:\/\/www.liceodeourense.com\/2.0\/wp-content\/uploads\/IMG-20190602-WA0007.jpg 1600w, https:\/\/www.liceodeourense.com\/2.0\/wp-content\/uploads\/IMG-20190602-WA0007-300x225.jpg 300w, https:\/\/www.liceodeourense.com\/2.0\/wp-content\/uploads\/IMG-20190602-WA0007-768x576.jpg 768w, https:\/\/www.liceodeourense.com\/2.0\/wp-content\/uploads\/IMG-20190602-WA0007-1024x768.jpg 1024w\" sizes=\"auto, (max-width: 742px) 100vw, 742px\" \/><\/a> <a href=\"http:\/\/www.liceodeourense.com\/2.0\/?attachment_id=10501\" rel=\"attachment wp-att-10501\"><img loading=\"lazy\" decoding=\"async\" class=\"wp-image-10501 alignleft\" src=\"http:\/\/www.liceodeourense.com\/2.0\/wp-content\/uploads\/IMG-20190602-WA0008.jpg\" alt=\"\" width=\"745\" height=\"559\" srcset=\"https:\/\/www.liceodeourense.com\/2.0\/wp-content\/uploads\/IMG-20190602-WA0008.jpg 1600w, https:\/\/www.liceodeourense.com\/2.0\/wp-content\/uploads\/IMG-20190602-WA0008-300x225.jpg 300w, https:\/\/www.liceodeourense.com\/2.0\/wp-content\/uploads\/IMG-20190602-WA0008-768x576.jpg 768w, https:\/\/www.liceodeourense.com\/2.0\/wp-content\/uploads\/IMG-20190602-WA0008-1024x768.jpg 1024w\" sizes=\"auto, (max-width: 745px) 100vw, 745px\" \/><\/a> <a href=\"http:\/\/www.liceodeourense.com\/2.0\/?attachment_id=10502\" rel=\"attachment wp-att-10502\"><img loading=\"lazy\" decoding=\"async\" class=\"wp-image-10502 alignleft\" src=\"http:\/\/www.liceodeourense.com\/2.0\/wp-content\/uploads\/IMG-20190602-WA0009.jpg\" alt=\"\" width=\"750\" height=\"562\" srcset=\"https:\/\/www.liceodeourense.com\/2.0\/wp-content\/uploads\/IMG-20190602-WA0009.jpg 1600w, https:\/\/www.liceodeourense.com\/2.0\/wp-content\/uploads\/IMG-20190602-WA0009-300x225.jpg 300w, https:\/\/www.liceodeourense.com\/2.0\/wp-content\/uploads\/IMG-20190602-WA0009-768x576.jpg 768w, https:\/\/www.liceodeourense.com\/2.0\/wp-content\/uploads\/IMG-20190602-WA0009-1024x768.jpg 1024w\" sizes=\"auto, (max-width: 750px) 100vw, 750px\" \/><\/a> <a href=\"http:\/\/www.liceodeourense.com\/2.0\/?attachment_id=10503\" rel=\"attachment wp-att-10503\"><img loading=\"lazy\" decoding=\"async\" class=\"wp-image-10503 alignleft\" src=\"http:\/\/www.liceodeourense.com\/2.0\/wp-content\/uploads\/IMG-20190602-WA0010.jpg\" alt=\"\" width=\"743\" height=\"558\" srcset=\"https:\/\/www.liceodeourense.com\/2.0\/wp-content\/uploads\/IMG-20190602-WA0010.jpg 1600w, https:\/\/www.liceodeourense.com\/2.0\/wp-content\/uploads\/IMG-20190602-WA0010-300x225.jpg 300w, https:\/\/www.liceodeourense.com\/2.0\/wp-content\/uploads\/IMG-20190602-WA0010-768x576.jpg 768w, https:\/\/www.liceodeourense.com\/2.0\/wp-content\/uploads\/IMG-20190602-WA0010-1024x768.jpg 1024w\" sizes=\"auto, (max-width: 743px) 100vw, 743px\" \/><\/a> <a href=\"http:\/\/www.liceodeourense.com\/2.0\/?attachment_id=10504\" rel=\"attachment wp-att-10504\"><img loading=\"lazy\" decoding=\"async\" class=\"wp-image-10504 alignleft\" src=\"http:\/\/www.liceodeourense.com\/2.0\/wp-content\/uploads\/IMG-20190602-WA0011.jpg\" alt=\"\" width=\"745\" height=\"558\" srcset=\"https:\/\/www.liceodeourense.com\/2.0\/wp-content\/uploads\/IMG-20190602-WA0011.jpg 1600w, https:\/\/www.liceodeourense.com\/2.0\/wp-content\/uploads\/IMG-20190602-WA0011-300x225.jpg 300w, https:\/\/www.liceodeourense.com\/2.0\/wp-content\/uploads\/IMG-20190602-WA0011-768x576.jpg 768w, https:\/\/www.liceodeourense.com\/2.0\/wp-content\/uploads\/IMG-20190602-WA0011-1024x768.jpg 1024w\" sizes=\"auto, (max-width: 745px) 100vw, 745px\" \/><\/a><\/p>\n","protected":false},"excerpt":{"rendered":"<p>Onte celebramos no Liceo de Ourense a XXV ROMER\u00cdA DA FEDERACI\u00d3N GALEGA DE C\u00cdRCULOS E CASINOS CULTURAIS, que reune todos os anos a socios de moitas das entidades de Galicia, e no Liceo quixemos celebrar os 25 anos seguidos de Romerias, de convivencia, de amizade. Unha xornada que escomenzaba no Liceo, con unha visita o [&hellip;]<\/p>\n","protected":false},"author":2,"featured_media":0,"comment_status":"open","ping_status":"closed","sticky":false,"template":"","format":"standard","meta":{"footnotes":""},"categories":[9,7],"tags":[],"class_list":["post-10497","post","type-post","status-publish","format-standard","hentry","category-varios","category-viaxes"],"_links":{"self":[{"href":"https:\/\/www.liceodeourense.com\/2.0\/index.php?rest_route=\/wp\/v2\/posts\/10497","targetHints":{"allow":["GET"]}}],"collection":[{"href":"https:\/\/www.liceodeourense.com\/2.0\/index.php?rest_route=\/wp\/v2\/posts"}],"about":[{"href":"https:\/\/www.liceodeourense.com\/2.0\/index.php?rest_route=\/wp\/v2\/types\/post"}],"author":[{"embeddable":true,"href":"https:\/\/www.liceodeourense.com\/2.0\/index.php?rest_route=\/wp\/v2\/users\/2"}],"replies":[{"embeddable":true,"href":"https:\/\/www.liceodeourense.com\/2.0\/index.php?rest_route=%2Fwp%2Fv2%2Fcomments&post=10497"}],"version-history":[{"count":4,"href":"https:\/\/www.liceodeourense.com\/2.0\/index.php?rest_route=\/wp\/v2\/posts\/10497\/revisions"}],"predecessor-version":[{"id":10511,"href":"https:\/\/www.liceodeourense.com\/2.0\/index.php?rest_route=\/wp\/v2\/posts\/10497\/revisions\/10511"}],"wp:attachment":[{"href":"https:\/\/www.liceodeourense.com\/2.0\/index.php?rest_route=%2Fwp%2Fv2%2Fmedia&parent=10497"}],"wp:term":[{"taxonomy":"category","embeddable":true,"href":"https:\/\/www.liceodeourense.com\/2.0\/index.php?rest_route=%2Fwp%2Fv2%2Fcategories&post=10497"},{"taxonomy":"post_tag","embeddable":true,"href":"https:\/\/www.liceodeourense.com\/2.0\/index.php?rest_route=%2Fwp%2Fv2%2Ftags&post=10497"}],"curies":[{"name":"wp","href":"https:\/\/api.w.org\/{rel}","templated":true}]}}