{"id":10304,"date":"2019-04-27T17:13:58","date_gmt":"2019-04-27T16:13:58","guid":{"rendered":"http:\/\/www.liceodeourense.com\/2.0\/?p=10304"},"modified":"2019-04-27T17:26:19","modified_gmt":"2019-04-27T16:26:19","slug":"otro-viernes-mas-de-fin-de-mes-otro-lujazo-de-concierto-de-etiqueta-negra","status":"publish","type":"post","link":"https:\/\/www.liceodeourense.com\/2.0\/?p=10304","title":{"rendered":"\u00abotro viernes m\u00e1s de fin de mes\u00bb&#8230; otro lujazo de Concierto de ETIQUETA NEGRA"},"content":{"rendered":"<h3><a href=\"http:\/\/www.liceodeourense.com\/2.0\/?attachment_id=10307\" rel=\"attachment wp-att-10307\"><img loading=\"lazy\" decoding=\"async\" class=\"wp-image-10307 alignleft\" src=\"http:\/\/www.liceodeourense.com\/2.0\/wp-content\/uploads\/IMG-20190427-WA0002.jpg\" alt=\"\" width=\"739\" height=\"416\" srcset=\"https:\/\/www.liceodeourense.com\/2.0\/wp-content\/uploads\/IMG-20190427-WA0002.jpg 1600w, https:\/\/www.liceodeourense.com\/2.0\/wp-content\/uploads\/IMG-20190427-WA0002-300x169.jpg 300w, https:\/\/www.liceodeourense.com\/2.0\/wp-content\/uploads\/IMG-20190427-WA0002-768x432.jpg 768w, https:\/\/www.liceodeourense.com\/2.0\/wp-content\/uploads\/IMG-20190427-WA0002-1024x576.jpg 1024w\" sizes=\"auto, (max-width: 739px) 100vw, 739px\" \/><\/a><\/h3>\n<h3>\u00abotro viernes m\u00e1s de fin de mes\u00bb&#8230; otro lujazo de Concierto de ETIQUETA NEGRA, con novedades cada actuaci\u00f3n, as\u00ed se presenta ETIQUETA NEGRA, en esta ocasi\u00f3n fu\u00e9 el p\u00fablico el que eligi\u00f3 el repertorio del concierto con su decisi\u00f3n, y sali\u00f3 lo que sali\u00f3,,, otro extraordinario conciertazo, y otra noche espectacular.<\/h3>\n<h3>Da gusto&#8230;.. simplemente&#8230;<\/h3>\n<h3>En mayo no tenemos CITA por problemas de agenda del grupo, pero prometemos un final de curso el d\u00eda 28 de JUNIO\u00a0 de TRACA&#8230;&#8230;<\/h3>\n<h3><a href=\"http:\/\/www.liceodeourense.com\/2.0\/?attachment_id=10305\" rel=\"attachment wp-att-10305\"><img loading=\"lazy\" decoding=\"async\" class=\"wp-image-10305 alignleft\" src=\"http:\/\/www.liceodeourense.com\/2.0\/wp-content\/uploads\/IMG-20190427-WA0000.jpg\" alt=\"\" width=\"746\" height=\"363\" srcset=\"https:\/\/www.liceodeourense.com\/2.0\/wp-content\/uploads\/IMG-20190427-WA0000.jpg 1600w, https:\/\/www.liceodeourense.com\/2.0\/wp-content\/uploads\/IMG-20190427-WA0000-300x146.jpg 300w, https:\/\/www.liceodeourense.com\/2.0\/wp-content\/uploads\/IMG-20190427-WA0000-768x373.jpg 768w, https:\/\/www.liceodeourense.com\/2.0\/wp-content\/uploads\/IMG-20190427-WA0000-1024x497.jpg 1024w\" sizes=\"auto, (max-width: 746px) 100vw, 746px\" \/><\/a> <a href=\"http:\/\/www.liceodeourense.com\/2.0\/?attachment_id=10306\" rel=\"attachment wp-att-10306\"><img loading=\"lazy\" decoding=\"async\" class=\"wp-image-10306 alignleft\" src=\"http:\/\/www.liceodeourense.com\/2.0\/wp-content\/uploads\/IMG-20190427-WA0001.jpg\" alt=\"\" width=\"741\" height=\"417\" srcset=\"https:\/\/www.liceodeourense.com\/2.0\/wp-content\/uploads\/IMG-20190427-WA0001.jpg 1600w, https:\/\/www.liceodeourense.com\/2.0\/wp-content\/uploads\/IMG-20190427-WA0001-300x169.jpg 300w, https:\/\/www.liceodeourense.com\/2.0\/wp-content\/uploads\/IMG-20190427-WA0001-768x432.jpg 768w, https:\/\/www.liceodeourense.com\/2.0\/wp-content\/uploads\/IMG-20190427-WA0001-1024x576.jpg 1024w\" sizes=\"auto, (max-width: 741px) 100vw, 741px\" \/><\/a> <a href=\"http:\/\/www.liceodeourense.com\/2.0\/?attachment_id=10308\" rel=\"attachment wp-att-10308\"><img loading=\"lazy\" decoding=\"async\" class=\"wp-image-10308 alignleft\" src=\"http:\/\/www.liceodeourense.com\/2.0\/wp-content\/uploads\/IMG-20190427-WA0003.jpg\" alt=\"\" width=\"752\" height=\"365\" srcset=\"https:\/\/www.liceodeourense.com\/2.0\/wp-content\/uploads\/IMG-20190427-WA0003.jpg 1600w, https:\/\/www.liceodeourense.com\/2.0\/wp-content\/uploads\/IMG-20190427-WA0003-300x146.jpg 300w, https:\/\/www.liceodeourense.com\/2.0\/wp-content\/uploads\/IMG-20190427-WA0003-768x373.jpg 768w, https:\/\/www.liceodeourense.com\/2.0\/wp-content\/uploads\/IMG-20190427-WA0003-1024x497.jpg 1024w\" sizes=\"auto, (max-width: 752px) 100vw, 752px\" \/><\/a><a href=\"http:\/\/www.liceodeourense.com\/2.0\/?attachment_id=10189\" rel=\"attachment wp-att-10189\"><img loading=\"lazy\" decoding=\"async\" class=\"wp-image-10189 alignleft\" src=\"http:\/\/www.liceodeourense.com\/2.0\/wp-content\/uploads\/ETIQUETA-NEGRA-15.jpg\" alt=\"\" width=\"751\" height=\"1061\" srcset=\"https:\/\/www.liceodeourense.com\/2.0\/wp-content\/uploads\/ETIQUETA-NEGRA-15.jpg 1191w, https:\/\/www.liceodeourense.com\/2.0\/wp-content\/uploads\/ETIQUETA-NEGRA-15-212x300.jpg 212w, https:\/\/www.liceodeourense.com\/2.0\/wp-content\/uploads\/ETIQUETA-NEGRA-15-768x1085.jpg 768w, https:\/\/www.liceodeourense.com\/2.0\/wp-content\/uploads\/ETIQUETA-NEGRA-15-725x1024.jpg 725w\" sizes=\"auto, (max-width: 751px) 100vw, 751px\" \/><\/a><\/h3>\n","protected":false},"excerpt":{"rendered":"<p>\u00abotro viernes m\u00e1s de fin de mes\u00bb&#8230; otro lujazo de Concierto de ETIQUETA NEGRA, con novedades cada actuaci\u00f3n, as\u00ed se presenta ETIQUETA NEGRA, en esta ocasi\u00f3n fu\u00e9 el p\u00fablico el que eligi\u00f3 el repertorio del concierto con su decisi\u00f3n, y sali\u00f3 lo que sali\u00f3,,, otro extraordinario conciertazo, y otra noche espectacular. Da gusto&#8230;.. simplemente&#8230; En [&hellip;]<\/p>\n","protected":false},"author":2,"featured_media":0,"comment_status":"open","ping_status":"closed","sticky":false,"template":"","format":"standard","meta":{"footnotes":""},"categories":[21],"tags":[],"class_list":["post-10304","post","type-post","status-publish","format-standard","hentry","category-musica-concertos-patio-de-columnas"],"_links":{"self":[{"href":"https:\/\/www.liceodeourense.com\/2.0\/index.php?rest_route=\/wp\/v2\/posts\/10304","targetHints":{"allow":["GET"]}}],"collection":[{"href":"https:\/\/www.liceodeourense.com\/2.0\/index.php?rest_route=\/wp\/v2\/posts"}],"about":[{"href":"https:\/\/www.liceodeourense.com\/2.0\/index.php?rest_route=\/wp\/v2\/types\/post"}],"author":[{"embeddable":true,"href":"https:\/\/www.liceodeourense.com\/2.0\/index.php?rest_route=\/wp\/v2\/users\/2"}],"replies":[{"embeddable":true,"href":"https:\/\/www.liceodeourense.com\/2.0\/index.php?rest_route=%2Fwp%2Fv2%2Fcomments&post=10304"}],"version-history":[{"count":1,"href":"https:\/\/www.liceodeourense.com\/2.0\/index.php?rest_route=\/wp\/v2\/posts\/10304\/revisions"}],"predecessor-version":[{"id":10309,"href":"https:\/\/www.liceodeourense.com\/2.0\/index.php?rest_route=\/wp\/v2\/posts\/10304\/revisions\/10309"}],"wp:attachment":[{"href":"https:\/\/www.liceodeourense.com\/2.0\/index.php?rest_route=%2Fwp%2Fv2%2Fmedia&parent=10304"}],"wp:term":[{"taxonomy":"category","embeddable":true,"href":"https:\/\/www.liceodeourense.com\/2.0\/index.php?rest_route=%2Fwp%2Fv2%2Fcategories&post=10304"},{"taxonomy":"post_tag","embeddable":true,"href":"https:\/\/www.liceodeourense.com\/2.0\/index.php?rest_route=%2Fwp%2Fv2%2Ftags&post=10304"}],"curies":[{"name":"wp","href":"https:\/\/api.w.org\/{rel}","templated":true}]}}