{"id":1,"date":"2011-02-25T08:17:12","date_gmt":"2011-02-25T08:17:12","guid":{"rendered":"http:\/\/www.liceodeourense.com\/2.0\/?p=1"},"modified":"2012-01-25T09:58:31","modified_gmt":"2012-01-25T09:58:31","slug":"hola-mundo","status":"publish","type":"post","link":"https:\/\/www.liceodeourense.com\/2.0\/?p=1","title":{"rendered":"ASAMBLEA GENERAL ORDINARIA DE SOCIOS"},"content":{"rendered":"<p><a href=\"http:\/\/www.liceodeourense.com\/2.0\/?attachment_id=5\" rel=\"attachment wp-att-5\"><img loading=\"lazy\" decoding=\"async\" class=\"size-full wp-image-5 aligncenter\" title=\"logotipo\" src=\"http:\/\/www.liceodeourense.com\/2.0\/wp-content\/uploads\/2012\/01\/logotipo.jpg\" alt=\"\" width=\"97\" height=\"114\" \/><\/a><\/p>\n<p>En la tarde de jueves 24 de febrero los Socios de El Liceo de Ourense han celebrado su Asamblea General Ordinaria, que estatutariamente se convoca cada a\u00f1o, y en cuyo Orden del D\u00eda figuran adem\u00e1s de las cuentas y presupuesto econ\u00f3micos, el informe de la Memoria de Actividades del pasado a\u00f1o 2010 y los proyectos y propuestas de la Junta Directiva.<\/p>\n<p>A destacar en el lo que se refiere a la Memoria de actividades que El Liceo de Ourense ha finalizado el a\u00f1o 2010 prosiguiendo la l\u00ednea de conducta programada por la Sociedad desde su creaci\u00f3n, alcanzando un elevado nivel de prestigio, tanto cultural como social entre la ciudadan\u00eda ourensana, y habi\u00e9ndose realizado hasta 202 diferentes clases de actividades, ya directamente organizadas por la propia Entidad o en colaboraci\u00f3n con otros organismos y asociaciones de Ourense. Una gran parte de dichas actividades se enmarcan en la programaci\u00f3n de las distintas Secciones constituidas en el seno de la Sociedad, significando para nuestros asociados la posibilidad de ejercitar y llevar a cabo sus inclinaciones en el mundo del arte, de la literatura, de la m\u00fasica, del deporte, y de la cultura en general.<\/p>\n<p>En segundo lugar la Junta Directiva ha pesentado un proyecto informativo para la realizaci\u00f3n de las obras de reestructuraci\u00f3n en la sala ubicada en la planta baja, \u00abcon apertura a la plaza de Obispo Ces\u00e1reo\u00bb, a fin de ofrecer a los lice\u00edstas un espacio dedicado a \u00abrestauraci\u00f3n\u00bb, en el cual puedan celebrarse acontecimientos tanto de car\u00e1cter general como individual, y siempre en beneficio de la Sociedad y de los Socios y sus familias.<\/p>\n<p style=\"text-align: center;\"><a href=\"http:\/\/www.liceodeourense.com\/2.0\/wp-content\/uploads\/2012\/01\/MEMORIA-2010.pdf\">VER MEMORIA 2010<\/a><\/p>\n","protected":false},"excerpt":{"rendered":"<p>En la tarde de jueves 24 de febrero los Socios de El Liceo de Ourense han celebrado su Asamblea General Ordinaria, que estatutariamente se convoca cada a\u00f1o, y en cuyo Orden del D\u00eda figuran adem\u00e1s de las cuentas y presupuesto econ\u00f3micos, el informe de la Memoria de Actividades del pasado a\u00f1o 2010 y los proyectos [&hellip;]<\/p>\n","protected":false},"author":2,"featured_media":0,"comment_status":"closed","ping_status":"closed","sticky":false,"template":"","format":"standard","meta":{"footnotes":""},"categories":[1],"tags":[],"class_list":["post-1","post","type-post","status-publish","format-standard","hentry","category-sin-categoria"],"_links":{"self":[{"href":"https:\/\/www.liceodeourense.com\/2.0\/index.php?rest_route=\/wp\/v2\/posts\/1","targetHints":{"allow":["GET"]}}],"collection":[{"href":"https:\/\/www.liceodeourense.com\/2.0\/index.php?rest_route=\/wp\/v2\/posts"}],"about":[{"href":"https:\/\/www.liceodeourense.com\/2.0\/index.php?rest_route=\/wp\/v2\/types\/post"}],"author":[{"embeddable":true,"href":"https:\/\/www.liceodeourense.com\/2.0\/index.php?rest_route=\/wp\/v2\/users\/2"}],"replies":[{"embeddable":true,"href":"https:\/\/www.liceodeourense.com\/2.0\/index.php?rest_route=%2Fwp%2Fv2%2Fcomments&post=1"}],"version-history":[{"count":6,"href":"https:\/\/www.liceodeourense.com\/2.0\/index.php?rest_route=\/wp\/v2\/posts\/1\/revisions"}],"predecessor-version":[{"id":27,"href":"https:\/\/www.liceodeourense.com\/2.0\/index.php?rest_route=\/wp\/v2\/posts\/1\/revisions\/27"}],"wp:attachment":[{"href":"https:\/\/www.liceodeourense.com\/2.0\/index.php?rest_route=%2Fwp%2Fv2%2Fmedia&parent=1"}],"wp:term":[{"taxonomy":"category","embeddable":true,"href":"https:\/\/www.liceodeourense.com\/2.0\/index.php?rest_route=%2Fwp%2Fv2%2Fcategories&post=1"},{"taxonomy":"post_tag","embeddable":true,"href":"https:\/\/www.liceodeourense.com\/2.0\/index.php?rest_route=%2Fwp%2Fv2%2Ftags&post=1"}],"curies":[{"name":"wp","href":"https:\/\/api.w.org\/{rel}","templated":true}]}}