{"id":18368,"global_id":"www.liceodeourense.com\/2.0?id=18368","global_id_lineage":["www.liceodeourense.com\/2.0?id=18368"],"author":"2","status":"publish","date":"2026-04-21 18:14:17","date_utc":"2026-04-21 17:14:17","modified":"2026-04-21 18:43:55","modified_utc":"2026-04-21 17:43:55","url":"https:\/\/www.liceodeourense.com\/2.0\/?tribe_events=miteu-caminos-de-terra","rest_url":"https:\/\/www.liceodeourense.com\/2.0\/index.php?rest_route=\/tribe\/events\/v1\/events\/18368","title":"MITEU: Cami\u00f1os de terra","description":"<blockquote>\n<h3><img loading=\"lazy\" decoding=\"async\" class=\"alignnone size-full wp-image-18387\" src=\"https:\/\/www.liceodeourense.com\/2.0\/wp-content\/uploads\/12b-Paula.jpg\" alt=\"\" width=\"230\" height=\"189\" \/><\/h3>\n<h3><span class=\"datos-gris\">GRUPO:<br \/>\n<\/span><span class=\"companhia1\">PAULA CARBALLEIRA<\/span><span class=\"datos\">\u00a0GALCIA<\/span><br \/>\n<span class=\"datos-gris\">ESPECT\u00c1CULO:\u00a0<\/span><span class=\"obra\">Cami\u00f1os de terra<\/span><br \/>\n<span class=\"datos-gris\">AUTORA:<\/span><span class=\"datos\">\u00a0<strong>Paula Carballeira<\/strong><\/span><br \/>\n<span class=\"datos-gris\">LUGAR:\u00a0<\/span><span class=\"datos\">SALON NOBLE<\/span><br \/>\n<span class=\"datos-gris\">HORA:\u00a0<\/span><span class=\"datos\">21&#8217;00<\/span><br \/>\n<span class=\"datos-gris\">DURACI\u00d3N:<\/span><span class=\"datos\">\u00a060 minutos<\/span><br \/>\n<span class=\"datos-gris\">TARIFA:\u00a0<\/span><span class=\"datos\">5\u20ac<\/span><\/h3>\n<h3>Prefiro os cami\u00f1os de terra ao asfalto. \u00c1s veces, mesmo fago eu o cami\u00f1o ou marco o que algu\u00e9n abriu nalg\u00fan momento e se foi esvaecendo co tempo. Algo semellante acontece cos contos. O cami\u00f1o de terra obriga a ir m\u00e1is amodo, a prestarlle atenci\u00f3n, a parar para coller alento. Pode parecer abandonado, como as historias que se deixaron de contar, ou que non existe, como as historias que nunca se contaron, pero, de s\u00fapeto, a\u00ed est\u00e1, chamando por ti. Se \u00e9 de d\u00eda, entras nel con desleixo, a\u00ednda que poidas perderte. Se \u00e9 de noite, entras nel con curiosidade, alerta. Acomp\u00e1\u00f1ame polos cami\u00f1os destas historias, cami\u00f1os de terra.<\/h3>\n<h3><span class=\"datos-gris\">DIRECCI\u00d3N:<\/span>\u00a0<span class=\"datos\">PAULA CARBALLEIRA<br \/>\n<\/span><span class=\"datos-gris\">ELENCO:<\/span>\u00a0<span class=\"datos\">Paula Carballeira<\/span><\/h3>\n<\/blockquote>","excerpt":"","slug":"miteu-caminos-de-terra","image":{"url":"https:\/\/www.liceodeourense.com\/2.0\/wp-content\/uploads\/OIP.jpg","id":18348,"extension":"jpg","width":212,"height":300,"filesize":15313,"sizes":{"thumbnail":{"width":150,"height":150,"mime-type":"image\/jpeg","filesize":8436,"url":"https:\/\/www.liceodeourense.com\/2.0\/wp-content\/uploads\/OIP-150x150.jpg"}}},"all_day":false,"start_date":"2026-05-07 21:00:00","start_date_details":{"year":"2026","month":"05","day":"07","hour":"21","minutes":"00","seconds":"00"},"end_date":"2026-05-07 22:30:00","end_date_details":{"year":"2026","month":"05","day":"07","hour":"22","minutes":"30","seconds":"00"},"utc_start_date":"2026-05-07 20:00:00","utc_start_date_details":{"year":"2026","month":"05","day":"07","hour":"20","minutes":"00","seconds":"00"},"utc_end_date":"2026-05-07 21:30:00","utc_end_date_details":{"year":"2026","month":"05","day":"07","hour":"21","minutes":"30","seconds":"00"},"timezone":"UTC+1","timezone_abbr":"UTC+1","cost":"","cost_details":{"currency_symbol":"","currency_position":"prefix","values":[]},"website":"","show_map":true,"show_map_link":true,"hide_from_listings":false,"sticky":false,"featured":false,"categories":[{"name":"TEATRO","slug":"teatro","term_group":0,"term_taxonomy_id":45,"taxonomy":"tribe_events_cat","description":"","parent":0,"count":38,"filter":"raw","id":45,"urls":{"self":"https:\/\/www.liceodeourense.com\/2.0\/index.php?rest_route=\/tribe\/events\/v1\/categories\/45","collection":"https:\/\/www.liceodeourense.com\/2.0\/index.php?rest_route=\/tribe\/events\/v1\/categories"}}],"tags":[],"venue":[],"organizer":[],"json_ld":{"@context":"http:\/\/schema.org","@type":"Event","name":"MITEU: Cami\u00f1os de terra","description":"&lt;p&gt;GRUPO: PAULA CARBALLEIRA\u00a0GALCIA ESPECT\u00c1CULO:\u00a0Cami\u00f1os de terra AUTORA:\u00a0Paula Carballeira LUGAR:\u00a0SALON NOBLE HORA:\u00a021\\'00 DURACI\u00d3N:\u00a060 minutos TARIFA:\u00a05\u20ac Prefiro os cami\u00f1os de terra ao asfalto. \u00c1s veces, mesmo fago eu o cami\u00f1o ou marco o que algu\u00e9n abriu nalg\u00fan momento e se foi esvaecendo co tempo. Algo semellante acontece cos contos. O cami\u00f1o de terra obriga a ir m\u00e1is [&hellip;]&lt;\/p&gt;\\n","image":"https:\/\/www.liceodeourense.com\/2.0\/wp-content\/uploads\/OIP.jpg","url":"https:\/\/www.liceodeourense.com\/2.0\/?tribe_events=miteu-caminos-de-terra","startDate":"2026-05-07T21:00:00+01:00","endDate":"2026-05-07T22:30:00+01:00"}}