{"id":18366,"global_id":"www.liceodeourense.com\/2.0?id=18366","global_id_lineage":["www.liceodeourense.com\/2.0?id=18366"],"author":"2","status":"publish","date":"2026-04-21 18:12:59","date_utc":"2026-04-21 17:12:59","modified":"2026-04-21 18:43:23","modified_utc":"2026-04-21 17:43:23","url":"https:\/\/www.liceodeourense.com\/2.0\/?tribe_events=miteu-tartufo","rest_url":"https:\/\/www.liceodeourense.com\/2.0\/index.php?rest_route=\/tribe\/events\/v1\/events\/18366","title":"MITEU:  Tartufo","description":"<blockquote>\n<h3><img loading=\"lazy\" decoding=\"async\" class=\"alignnone size-full wp-image-18385\" src=\"https:\/\/www.liceodeourense.com\/2.0\/wp-content\/uploads\/12a-Tartufo.jpg\" alt=\"\" width=\"163\" height=\"230\" \/><\/h3>\n<h3 class=\"datos-gris\">GRUPO:<\/h3>\n<h3 class=\"sinopse\"><span class=\"companhia1\">AULA DE TEATRO DO CAMPUS DE PONTEVEDRA. UVIGO\u00a0<\/span><span class=\"datos\">GALICIA<\/span><span class=\"datos-gris\"><br \/>\nESPECT\u00c1CULO:<\/span><span class=\"obra\">\u00a0Tartufo<\/span><\/h3>\n<h3 class=\"sinopse\"><span class=\"datos-gris\">AUTOR:<\/span>\u00a0<span class=\"datos\"><strong>Jean-Baptiste Poquelin \u00abMoli\u00e8re\u00bb<\/strong><\/span><br \/>\n<span class=\"datos-gris\">LUGAR:\u00a0<\/span><span class=\"datos\">SALA DE TERTULIA<\/span><br \/>\n<span class=\"datos-gris\">HORA:\u00a0<\/span><span class=\"datos\">19&#8217;00<\/span><br \/>\n<span class=\"datos-gris\">DURACI\u00d3N:\u00a0<\/span><span class=\"datos\">80 minutos<br \/>\n<\/span><span class=\"datos-gris\">TARIFA:\u00a0<\/span><span class=\"datos\">3\u20ac<\/span><\/h3>\n<h3><em>Tartufo<\/em>\u00a0\u00e9 unha das comedias m\u00e1is representativas de Moli\u00e8re, na que o autor franc\u00e9s realiza unha cr\u00edtica furibunda da hipocris\u00eda da sociedade da s\u00faa \u00e9poca.<br \/>\n<em>Tartufo<\/em>, habilmente disfrazado de honradez e virtude, utiliza a aparencia externa da piedade para introducirse nun apacible fogar burgu\u00e9s e ga\u00f1ar a confianza do beato cabeza de familia Org\u00f3n. Baixo a s\u00faa m\u00e1scara virtuosa, Tartufo maquinar\u00e1 para colmar a s\u00faa ambici\u00f3n, envolvendo a toda a familia nunha trama de enredos e enganos.<\/h3>\n<h3 class=\"datos\"><span class=\"datos-gris\">DIRECCI\u00d3N:\u00a0<\/span>SALVADOR DEL R\u00cdO<br \/>\n<span class=\"datos-gris\">ELENCO:<\/span>\u00a0Carol Rufi\u00e1n, Celeste Cort\u00e9s, Fernando Huelin, Fons De Groot, Francisco Pernas, Jes\u00fas Antonio Gutierrez, Joan Manel\u00a0 Garc\u00eda, Mabel Fern\u00e1ndez, Mayka Freire, Ram\u00f3n Pastoriza, Suso Riveiro, Xaime Dom\u00ednguez<br \/>\nTraduci\u00f3n: Henrique Harguindey Banet<br \/>\n<span class=\"datos-gris\">Vestiario:\u00a0<\/span>Sonia Rua<br \/>\n<span class=\"datos-gris\">Imaxe:\u00a0<\/span>Diego Seixo<br \/>\n<span class=\"datos-gris\">M\u00dasica:\u00a0<\/span>Pablo Costas<br \/>\n<span class=\"datos-gris\">Iluminaci\u00d3n:\u00a0<\/span>Salvador del R\u00edo<\/h3>\n<h3><span class=\"datos-gris\">Codirecci\u00d3n:<\/span><span class=\"datos\">\u00a0Omar Ferr\u00edn<\/span><\/h3>\n<\/blockquote>","excerpt":"","slug":"miteu-tartufo","image":{"url":"https:\/\/www.liceodeourense.com\/2.0\/wp-content\/uploads\/OIP.jpg","id":18348,"extension":"jpg","width":212,"height":300,"filesize":15313,"sizes":{"thumbnail":{"width":150,"height":150,"mime-type":"image\/jpeg","filesize":8436,"url":"https:\/\/www.liceodeourense.com\/2.0\/wp-content\/uploads\/OIP-150x150.jpg"}}},"all_day":false,"start_date":"2026-05-07 19:00:00","start_date_details":{"year":"2026","month":"05","day":"07","hour":"19","minutes":"00","seconds":"00"},"end_date":"2026-05-07 20:00:00","end_date_details":{"year":"2026","month":"05","day":"07","hour":"20","minutes":"00","seconds":"00"},"utc_start_date":"2026-05-07 18:00:00","utc_start_date_details":{"year":"2026","month":"05","day":"07","hour":"18","minutes":"00","seconds":"00"},"utc_end_date":"2026-05-07 19:00:00","utc_end_date_details":{"year":"2026","month":"05","day":"07","hour":"19","minutes":"00","seconds":"00"},"timezone":"UTC+1","timezone_abbr":"UTC+1","cost":"","cost_details":{"currency_symbol":"","currency_position":"prefix","values":[]},"website":"","show_map":true,"show_map_link":true,"hide_from_listings":false,"sticky":false,"featured":false,"categories":[],"tags":[],"venue":[],"organizer":[],"json_ld":{"@context":"http:\/\/schema.org","@type":"Event","name":"MITEU:  Tartufo","description":"&lt;p&gt;GRUPO: AULA DE TEATRO DO CAMPUS DE PONTEVEDRA. UVIGO\u00a0GALICIA ESPECT\u00c1CULO:\u00a0Tartufo AUTOR:\u00a0Jean-Baptiste Poquelin &quot;Moli\u00e8re&quot; LUGAR:\u00a0SALA DE TERTULIA HORA:\u00a019\\'00 DURACI\u00d3N:\u00a080 minutos TARIFA:\u00a03\u20ac Tartufo\u00a0\u00e9 unha das comedias m\u00e1is representativas de Moli\u00e8re, na que o autor franc\u00e9s realiza unha cr\u00edtica furibunda da hipocris\u00eda da sociedade da s\u00faa \u00e9poca. Tartufo, habilmente disfrazado de honradez e virtude, utiliza a aparencia externa [&hellip;]&lt;\/p&gt;\\n","image":"https:\/\/www.liceodeourense.com\/2.0\/wp-content\/uploads\/OIP.jpg","url":"https:\/\/www.liceodeourense.com\/2.0\/?tribe_events=miteu-tartufo","startDate":"2026-05-07T19:00:00+01:00","endDate":"2026-05-07T20:00:00+01:00"}}