{"id":18244,"global_id":"www.liceodeourense.com\/2.0?id=18244","global_id_lineage":["www.liceodeourense.com\/2.0?id=18244"],"author":"2","status":"publish","date":"2026-03-13 10:49:44","date_utc":"2026-03-13 09:49:44","modified":"2026-03-13 11:10:36","modified_utc":"2026-03-13 10:10:36","url":"https:\/\/www.liceodeourense.com\/2.0\/?tribe_events=exposicion-camilo-jose-cela-juan-aparicio","rest_url":"https:\/\/www.liceodeourense.com\/2.0\/index.php?rest_route=\/tribe\/events\/v1\/events\/18244","title":"EXPOSICI\u00d3N \u00abCAMILO JOS\u00c9 CELA &#8211;  JUAN APARICIO\u00bb","description":"<blockquote>\n<h2>El pr\u00f3ximo 16 y hasta el 31 de marzo, se puede visitar la exposici\u00f3n \u201cCamilo Jos\u00e9 Cela, Juan Aparicio, Guadix, Celanova\u201d en el Liceo de Ourense.<br \/>\nUn trabajo de investigaci\u00f3n de Antonio Pi\u00f1eiro y de Torcuato Fandila sobre la relaci\u00f3n entre El Premio Novel de Literatura con el Concello de Celanova y su amigo accitano,<br \/>\nEs un interesante trabajo con m\u00e1s de un centenar de documentos\u00a0 y correspondencia entre ellos, y que es el primero de los actos que este a\u00f1o se realizar\u00e1n con motivo del 20 aniversario del hermanamiento de Ambas ciudades.<br \/>\nEl viernes 20 de marzo, se har\u00e1 una visita comentada a dicha exposici\u00f3n.<\/h2>\n<\/blockquote>","excerpt":"","slug":"exposicion-camilo-jose-cela-juan-aparicio","image":{"url":"https:\/\/www.liceodeourense.com\/2.0\/wp-content\/uploads\/IMG-20260312-WA0005.jpg","id":18245,"extension":"jpg","width":1142,"height":1600,"filesize":625123,"sizes":{"medium":{"width":214,"height":300,"mime-type":"image\/jpeg","filesize":22558,"url":"https:\/\/www.liceodeourense.com\/2.0\/wp-content\/uploads\/IMG-20260312-WA0005-214x300.jpg"},"large":{"width":731,"height":1024,"mime-type":"image\/jpeg","filesize":179005,"url":"https:\/\/www.liceodeourense.com\/2.0\/wp-content\/uploads\/IMG-20260312-WA0005-731x1024.jpg"},"thumbnail":{"width":150,"height":150,"mime-type":"image\/jpeg","filesize":9200,"url":"https:\/\/www.liceodeourense.com\/2.0\/wp-content\/uploads\/IMG-20260312-WA0005-150x150.jpg"},"medium_large":{"width":768,"height":1076,"mime-type":"image\/jpeg","filesize":195365,"url":"https:\/\/www.liceodeourense.com\/2.0\/wp-content\/uploads\/IMG-20260312-WA0005-768x1076.jpg"},"1536x1536":{"width":1096,"height":1536,"mime-type":"image\/jpeg","filesize":345247,"url":"https:\/\/www.liceodeourense.com\/2.0\/wp-content\/uploads\/IMG-20260312-WA0005-1096x1536.jpg"}}},"all_day":true,"start_date":"2026-03-16 00:00:00","start_date_details":{"year":"2026","month":"03","day":"16","hour":"00","minutes":"00","seconds":"00"},"end_date":"2026-03-31 23:59:59","end_date_details":{"year":"2026","month":"03","day":"31","hour":"23","minutes":"59","seconds":"59"},"utc_start_date":"2026-03-15 23:00:00","utc_start_date_details":{"year":"2026","month":"03","day":"15","hour":"23","minutes":"00","seconds":"00"},"utc_end_date":"2026-03-31 22:59:59","utc_end_date_details":{"year":"2026","month":"03","day":"31","hour":"22","minutes":"59","seconds":"59"},"timezone":"UTC+1","timezone_abbr":"UTC+1","cost":"","cost_details":{"currency_symbol":"","currency_position":"prefix","values":[]},"website":"","show_map":true,"show_map_link":true,"hide_from_listings":false,"sticky":false,"featured":false,"categories":[{"name":"EXPOSICIONES","slug":"exposiciones","term_group":0,"term_taxonomy_id":39,"taxonomy":"tribe_events_cat","description":"","parent":0,"count":77,"filter":"raw","id":39,"urls":{"self":"https:\/\/www.liceodeourense.com\/2.0\/index.php?rest_route=\/tribe\/events\/v1\/categories\/39","collection":"https:\/\/www.liceodeourense.com\/2.0\/index.php?rest_route=\/tribe\/events\/v1\/categories"}}],"tags":[],"venue":[],"organizer":[],"json_ld":{"@context":"http:\/\/schema.org","@type":"Event","name":"EXPOSICI\u00d3N \u00abCAMILO JOS\u00c9 CELA &#8211;  JUAN APARICIO\u00bb","description":"&lt;p&gt;El pr\u00f3ximo 16 y hasta el 31 de marzo, se puede visitar la exposici\u00f3n \u201cCamilo Jos\u00e9 Cela, Juan Aparicio, Guadix, Celanova\u201d en el Liceo de Ourense. Un trabajo de investigaci\u00f3n de Antonio Pi\u00f1eiro y de Torcuato Fandila sobre la relaci\u00f3n entre El Premio Novel de Literatura con el Concello de Celanova y su amigo accitano, [&hellip;]&lt;\/p&gt;\\n","image":"https:\/\/www.liceodeourense.com\/2.0\/wp-content\/uploads\/IMG-20260312-WA0005.jpg","url":"https:\/\/www.liceodeourense.com\/2.0\/?tribe_events=exposicion-camilo-jose-cela-juan-aparicio","startDate":"2026-03-16T00:00:00+01:00","endDate":"2026-03-31T23:59:59+01:00"}}