{"id":9773,"date":"2019-01-15T09:57:03","date_gmt":"2019-01-15T08:57:03","guid":{"rendered":"http:\/\/www.liceodeourense.com\/2.0\/?p=9773"},"modified":"2019-01-24T10:02:13","modified_gmt":"2019-01-24T09:02:13","slug":"presentacion-sello-conmemoracion-450-anos-de-la-biblia-del-oso-v-centenario-de-la-reforma-protestante","status":"publish","type":"post","link":"http:\/\/www.liceodeourense.com\/2.0\/?p=9773","title":{"rendered":"PRESENTACI\u00d3N SELLO CONMEMORACI\u00d3N 450 A\u00d1OS DE LA BIBLIA DEL OSO. V CENTENARIO DE LA REFORMA PROTESTANTE."},"content":{"rendered":"<h3><a href=\"http:\/\/www.liceodeourense.com\/2.0\/?attachment_id=9774\" rel=\"attachment wp-att-9774\"><img loading=\"lazy\" decoding=\"async\" class=\"alignright size-full wp-image-9774\" src=\"http:\/\/www.liceodeourense.com\/2.0\/wp-content\/uploads\/Boc_Biblia_del_Oso_B2M0.jpg\" alt=\"\" width=\"1616\" height=\"1120\" srcset=\"https:\/\/www.liceodeourense.com\/2.0\/wp-content\/uploads\/Boc_Biblia_del_Oso_B2M0.jpg 1616w, https:\/\/www.liceodeourense.com\/2.0\/wp-content\/uploads\/Boc_Biblia_del_Oso_B2M0-300x208.jpg 300w, https:\/\/www.liceodeourense.com\/2.0\/wp-content\/uploads\/Boc_Biblia_del_Oso_B2M0-768x532.jpg 768w, https:\/\/www.liceodeourense.com\/2.0\/wp-content\/uploads\/Boc_Biblia_del_Oso_B2M0-1024x710.jpg 1024w\" sizes=\"auto, (max-width: 1616px) 100vw, 1616px\" \/><\/a><\/h3>\n<h3>UN\u00a0 SAL\u00d3N NOBLE DEL LICEO ABARROTADO ACOGI\u00d3 LA\u00a0 PRESENTACI\u00d3N SELLO CONMEMORACI\u00d3N 450 A\u00d1OS DE LA BIBLIA DEL OSO. V CENTENARIO DE LA REFORMA PROTESTANTE..<\/h3>\n<p><a href=\"http:\/\/www.liceodeourense.com\/2.0\/?attachment_id=9775\" rel=\"attachment wp-att-9775\"><img loading=\"lazy\" decoding=\"async\" class=\"alignright size-full wp-image-9775\" src=\"http:\/\/www.liceodeourense.com\/2.0\/wp-content\/uploads\/5c3cb9ad1e80e_9f88255c-7a6b-464b-8e9b-d4d317167253.jpg\" alt=\"\" width=\"430\" height=\"294\" srcset=\"https:\/\/www.liceodeourense.com\/2.0\/wp-content\/uploads\/5c3cb9ad1e80e_9f88255c-7a6b-464b-8e9b-d4d317167253.jpg 430w, https:\/\/www.liceodeourense.com\/2.0\/wp-content\/uploads\/5c3cb9ad1e80e_9f88255c-7a6b-464b-8e9b-d4d317167253-300x205.jpg 300w\" sizes=\"auto, (max-width: 430px) 100vw, 430px\" \/><\/a> <a href=\"http:\/\/www.liceodeourense.com\/2.0\/?attachment_id=9776\" rel=\"attachment wp-att-9776\"><img loading=\"lazy\" decoding=\"async\" class=\"alignright size-full wp-image-9776\" src=\"http:\/\/www.liceodeourense.com\/2.0\/wp-content\/uploads\/5c3cb9ad1f0e2_selo8.jpeg\" alt=\"\" width=\"430\" height=\"230\" srcset=\"https:\/\/www.liceodeourense.com\/2.0\/wp-content\/uploads\/5c3cb9ad1f0e2_selo8.jpeg 430w, https:\/\/www.liceodeourense.com\/2.0\/wp-content\/uploads\/5c3cb9ad1f0e2_selo8-300x160.jpeg 300w\" sizes=\"auto, (max-width: 430px) 100vw, 430px\" \/><\/a><\/p>\n<p>Por primera vez en Espa\u00f1a, un sello emitido por Correos hace alusi\u00f3n a una efem\u00e9ride relacionada con el pueblo evang\u00e9lico. Este hecho singular e hist\u00f3rico ha tenido su acto de presentaci\u00f3n en el Liceo de Ourense este lunes, ante la presencia de autoridades regionales y locales y una amplia participaci\u00f3n de entidades e iglesias evang\u00e9licas de todo el pa\u00eds. La felicidad era notable en los rostros y expresiones de participantes y asistentes. No era para menos, dado que como explic\u00f3 Jos\u00e9 Luis Fern\u00e1ndez Carnicero, del comit\u00e9 organizador de la petici\u00f3n del sello y miembro de la Iglesia Evang\u00e9lica Bonhome, se trataba de un acto lleno de simbolismo. \u201cEs la primera vez que se recuerda una efem\u00e9ride de la Reforma Protestante y de la Biblia del Oso, en un sello\u201d, dec\u00eda. En su discurso aparec\u00eda la emoci\u00f3n al recordar a tantos que en Espa\u00f1a lucharon por la libertad, \u201csembraron con sus vidas\u201d para que otros pudieran tener acceso a este libro, \u201cla Palabra de Dios\u201d, afirm\u00f3 Jos\u00e9 Luis Fern\u00e1ndez. Por fin, afirm\u00f3 Fern\u00e1ndez Carnicero, \u201cEspa\u00f1a celebra la Reforma Protestante con un sello\u201d.<br \/>\nLeer m\u00e1s:<\/p>\n<p><a href=\"http:\/\/protestantedigital.com\/espana\/46238\/Un_sello_que_hace_justicia_450_anos_despues?fbclid=IwAR3AjiEQEAL2SQCZp3Acavg1qQjqe3iXqt_NE2asmtgg6vpKFzvI_VsY7-U\">http:\/\/protestantedigital.com\/espana\/46238\/Un_sello_que_hace_justicia_450_anos_despues?fbclid=IwAR3AjiEQEAL2SQCZp3Acavg1qQjqe3iXqt_NE2asmtgg6vpKFzvI_VsY7-U<\/a><\/p>\n<p>&nbsp;<\/p>\n","protected":false},"excerpt":{"rendered":"<p>UN\u00a0 SAL\u00d3N NOBLE DEL LICEO ABARROTADO ACOGI\u00d3 LA\u00a0 PRESENTACI\u00d3N SELLO CONMEMORACI\u00d3N 450 A\u00d1OS DE LA BIBLIA DEL OSO. V CENTENARIO DE LA REFORMA PROTESTANTE.. Por primera vez en Espa\u00f1a, un sello emitido por Correos hace alusi\u00f3n a una efem\u00e9ride relacionada con el pueblo evang\u00e9lico. Este hecho singular e hist\u00f3rico ha tenido su acto de presentaci\u00f3n [&hellip;]<\/p>\n","protected":false},"author":2,"featured_media":0,"comment_status":"open","ping_status":"closed","sticky":false,"template":"","format":"standard","meta":{"footnotes":""},"categories":[9],"tags":[],"class_list":["post-9773","post","type-post","status-publish","format-standard","hentry","category-varios"],"_links":{"self":[{"href":"http:\/\/www.liceodeourense.com\/2.0\/index.php?rest_route=\/wp\/v2\/posts\/9773","targetHints":{"allow":["GET"]}}],"collection":[{"href":"http:\/\/www.liceodeourense.com\/2.0\/index.php?rest_route=\/wp\/v2\/posts"}],"about":[{"href":"http:\/\/www.liceodeourense.com\/2.0\/index.php?rest_route=\/wp\/v2\/types\/post"}],"author":[{"embeddable":true,"href":"http:\/\/www.liceodeourense.com\/2.0\/index.php?rest_route=\/wp\/v2\/users\/2"}],"replies":[{"embeddable":true,"href":"http:\/\/www.liceodeourense.com\/2.0\/index.php?rest_route=%2Fwp%2Fv2%2Fcomments&post=9773"}],"version-history":[{"count":1,"href":"http:\/\/www.liceodeourense.com\/2.0\/index.php?rest_route=\/wp\/v2\/posts\/9773\/revisions"}],"predecessor-version":[{"id":9777,"href":"http:\/\/www.liceodeourense.com\/2.0\/index.php?rest_route=\/wp\/v2\/posts\/9773\/revisions\/9777"}],"wp:attachment":[{"href":"http:\/\/www.liceodeourense.com\/2.0\/index.php?rest_route=%2Fwp%2Fv2%2Fmedia&parent=9773"}],"wp:term":[{"taxonomy":"category","embeddable":true,"href":"http:\/\/www.liceodeourense.com\/2.0\/index.php?rest_route=%2Fwp%2Fv2%2Fcategories&post=9773"},{"taxonomy":"post_tag","embeddable":true,"href":"http:\/\/www.liceodeourense.com\/2.0\/index.php?rest_route=%2Fwp%2Fv2%2Ftags&post=9773"}],"curies":[{"name":"wp","href":"https:\/\/api.w.org\/{rel}","templated":true}]}}