{"id":8719,"date":"2018-06-13T08:47:45","date_gmt":"2018-06-13T07:47:45","guid":{"rendered":"http:\/\/www.liceodeourense.com\/2.0\/?p=8719"},"modified":"2018-07-05T05:23:48","modified_gmt":"2018-07-05T04:23:48","slug":"merecido-homenaje-a-segis-bobillo-medalla-de-oro-del-liceo","status":"publish","type":"post","link":"http:\/\/www.liceodeourense.com\/2.0\/?p=8719","title":{"rendered":"MERECIDO HOMENAJE A SEGIS BOBILLO. MEDALLA DE ORO DEL LICEO."},"content":{"rendered":"<h3><a href=\"http:\/\/www.liceodeourense.com\/2.0\/merecido-homenaje-a-segis-bobillo-medalla-de-oro-del-liceo\/img-20180612-wa0032\/\" rel=\"attachment wp-att-8720\"><img loading=\"lazy\" decoding=\"async\" class=\"alignright size-full wp-image-8720\" src=\"http:\/\/www.liceodeourense.com\/2.0\/wp-content\/uploads\/IMG-20180612-WA0032.jpg\" alt=\"\" width=\"720\" height=\"1564\" srcset=\"https:\/\/www.liceodeourense.com\/2.0\/wp-content\/uploads\/IMG-20180612-WA0032.jpg 720w, https:\/\/www.liceodeourense.com\/2.0\/wp-content\/uploads\/IMG-20180612-WA0032-138x300.jpg 138w, https:\/\/www.liceodeourense.com\/2.0\/wp-content\/uploads\/IMG-20180612-WA0032-471x1024.jpg 471w\" sizes=\"auto, (max-width: 720px) 100vw, 720px\" \/><\/a><\/h3>\n<h3>Ayer por la tarde tuvo lugar en el Sal\u00f3n Noble del Liceo el acto de la entrega de la MEDALLA DE ORO A SEGISMUNDO BOBILLO MORGADE, una merecido homenaje al que fue directivo de la Sociedad durante m\u00e1s de 40 a\u00f1os.<br \/>\n<a href=\"http:\/\/www.liceodeourense.com\/2.0\/merecido-homenaje-a-segis-bobillo-medalla-de-oro-del-liceo\/img_20180612_200837\/\" rel=\"attachment wp-att-8721\"><img loading=\"lazy\" decoding=\"async\" class=\"alignright size-full wp-image-8721\" src=\"http:\/\/www.liceodeourense.com\/2.0\/wp-content\/uploads\/IMG_20180612_200837.jpg\" alt=\"\" width=\"1190\" height=\"893\" srcset=\"https:\/\/www.liceodeourense.com\/2.0\/wp-content\/uploads\/IMG_20180612_200837.jpg 1190w, https:\/\/www.liceodeourense.com\/2.0\/wp-content\/uploads\/IMG_20180612_200837-300x225.jpg 300w, https:\/\/www.liceodeourense.com\/2.0\/wp-content\/uploads\/IMG_20180612_200837-768x576.jpg 768w, https:\/\/www.liceodeourense.com\/2.0\/wp-content\/uploads\/IMG_20180612_200837-1024x768.jpg 1024w\" sizes=\"auto, (max-width: 1190px) 100vw, 1190px\" \/><\/a> <a href=\"http:\/\/www.liceodeourense.com\/2.0\/merecido-homenaje-a-segis-bobillo-medalla-de-oro-del-liceo\/img_20180612_200846\/\" rel=\"attachment wp-att-8722\"><img loading=\"lazy\" decoding=\"async\" class=\"alignright size-full wp-image-8722\" src=\"http:\/\/www.liceodeourense.com\/2.0\/wp-content\/uploads\/IMG_20180612_200846.jpg\" alt=\"\" width=\"1190\" height=\"893\" srcset=\"https:\/\/www.liceodeourense.com\/2.0\/wp-content\/uploads\/IMG_20180612_200846.jpg 1190w, https:\/\/www.liceodeourense.com\/2.0\/wp-content\/uploads\/IMG_20180612_200846-300x225.jpg 300w, https:\/\/www.liceodeourense.com\/2.0\/wp-content\/uploads\/IMG_20180612_200846-768x576.jpg 768w, https:\/\/www.liceodeourense.com\/2.0\/wp-content\/uploads\/IMG_20180612_200846-1024x768.jpg 1024w\" sizes=\"auto, (max-width: 1190px) 100vw, 1190px\" \/><\/a> <a href=\"http:\/\/www.liceodeourense.com\/2.0\/merecido-homenaje-a-segis-bobillo-medalla-de-oro-del-liceo\/img_20180612_201241\/\" rel=\"attachment wp-att-8723\"><img loading=\"lazy\" decoding=\"async\" class=\"alignright size-full wp-image-8723\" src=\"http:\/\/www.liceodeourense.com\/2.0\/wp-content\/uploads\/IMG_20180612_201241.jpg\" alt=\"\" width=\"1190\" height=\"893\" srcset=\"https:\/\/www.liceodeourense.com\/2.0\/wp-content\/uploads\/IMG_20180612_201241.jpg 1190w, https:\/\/www.liceodeourense.com\/2.0\/wp-content\/uploads\/IMG_20180612_201241-300x225.jpg 300w, https:\/\/www.liceodeourense.com\/2.0\/wp-content\/uploads\/IMG_20180612_201241-768x576.jpg 768w, https:\/\/www.liceodeourense.com\/2.0\/wp-content\/uploads\/IMG_20180612_201241-1024x768.jpg 1024w\" sizes=\"auto, (max-width: 1190px) 100vw, 1190px\" \/><\/a><br \/>\nEl acto se inicio (y finaliz\u00f3) con la interpretaci\u00f3n al piano de &#8211; \u2018\u2018Paseni\u00f1o\u2019\u2019 y \u2018\u2018Costeira\u2019\u2019, a cargo de J. Luis Fdez. Carnicero.<\/h3>\n<h3>\nContinuo con la intervenci\u00f3n de Javier Casares Mouri\u00f1o, Presidente de El Liceo, que manifest\u00f3 que se rend\u00eda homenaje a \u00ab<span style=\"font-size: x-large;\">un destacado lice\u00edsta que, sin duda, tiene guardada en su coraz\u00f3n, la historia por el vivida de su paso por esta casa; rendimos homenaje a una persona que trabaj\u00f3 desinteresada y generosamente para hacer m\u00e1s grande esta sociedad\u00bb<\/span><br \/>\n<a href=\"http:\/\/www.liceodeourense.com\/2.0\/merecido-homenaje-a-segis-bobillo-medalla-de-oro-del-liceo\/img-20180612-wa0017\/\" rel=\"attachment wp-att-8726\"><img loading=\"lazy\" decoding=\"async\" class=\"alignright size-full wp-image-8726\" src=\"http:\/\/www.liceodeourense.com\/2.0\/wp-content\/uploads\/IMG-20180612-WA0017.jpg\" alt=\"\" width=\"1600\" height=\"1200\" srcset=\"https:\/\/www.liceodeourense.com\/2.0\/wp-content\/uploads\/IMG-20180612-WA0017.jpg 1600w, https:\/\/www.liceodeourense.com\/2.0\/wp-content\/uploads\/IMG-20180612-WA0017-300x225.jpg 300w, https:\/\/www.liceodeourense.com\/2.0\/wp-content\/uploads\/IMG-20180612-WA0017-768x576.jpg 768w, https:\/\/www.liceodeourense.com\/2.0\/wp-content\/uploads\/IMG-20180612-WA0017-1024x768.jpg 1024w\" sizes=\"auto, (max-width: 1600px) 100vw, 1600px\" \/><\/a> <a href=\"http:\/\/www.liceodeourense.com\/2.0\/merecido-homenaje-a-segis-bobillo-medalla-de-oro-del-liceo\/img-20180612-wa0022\/\" rel=\"attachment wp-att-8727\"><img loading=\"lazy\" decoding=\"async\" class=\"alignright size-full wp-image-8727\" src=\"http:\/\/www.liceodeourense.com\/2.0\/wp-content\/uploads\/IMG-20180612-WA0022.jpg\" alt=\"\" width=\"1600\" height=\"1200\" srcset=\"https:\/\/www.liceodeourense.com\/2.0\/wp-content\/uploads\/IMG-20180612-WA0022.jpg 1600w, https:\/\/www.liceodeourense.com\/2.0\/wp-content\/uploads\/IMG-20180612-WA0022-300x225.jpg 300w, https:\/\/www.liceodeourense.com\/2.0\/wp-content\/uploads\/IMG-20180612-WA0022-768x576.jpg 768w, https:\/\/www.liceodeourense.com\/2.0\/wp-content\/uploads\/IMG-20180612-WA0022-1024x768.jpg 1024w\" sizes=\"auto, (max-width: 1600px) 100vw, 1600px\" \/><\/a> <a href=\"http:\/\/www.liceodeourense.com\/2.0\/merecido-homenaje-a-segis-bobillo-medalla-de-oro-del-liceo\/img-20180612-wa0023\/\" rel=\"attachment wp-att-8728\"><img loading=\"lazy\" decoding=\"async\" class=\"alignright size-full wp-image-8728\" src=\"http:\/\/www.liceodeourense.com\/2.0\/wp-content\/uploads\/IMG-20180612-WA0023.jpg\" alt=\"\" width=\"1600\" height=\"1200\" srcset=\"https:\/\/www.liceodeourense.com\/2.0\/wp-content\/uploads\/IMG-20180612-WA0023.jpg 1600w, https:\/\/www.liceodeourense.com\/2.0\/wp-content\/uploads\/IMG-20180612-WA0023-300x225.jpg 300w, https:\/\/www.liceodeourense.com\/2.0\/wp-content\/uploads\/IMG-20180612-WA0023-768x576.jpg 768w, https:\/\/www.liceodeourense.com\/2.0\/wp-content\/uploads\/IMG-20180612-WA0023-1024x768.jpg 1024w\" sizes=\"auto, (max-width: 1600px) 100vw, 1600px\" \/><\/a> <a href=\"http:\/\/www.liceodeourense.com\/2.0\/merecido-homenaje-a-segis-bobillo-medalla-de-oro-del-liceo\/img-20180612-wa0024\/\" rel=\"attachment wp-att-8729\"><img loading=\"lazy\" decoding=\"async\" class=\"alignright size-full wp-image-8729\" src=\"http:\/\/www.liceodeourense.com\/2.0\/wp-content\/uploads\/IMG-20180612-WA0024.jpg\" alt=\"\" width=\"1200\" height=\"1600\" srcset=\"https:\/\/www.liceodeourense.com\/2.0\/wp-content\/uploads\/IMG-20180612-WA0024.jpg 1200w, https:\/\/www.liceodeourense.com\/2.0\/wp-content\/uploads\/IMG-20180612-WA0024-225x300.jpg 225w, https:\/\/www.liceodeourense.com\/2.0\/wp-content\/uploads\/IMG-20180612-WA0024-768x1024.jpg 768w\" sizes=\"auto, (max-width: 1200px) 100vw, 1200px\" \/><\/a> <a href=\"http:\/\/www.liceodeourense.com\/2.0\/merecido-homenaje-a-segis-bobillo-medalla-de-oro-del-liceo\/img-20180612-wa0025\/\" rel=\"attachment wp-att-8730\"><img loading=\"lazy\" decoding=\"async\" class=\"alignright size-full wp-image-8730\" src=\"http:\/\/www.liceodeourense.com\/2.0\/wp-content\/uploads\/IMG-20180612-WA0025.jpg\" alt=\"\" width=\"1600\" height=\"1200\" srcset=\"https:\/\/www.liceodeourense.com\/2.0\/wp-content\/uploads\/IMG-20180612-WA0025.jpg 1600w, https:\/\/www.liceodeourense.com\/2.0\/wp-content\/uploads\/IMG-20180612-WA0025-300x225.jpg 300w, https:\/\/www.liceodeourense.com\/2.0\/wp-content\/uploads\/IMG-20180612-WA0025-768x576.jpg 768w, https:\/\/www.liceodeourense.com\/2.0\/wp-content\/uploads\/IMG-20180612-WA0025-1024x768.jpg 1024w\" sizes=\"auto, (max-width: 1600px) 100vw, 1600px\" \/><\/a> <a href=\"http:\/\/www.liceodeourense.com\/2.0\/merecido-homenaje-a-segis-bobillo-medalla-de-oro-del-liceo\/img-20180612-wa0026\/\" rel=\"attachment wp-att-8731\"><img loading=\"lazy\" decoding=\"async\" class=\"alignright size-full wp-image-8731\" src=\"http:\/\/www.liceodeourense.com\/2.0\/wp-content\/uploads\/IMG-20180612-WA0026.jpg\" alt=\"\" width=\"1600\" height=\"1200\" srcset=\"https:\/\/www.liceodeourense.com\/2.0\/wp-content\/uploads\/IMG-20180612-WA0026.jpg 1600w, https:\/\/www.liceodeourense.com\/2.0\/wp-content\/uploads\/IMG-20180612-WA0026-300x225.jpg 300w, https:\/\/www.liceodeourense.com\/2.0\/wp-content\/uploads\/IMG-20180612-WA0026-768x576.jpg 768w, https:\/\/www.liceodeourense.com\/2.0\/wp-content\/uploads\/IMG-20180612-WA0026-1024x768.jpg 1024w\" sizes=\"auto, (max-width: 1600px) 100vw, 1600px\" \/><\/a><br \/>\nA continuaci\u00f3n\u00a0 don Miguel \u00c1ngel Gonz\u00e1lez Garc\u00eda pronunci\u00f3 una\u00a0Conferencia con el t\u00edtulo : Segis Bobillo cerca del patrimonio de Ourense. Los alabastros de Celanova. Una intervenci\u00f3n brillante, educativa, como siempre es una delicia y un lujo escuchar a Miguel \u00c1ngel en sus intervenciones.<\/h3>\n<p><a href=\"http:\/\/www.liceodeourense.com\/2.0\/merecido-homenaje-a-segis-bobillo-medalla-de-oro-del-liceo\/img-20180612-wa0018\/\" rel=\"attachment wp-att-8724\"><img loading=\"lazy\" decoding=\"async\" class=\"alignright size-full wp-image-8724\" src=\"http:\/\/www.liceodeourense.com\/2.0\/wp-content\/uploads\/IMG-20180612-WA0018.jpg\" alt=\"\" width=\"1600\" height=\"1200\" srcset=\"https:\/\/www.liceodeourense.com\/2.0\/wp-content\/uploads\/IMG-20180612-WA0018.jpg 1600w, https:\/\/www.liceodeourense.com\/2.0\/wp-content\/uploads\/IMG-20180612-WA0018-300x225.jpg 300w, https:\/\/www.liceodeourense.com\/2.0\/wp-content\/uploads\/IMG-20180612-WA0018-768x576.jpg 768w, https:\/\/www.liceodeourense.com\/2.0\/wp-content\/uploads\/IMG-20180612-WA0018-1024x768.jpg 1024w\" sizes=\"auto, (max-width: 1600px) 100vw, 1600px\" \/><\/a> <a href=\"http:\/\/www.liceodeourense.com\/2.0\/merecido-homenaje-a-segis-bobillo-medalla-de-oro-del-liceo\/img-20180612-wa0019\/\" rel=\"attachment wp-att-8725\"><img loading=\"lazy\" decoding=\"async\" class=\"alignright size-full wp-image-8725\" src=\"http:\/\/www.liceodeourense.com\/2.0\/wp-content\/uploads\/IMG-20180612-WA0019.jpg\" alt=\"\" width=\"1600\" height=\"1200\" srcset=\"https:\/\/www.liceodeourense.com\/2.0\/wp-content\/uploads\/IMG-20180612-WA0019.jpg 1600w, https:\/\/www.liceodeourense.com\/2.0\/wp-content\/uploads\/IMG-20180612-WA0019-300x225.jpg 300w, https:\/\/www.liceodeourense.com\/2.0\/wp-content\/uploads\/IMG-20180612-WA0019-768x576.jpg 768w, https:\/\/www.liceodeourense.com\/2.0\/wp-content\/uploads\/IMG-20180612-WA0019-1024x768.jpg 1024w\" sizes=\"auto, (max-width: 1600px) 100vw, 1600px\" \/><\/a><\/p>\n<h3><\/h3>\n<h4><\/h4>\n","protected":false},"excerpt":{"rendered":"<p>Ayer por la tarde tuvo lugar en el Sal\u00f3n Noble del Liceo el acto de la entrega de la MEDALLA DE ORO A SEGISMUNDO BOBILLO MORGADE, una merecido homenaje al que fue directivo de la Sociedad durante m\u00e1s de 40 a\u00f1os. El acto se inicio (y finaliz\u00f3) con la interpretaci\u00f3n al piano de &#8211; \u2018\u2018Paseni\u00f1o\u2019\u2019 [&hellip;]<\/p>\n","protected":false},"author":2,"featured_media":8728,"comment_status":"open","ping_status":"closed","sticky":false,"template":"","format":"standard","meta":{"footnotes":""},"categories":[4],"tags":[],"class_list":["post-8719","post","type-post","status-publish","format-standard","has-post-thumbnail","hentry","category-liceo"],"_links":{"self":[{"href":"http:\/\/www.liceodeourense.com\/2.0\/index.php?rest_route=\/wp\/v2\/posts\/8719","targetHints":{"allow":["GET"]}}],"collection":[{"href":"http:\/\/www.liceodeourense.com\/2.0\/index.php?rest_route=\/wp\/v2\/posts"}],"about":[{"href":"http:\/\/www.liceodeourense.com\/2.0\/index.php?rest_route=\/wp\/v2\/types\/post"}],"author":[{"embeddable":true,"href":"http:\/\/www.liceodeourense.com\/2.0\/index.php?rest_route=\/wp\/v2\/users\/2"}],"replies":[{"embeddable":true,"href":"http:\/\/www.liceodeourense.com\/2.0\/index.php?rest_route=%2Fwp%2Fv2%2Fcomments&post=8719"}],"version-history":[{"count":2,"href":"http:\/\/www.liceodeourense.com\/2.0\/index.php?rest_route=\/wp\/v2\/posts\/8719\/revisions"}],"predecessor-version":[{"id":8733,"href":"http:\/\/www.liceodeourense.com\/2.0\/index.php?rest_route=\/wp\/v2\/posts\/8719\/revisions\/8733"}],"wp:featuredmedia":[{"embeddable":true,"href":"http:\/\/www.liceodeourense.com\/2.0\/index.php?rest_route=\/wp\/v2\/media\/8728"}],"wp:attachment":[{"href":"http:\/\/www.liceodeourense.com\/2.0\/index.php?rest_route=%2Fwp%2Fv2%2Fmedia&parent=8719"}],"wp:term":[{"taxonomy":"category","embeddable":true,"href":"http:\/\/www.liceodeourense.com\/2.0\/index.php?rest_route=%2Fwp%2Fv2%2Fcategories&post=8719"},{"taxonomy":"post_tag","embeddable":true,"href":"http:\/\/www.liceodeourense.com\/2.0\/index.php?rest_route=%2Fwp%2Fv2%2Ftags&post=8719"}],"curies":[{"name":"wp","href":"https:\/\/api.w.org\/{rel}","templated":true}]}}