{"id":8569,"date":"2018-05-20T09:33:22","date_gmt":"2018-05-20T08:33:22","guid":{"rendered":"http:\/\/www.liceodeourense.com\/2.0\/?p=8569"},"modified":"2018-05-23T09:47:15","modified_gmt":"2018-05-23T08:47:15","slug":"proyecto-entremares-un-lujo-de-duo-musical","status":"publish","type":"post","link":"http:\/\/www.liceodeourense.com\/2.0\/?p=8569","title":{"rendered":"\u00abPROYECTO ENTREMARES\u00bb un lujo de d\u00fao musical\u00bb"},"content":{"rendered":"<p><a href=\"http:\/\/www.liceodeourense.com\/2.0\/proyecto-entremares-un-lujo-de-duo-musical\/dsc_7999\/\" rel=\"attachment wp-att-8571\"><img loading=\"lazy\" decoding=\"async\" class=\"alignright size-full wp-image-8571\" src=\"http:\/\/www.liceodeourense.com\/2.0\/wp-content\/uploads\/DSC_7999.jpg\" alt=\"\" width=\"1478\" height=\"979\" srcset=\"https:\/\/www.liceodeourense.com\/2.0\/wp-content\/uploads\/DSC_7999.jpg 1478w, https:\/\/www.liceodeourense.com\/2.0\/wp-content\/uploads\/DSC_7999-300x199.jpg 300w, https:\/\/www.liceodeourense.com\/2.0\/wp-content\/uploads\/DSC_7999-768x509.jpg 768w, https:\/\/www.liceodeourense.com\/2.0\/wp-content\/uploads\/DSC_7999-1024x678.jpg 1024w\" sizes=\"auto, (max-width: 1478px) 100vw, 1478px\" \/><\/a><\/p>\n<h3>Proyecto Entremares un lujo de d\u00fao musical: el guitarrista Daniel Santos y el clarinetista-saxofonista Jos\u00e9 Luis Fraga.\u00a0 Entremares combina a la perfecci\u00f3n la m\u00fasica cl\u00e1sica, la atl\u00e1ntica, el jazz y el flamenco. Un disfrute de sonidos que sobrevuela distintos paisajes musicales como choros, fandangos, mornas, sonidos atl\u00e1nticos y ritmos celtas.<\/h3>\n<p><a href=\"http:\/\/www.liceodeourense.com\/2.0\/proyecto-entremares-un-lujo-de-duo-musical\/dsc_7997\/\" rel=\"attachment wp-att-8570\"><img loading=\"lazy\" decoding=\"async\" class=\"alignright size-full wp-image-8570\" src=\"http:\/\/www.liceodeourense.com\/2.0\/wp-content\/uploads\/DSC_7997.jpg\" alt=\"\" width=\"1478\" height=\"979\" srcset=\"https:\/\/www.liceodeourense.com\/2.0\/wp-content\/uploads\/DSC_7997.jpg 1478w, https:\/\/www.liceodeourense.com\/2.0\/wp-content\/uploads\/DSC_7997-300x199.jpg 300w, https:\/\/www.liceodeourense.com\/2.0\/wp-content\/uploads\/DSC_7997-768x509.jpg 768w, https:\/\/www.liceodeourense.com\/2.0\/wp-content\/uploads\/DSC_7997-1024x678.jpg 1024w\" sizes=\"auto, (max-width: 1478px) 100vw, 1478px\" \/><\/a> <a href=\"http:\/\/www.liceodeourense.com\/2.0\/proyecto-entremares-un-lujo-de-duo-musical\/dsc_8000\/\" rel=\"attachment wp-att-8572\"><img loading=\"lazy\" decoding=\"async\" class=\"alignright size-full wp-image-8572\" src=\"http:\/\/www.liceodeourense.com\/2.0\/wp-content\/uploads\/DSC_8000.jpg\" alt=\"\" width=\"1478\" height=\"979\" srcset=\"https:\/\/www.liceodeourense.com\/2.0\/wp-content\/uploads\/DSC_8000.jpg 1478w, https:\/\/www.liceodeourense.com\/2.0\/wp-content\/uploads\/DSC_8000-300x199.jpg 300w, https:\/\/www.liceodeourense.com\/2.0\/wp-content\/uploads\/DSC_8000-768x509.jpg 768w, https:\/\/www.liceodeourense.com\/2.0\/wp-content\/uploads\/DSC_8000-1024x678.jpg 1024w\" sizes=\"auto, (max-width: 1478px) 100vw, 1478px\" \/><\/a> <a href=\"http:\/\/www.liceodeourense.com\/2.0\/proyecto-entremares-un-lujo-de-duo-musical\/dsc_8001\/\" rel=\"attachment wp-att-8573\"><img loading=\"lazy\" decoding=\"async\" class=\"alignright size-full wp-image-8573\" src=\"http:\/\/www.liceodeourense.com\/2.0\/wp-content\/uploads\/DSC_8001.jpg\" alt=\"\" width=\"1478\" height=\"979\" srcset=\"https:\/\/www.liceodeourense.com\/2.0\/wp-content\/uploads\/DSC_8001.jpg 1478w, https:\/\/www.liceodeourense.com\/2.0\/wp-content\/uploads\/DSC_8001-300x199.jpg 300w, https:\/\/www.liceodeourense.com\/2.0\/wp-content\/uploads\/DSC_8001-768x509.jpg 768w, https:\/\/www.liceodeourense.com\/2.0\/wp-content\/uploads\/DSC_8001-1024x678.jpg 1024w\" sizes=\"auto, (max-width: 1478px) 100vw, 1478px\" \/><\/a><\/p>\n<p>&nbsp;<\/p>\n","protected":false},"excerpt":{"rendered":"<p>Proyecto Entremares un lujo de d\u00fao musical: el guitarrista Daniel Santos y el clarinetista-saxofonista Jos\u00e9 Luis Fraga.\u00a0 Entremares combina a la perfecci\u00f3n la m\u00fasica cl\u00e1sica, la atl\u00e1ntica, el jazz y el flamenco. Un disfrute de sonidos que sobrevuela distintos paisajes musicales como choros, fandangos, mornas, sonidos atl\u00e1nticos y ritmos celtas. &nbsp;<\/p>\n","protected":false},"author":2,"featured_media":0,"comment_status":"open","ping_status":"closed","sticky":false,"template":"","format":"standard","meta":{"footnotes":""},"categories":[21],"tags":[],"class_list":["post-8569","post","type-post","status-publish","format-standard","hentry","category-musica-concertos-patio-de-columnas"],"_links":{"self":[{"href":"http:\/\/www.liceodeourense.com\/2.0\/index.php?rest_route=\/wp\/v2\/posts\/8569","targetHints":{"allow":["GET"]}}],"collection":[{"href":"http:\/\/www.liceodeourense.com\/2.0\/index.php?rest_route=\/wp\/v2\/posts"}],"about":[{"href":"http:\/\/www.liceodeourense.com\/2.0\/index.php?rest_route=\/wp\/v2\/types\/post"}],"author":[{"embeddable":true,"href":"http:\/\/www.liceodeourense.com\/2.0\/index.php?rest_route=\/wp\/v2\/users\/2"}],"replies":[{"embeddable":true,"href":"http:\/\/www.liceodeourense.com\/2.0\/index.php?rest_route=%2Fwp%2Fv2%2Fcomments&post=8569"}],"version-history":[{"count":2,"href":"http:\/\/www.liceodeourense.com\/2.0\/index.php?rest_route=\/wp\/v2\/posts\/8569\/revisions"}],"predecessor-version":[{"id":8575,"href":"http:\/\/www.liceodeourense.com\/2.0\/index.php?rest_route=\/wp\/v2\/posts\/8569\/revisions\/8575"}],"wp:attachment":[{"href":"http:\/\/www.liceodeourense.com\/2.0\/index.php?rest_route=%2Fwp%2Fv2%2Fmedia&parent=8569"}],"wp:term":[{"taxonomy":"category","embeddable":true,"href":"http:\/\/www.liceodeourense.com\/2.0\/index.php?rest_route=%2Fwp%2Fv2%2Fcategories&post=8569"},{"taxonomy":"post_tag","embeddable":true,"href":"http:\/\/www.liceodeourense.com\/2.0\/index.php?rest_route=%2Fwp%2Fv2%2Ftags&post=8569"}],"curies":[{"name":"wp","href":"https:\/\/api.w.org\/{rel}","templated":true}]}}