{"id":7799,"date":"2017-12-27T11:42:53","date_gmt":"2017-12-27T10:42:53","guid":{"rendered":"http:\/\/www.liceodeourense.com\/2.0\/?p=7799"},"modified":"2017-12-27T11:58:46","modified_gmt":"2017-12-27T10:58:46","slug":"recital-de-piano-obras-de-schumann-a-cargo-de-rosalia-gomez-lasheras","status":"publish","type":"post","link":"http:\/\/www.liceodeourense.com\/2.0\/?p=7799","title":{"rendered":"Recital de Piano  obras de  Schumann, a cargo de Rosal\u00eda G\u00f3mez Lasheras"},"content":{"rendered":"<h3><a href=\"http:\/\/www.liceodeourense.com\/2.0\/recital-de-piano-obras-de-schumann-a-cargo-de-rosalia-gomez-lasheras\/img_20171226_201649\/\" rel=\"attachment wp-att-7802\"><img loading=\"lazy\" decoding=\"async\" class=\"alignright size-full wp-image-7802\" src=\"http:\/\/www.liceodeourense.com\/2.0\/wp-content\/uploads\/IMG_20171226_201649.jpg\" alt=\"\" width=\"1389\" height=\"1042\" srcset=\"https:\/\/www.liceodeourense.com\/2.0\/wp-content\/uploads\/IMG_20171226_201649.jpg 1389w, https:\/\/www.liceodeourense.com\/2.0\/wp-content\/uploads\/IMG_20171226_201649-300x225.jpg 300w, https:\/\/www.liceodeourense.com\/2.0\/wp-content\/uploads\/IMG_20171226_201649-768x576.jpg 768w, https:\/\/www.liceodeourense.com\/2.0\/wp-content\/uploads\/IMG_20171226_201649-1024x768.jpg 1024w\" sizes=\"auto, (max-width: 1389px) 100vw, 1389px\" \/><\/a><\/h3>\n<h3>Onte tivemos o luxo de escoitar un recital de Piano obras de Schumann, a cargo de Rosal\u00eda G\u00f3mez Lasheras, unha honra e un honor para o Liceo poder recibir a Rosal\u00eda, unha excelente int\u00e9rprete, grand\u00edsima persoa, y gran co\u00f1ecedora da obra de Schumann, oxal\u00e1 volvamos a escoitarte no noso Sal\u00f3n&#8230; gracias Rosal\u00eda, e gracias a todos os que estivestes acompa\u00f1andonos.<\/h3>\n<p>https:\/\/www.facebook.com\/joseluis.troitinamota\/videos\/1548075621928618\/<\/p>\n<p>https:\/\/www.facebook.com\/liceodeourense\/videos\/871868296321267\/<\/p>\n<p><a href=\"http:\/\/www.liceodeourense.com\/2.0\/recital-de-piano-obras-de-schumann-a-cargo-de-rosalia-gomez-lasheras\/img_20171226_201339\/\" rel=\"attachment wp-att-7800\"><img loading=\"lazy\" decoding=\"async\" class=\"alignright size-full wp-image-7800\" src=\"http:\/\/www.liceodeourense.com\/2.0\/wp-content\/uploads\/IMG_20171226_201339.jpg\" alt=\"\" width=\"893\" height=\"1190\" srcset=\"https:\/\/www.liceodeourense.com\/2.0\/wp-content\/uploads\/IMG_20171226_201339.jpg 893w, https:\/\/www.liceodeourense.com\/2.0\/wp-content\/uploads\/IMG_20171226_201339-225x300.jpg 225w, https:\/\/www.liceodeourense.com\/2.0\/wp-content\/uploads\/IMG_20171226_201339-768x1024.jpg 768w\" sizes=\"auto, (max-width: 893px) 100vw, 893px\" \/><\/a> <a href=\"http:\/\/www.liceodeourense.com\/2.0\/recital-de-piano-obras-de-schumann-a-cargo-de-rosalia-gomez-lasheras\/img_20171226_201349\/\" rel=\"attachment wp-att-7801\"><img loading=\"lazy\" decoding=\"async\" class=\"alignright size-full wp-image-7801\" src=\"http:\/\/www.liceodeourense.com\/2.0\/wp-content\/uploads\/IMG_20171226_201349.jpg\" alt=\"\" width=\"1190\" height=\"893\" srcset=\"https:\/\/www.liceodeourense.com\/2.0\/wp-content\/uploads\/IMG_20171226_201349.jpg 1190w, https:\/\/www.liceodeourense.com\/2.0\/wp-content\/uploads\/IMG_20171226_201349-300x225.jpg 300w, https:\/\/www.liceodeourense.com\/2.0\/wp-content\/uploads\/IMG_20171226_201349-768x576.jpg 768w, https:\/\/www.liceodeourense.com\/2.0\/wp-content\/uploads\/IMG_20171226_201349-1024x768.jpg 1024w\" sizes=\"auto, (max-width: 1190px) 100vw, 1190px\" \/><\/a> <a href=\"http:\/\/www.liceodeourense.com\/2.0\/recital-de-piano-obras-de-schumann-a-cargo-de-rosalia-gomez-lasheras\/img_20171226_201659\/\" rel=\"attachment wp-att-7803\"><img loading=\"lazy\" decoding=\"async\" class=\"alignright size-full wp-image-7803\" src=\"http:\/\/www.liceodeourense.com\/2.0\/wp-content\/uploads\/IMG_20171226_201659.jpg\" alt=\"\" width=\"1389\" height=\"1042\" srcset=\"https:\/\/www.liceodeourense.com\/2.0\/wp-content\/uploads\/IMG_20171226_201659.jpg 1389w, https:\/\/www.liceodeourense.com\/2.0\/wp-content\/uploads\/IMG_20171226_201659-300x225.jpg 300w, https:\/\/www.liceodeourense.com\/2.0\/wp-content\/uploads\/IMG_20171226_201659-768x576.jpg 768w, https:\/\/www.liceodeourense.com\/2.0\/wp-content\/uploads\/IMG_20171226_201659-1024x768.jpg 1024w\" sizes=\"auto, (max-width: 1389px) 100vw, 1389px\" \/><\/a> <a href=\"http:\/\/www.liceodeourense.com\/2.0\/recital-de-piano-obras-de-schumann-a-cargo-de-rosalia-gomez-lasheras\/img_20171226_201713\/\" rel=\"attachment wp-att-7804\"><img loading=\"lazy\" decoding=\"async\" class=\"alignright size-full wp-image-7804\" src=\"http:\/\/www.liceodeourense.com\/2.0\/wp-content\/uploads\/IMG_20171226_201713.jpg\" alt=\"\" width=\"893\" height=\"1190\" srcset=\"https:\/\/www.liceodeourense.com\/2.0\/wp-content\/uploads\/IMG_20171226_201713.jpg 893w, https:\/\/www.liceodeourense.com\/2.0\/wp-content\/uploads\/IMG_20171226_201713-225x300.jpg 225w, https:\/\/www.liceodeourense.com\/2.0\/wp-content\/uploads\/IMG_20171226_201713-768x1024.jpg 768w\" sizes=\"auto, (max-width: 893px) 100vw, 893px\" \/><\/a><a href=\"http:\/\/www.liceodeourense.com\/2.0\/pagina-ejemplo\/concierto-rosalia\/\" rel=\"attachment wp-att-7700\"><img loading=\"lazy\" decoding=\"async\" class=\"alignright size-full wp-image-7700\" src=\"http:\/\/www.liceodeourense.com\/2.0\/wp-content\/uploads\/concierto-rosalia.jpg\" alt=\"\" width=\"1240\" height=\"1754\" srcset=\"https:\/\/www.liceodeourense.com\/2.0\/wp-content\/uploads\/concierto-rosalia.jpg 1240w, https:\/\/www.liceodeourense.com\/2.0\/wp-content\/uploads\/concierto-rosalia-212x300.jpg 212w, https:\/\/www.liceodeourense.com\/2.0\/wp-content\/uploads\/concierto-rosalia-768x1086.jpg 768w, https:\/\/www.liceodeourense.com\/2.0\/wp-content\/uploads\/concierto-rosalia-724x1024.jpg 724w\" sizes=\"auto, (max-width: 1240px) 100vw, 1240px\" \/><\/a><\/p>\n","protected":false},"excerpt":{"rendered":"<p>Onte tivemos o luxo de escoitar un recital de Piano obras de Schumann, a cargo de Rosal\u00eda G\u00f3mez Lasheras, unha honra e un honor para o Liceo poder recibir a Rosal\u00eda, unha excelente int\u00e9rprete, grand\u00edsima persoa, y gran co\u00f1ecedora da obra de Schumann, oxal\u00e1 volvamos a escoitarte no noso Sal\u00f3n&#8230; gracias Rosal\u00eda, e gracias a [&hellip;]<\/p>\n","protected":false},"author":2,"featured_media":0,"comment_status":"open","ping_status":"closed","sticky":false,"template":"","format":"standard","meta":{"footnotes":""},"categories":[5],"tags":[],"class_list":["post-7799","post","type-post","status-publish","format-standard","hentry","category-musica"],"_links":{"self":[{"href":"http:\/\/www.liceodeourense.com\/2.0\/index.php?rest_route=\/wp\/v2\/posts\/7799","targetHints":{"allow":["GET"]}}],"collection":[{"href":"http:\/\/www.liceodeourense.com\/2.0\/index.php?rest_route=\/wp\/v2\/posts"}],"about":[{"href":"http:\/\/www.liceodeourense.com\/2.0\/index.php?rest_route=\/wp\/v2\/types\/post"}],"author":[{"embeddable":true,"href":"http:\/\/www.liceodeourense.com\/2.0\/index.php?rest_route=\/wp\/v2\/users\/2"}],"replies":[{"embeddable":true,"href":"http:\/\/www.liceodeourense.com\/2.0\/index.php?rest_route=%2Fwp%2Fv2%2Fcomments&post=7799"}],"version-history":[{"count":3,"href":"http:\/\/www.liceodeourense.com\/2.0\/index.php?rest_route=\/wp\/v2\/posts\/7799\/revisions"}],"predecessor-version":[{"id":7809,"href":"http:\/\/www.liceodeourense.com\/2.0\/index.php?rest_route=\/wp\/v2\/posts\/7799\/revisions\/7809"}],"wp:attachment":[{"href":"http:\/\/www.liceodeourense.com\/2.0\/index.php?rest_route=%2Fwp%2Fv2%2Fmedia&parent=7799"}],"wp:term":[{"taxonomy":"category","embeddable":true,"href":"http:\/\/www.liceodeourense.com\/2.0\/index.php?rest_route=%2Fwp%2Fv2%2Fcategories&post=7799"},{"taxonomy":"post_tag","embeddable":true,"href":"http:\/\/www.liceodeourense.com\/2.0\/index.php?rest_route=%2Fwp%2Fv2%2Ftags&post=7799"}],"curies":[{"name":"wp","href":"https:\/\/api.w.org\/{rel}","templated":true}]}}