{"id":7530,"date":"2017-11-11T19:53:21","date_gmt":"2017-11-11T18:53:21","guid":{"rendered":"http:\/\/www.liceodeourense.com\/2.0\/?p=7530"},"modified":"2017-11-11T19:53:21","modified_gmt":"2017-11-11T18:53:21","slug":"tarde-de-magosto-festa-e-liceismo-no-liceo-asi-sin-mais-aditivos-nin-adxetivos","status":"publish","type":"post","link":"http:\/\/www.liceodeourense.com\/2.0\/?p=7530","title":{"rendered":"Tarde de MAGOSTO, FESTA E LICE\u00cdSMO NO LICEO. As\u00ed sin m\u00e1is aditivos nin adxetivos."},"content":{"rendered":"<p><a href=\"http:\/\/www.liceodeourense.com\/2.0\/tarde-de-magosto-festa-e-liceismo-no-liceo-asi-sin-mais-aditivos-nin-adxetivos\/img_20171111_184003\/\" rel=\"attachment wp-att-7531\"><img loading=\"lazy\" decoding=\"async\" class=\"alignright size-full wp-image-7531\" src=\"http:\/\/www.liceodeourense.com\/2.0\/wp-content\/uploads\/IMG_20171111_184003.jpg\" alt=\"\" width=\"1190\" height=\"893\" srcset=\"https:\/\/www.liceodeourense.com\/2.0\/wp-content\/uploads\/IMG_20171111_184003.jpg 1190w, https:\/\/www.liceodeourense.com\/2.0\/wp-content\/uploads\/IMG_20171111_184003-300x225.jpg 300w, https:\/\/www.liceodeourense.com\/2.0\/wp-content\/uploads\/IMG_20171111_184003-768x576.jpg 768w, https:\/\/www.liceodeourense.com\/2.0\/wp-content\/uploads\/IMG_20171111_184003-1024x768.jpg 1024w\" sizes=\"auto, (max-width: 1190px) 100vw, 1190px\" \/><\/a> <a href=\"http:\/\/www.liceodeourense.com\/2.0\/tarde-de-magosto-festa-e-liceismo-no-liceo-asi-sin-mais-aditivos-nin-adxetivos\/img_20171111_184010\/\" rel=\"attachment wp-att-7532\"><img loading=\"lazy\" decoding=\"async\" class=\"alignright size-full wp-image-7532\" src=\"http:\/\/www.liceodeourense.com\/2.0\/wp-content\/uploads\/IMG_20171111_184010.jpg\" alt=\"\" width=\"1190\" height=\"893\" srcset=\"https:\/\/www.liceodeourense.com\/2.0\/wp-content\/uploads\/IMG_20171111_184010.jpg 1190w, https:\/\/www.liceodeourense.com\/2.0\/wp-content\/uploads\/IMG_20171111_184010-300x225.jpg 300w, https:\/\/www.liceodeourense.com\/2.0\/wp-content\/uploads\/IMG_20171111_184010-768x576.jpg 768w, https:\/\/www.liceodeourense.com\/2.0\/wp-content\/uploads\/IMG_20171111_184010-1024x768.jpg 1024w\" sizes=\"auto, (max-width: 1190px) 100vw, 1190px\" \/><\/a> <a href=\"http:\/\/www.liceodeourense.com\/2.0\/tarde-de-magosto-festa-e-liceismo-no-liceo-asi-sin-mais-aditivos-nin-adxetivos\/img_20171111_184052\/\" rel=\"attachment wp-att-7533\"><img loading=\"lazy\" decoding=\"async\" class=\"alignright size-full wp-image-7533\" src=\"http:\/\/www.liceodeourense.com\/2.0\/wp-content\/uploads\/IMG_20171111_184052.jpg\" alt=\"\" width=\"1190\" height=\"893\" srcset=\"https:\/\/www.liceodeourense.com\/2.0\/wp-content\/uploads\/IMG_20171111_184052.jpg 1190w, https:\/\/www.liceodeourense.com\/2.0\/wp-content\/uploads\/IMG_20171111_184052-300x225.jpg 300w, https:\/\/www.liceodeourense.com\/2.0\/wp-content\/uploads\/IMG_20171111_184052-768x576.jpg 768w, https:\/\/www.liceodeourense.com\/2.0\/wp-content\/uploads\/IMG_20171111_184052-1024x768.jpg 1024w\" sizes=\"auto, (max-width: 1190px) 100vw, 1190px\" \/><\/a> <a href=\"http:\/\/www.liceodeourense.com\/2.0\/tarde-de-magosto-festa-e-liceismo-no-liceo-asi-sin-mais-aditivos-nin-adxetivos\/img_20171111_184056\/\" rel=\"attachment wp-att-7534\"><img loading=\"lazy\" decoding=\"async\" class=\"alignright size-full wp-image-7534\" src=\"http:\/\/www.liceodeourense.com\/2.0\/wp-content\/uploads\/IMG_20171111_184056.jpg\" alt=\"\" width=\"1190\" height=\"893\" srcset=\"https:\/\/www.liceodeourense.com\/2.0\/wp-content\/uploads\/IMG_20171111_184056.jpg 1190w, https:\/\/www.liceodeourense.com\/2.0\/wp-content\/uploads\/IMG_20171111_184056-300x225.jpg 300w, https:\/\/www.liceodeourense.com\/2.0\/wp-content\/uploads\/IMG_20171111_184056-768x576.jpg 768w, https:\/\/www.liceodeourense.com\/2.0\/wp-content\/uploads\/IMG_20171111_184056-1024x768.jpg 1024w\" sizes=\"auto, (max-width: 1190px) 100vw, 1190px\" \/><\/a> <a href=\"http:\/\/www.liceodeourense.com\/2.0\/tarde-de-magosto-festa-e-liceismo-no-liceo-asi-sin-mais-aditivos-nin-adxetivos\/img_20171111_184238\/\" rel=\"attachment wp-att-7535\"><img loading=\"lazy\" decoding=\"async\" class=\"alignright size-full wp-image-7535\" src=\"http:\/\/www.liceodeourense.com\/2.0\/wp-content\/uploads\/IMG_20171111_184238.jpg\" alt=\"\" width=\"1190\" height=\"893\" srcset=\"https:\/\/www.liceodeourense.com\/2.0\/wp-content\/uploads\/IMG_20171111_184238.jpg 1190w, https:\/\/www.liceodeourense.com\/2.0\/wp-content\/uploads\/IMG_20171111_184238-300x225.jpg 300w, https:\/\/www.liceodeourense.com\/2.0\/wp-content\/uploads\/IMG_20171111_184238-768x576.jpg 768w, https:\/\/www.liceodeourense.com\/2.0\/wp-content\/uploads\/IMG_20171111_184238-1024x768.jpg 1024w\" sizes=\"auto, (max-width: 1190px) 100vw, 1190px\" \/><\/a> <a href=\"http:\/\/www.liceodeourense.com\/2.0\/tarde-de-magosto-festa-e-liceismo-no-liceo-asi-sin-mais-aditivos-nin-adxetivos\/img_20171111_184244\/\" rel=\"attachment wp-att-7536\"><img loading=\"lazy\" decoding=\"async\" class=\"alignright size-full wp-image-7536\" src=\"http:\/\/www.liceodeourense.com\/2.0\/wp-content\/uploads\/IMG_20171111_184244.jpg\" alt=\"\" width=\"1190\" height=\"893\" srcset=\"https:\/\/www.liceodeourense.com\/2.0\/wp-content\/uploads\/IMG_20171111_184244.jpg 1190w, https:\/\/www.liceodeourense.com\/2.0\/wp-content\/uploads\/IMG_20171111_184244-300x225.jpg 300w, https:\/\/www.liceodeourense.com\/2.0\/wp-content\/uploads\/IMG_20171111_184244-768x576.jpg 768w, https:\/\/www.liceodeourense.com\/2.0\/wp-content\/uploads\/IMG_20171111_184244-1024x768.jpg 1024w\" sizes=\"auto, (max-width: 1190px) 100vw, 1190px\" \/><\/a> <a href=\"http:\/\/www.liceodeourense.com\/2.0\/tarde-de-magosto-festa-e-liceismo-no-liceo-asi-sin-mais-aditivos-nin-adxetivos\/img_20171111_184352\/\" rel=\"attachment wp-att-7537\"><img loading=\"lazy\" decoding=\"async\" class=\"alignright size-full wp-image-7537\" src=\"http:\/\/www.liceodeourense.com\/2.0\/wp-content\/uploads\/IMG_20171111_184352.jpg\" alt=\"\" width=\"893\" height=\"1190\" srcset=\"https:\/\/www.liceodeourense.com\/2.0\/wp-content\/uploads\/IMG_20171111_184352.jpg 893w, https:\/\/www.liceodeourense.com\/2.0\/wp-content\/uploads\/IMG_20171111_184352-225x300.jpg 225w, https:\/\/www.liceodeourense.com\/2.0\/wp-content\/uploads\/IMG_20171111_184352-768x1024.jpg 768w\" sizes=\"auto, (max-width: 893px) 100vw, 893px\" \/><\/a> <a href=\"http:\/\/www.liceodeourense.com\/2.0\/tarde-de-magosto-festa-e-liceismo-no-liceo-asi-sin-mais-aditivos-nin-adxetivos\/img_20171111_184405\/\" rel=\"attachment wp-att-7538\"><img loading=\"lazy\" decoding=\"async\" class=\"alignright size-full wp-image-7538\" src=\"http:\/\/www.liceodeourense.com\/2.0\/wp-content\/uploads\/IMG_20171111_184405.jpg\" alt=\"\" width=\"893\" height=\"1190\" srcset=\"https:\/\/www.liceodeourense.com\/2.0\/wp-content\/uploads\/IMG_20171111_184405.jpg 893w, https:\/\/www.liceodeourense.com\/2.0\/wp-content\/uploads\/IMG_20171111_184405-225x300.jpg 225w, https:\/\/www.liceodeourense.com\/2.0\/wp-content\/uploads\/IMG_20171111_184405-768x1024.jpg 768w\" sizes=\"auto, (max-width: 893px) 100vw, 893px\" \/><\/a> <a href=\"http:\/\/www.liceodeourense.com\/2.0\/tarde-de-magosto-festa-e-liceismo-no-liceo-asi-sin-mais-aditivos-nin-adxetivos\/img_20171111_184411\/\" rel=\"attachment wp-att-7539\"><img loading=\"lazy\" decoding=\"async\" class=\"alignright size-full wp-image-7539\" src=\"http:\/\/www.liceodeourense.com\/2.0\/wp-content\/uploads\/IMG_20171111_184411.jpg\" alt=\"\" width=\"1190\" height=\"893\" srcset=\"https:\/\/www.liceodeourense.com\/2.0\/wp-content\/uploads\/IMG_20171111_184411.jpg 1190w, https:\/\/www.liceodeourense.com\/2.0\/wp-content\/uploads\/IMG_20171111_184411-300x225.jpg 300w, https:\/\/www.liceodeourense.com\/2.0\/wp-content\/uploads\/IMG_20171111_184411-768x576.jpg 768w, https:\/\/www.liceodeourense.com\/2.0\/wp-content\/uploads\/IMG_20171111_184411-1024x768.jpg 1024w\" sizes=\"auto, (max-width: 1190px) 100vw, 1190px\" \/><\/a> <a href=\"http:\/\/www.liceodeourense.com\/2.0\/tarde-de-magosto-festa-e-liceismo-no-liceo-asi-sin-mais-aditivos-nin-adxetivos\/img_20171111_184429\/\" rel=\"attachment wp-att-7540\"><img loading=\"lazy\" decoding=\"async\" class=\"alignright size-full wp-image-7540\" src=\"http:\/\/www.liceodeourense.com\/2.0\/wp-content\/uploads\/IMG_20171111_184429.jpg\" alt=\"\" width=\"1190\" height=\"893\" srcset=\"https:\/\/www.liceodeourense.com\/2.0\/wp-content\/uploads\/IMG_20171111_184429.jpg 1190w, https:\/\/www.liceodeourense.com\/2.0\/wp-content\/uploads\/IMG_20171111_184429-300x225.jpg 300w, https:\/\/www.liceodeourense.com\/2.0\/wp-content\/uploads\/IMG_20171111_184429-768x576.jpg 768w, https:\/\/www.liceodeourense.com\/2.0\/wp-content\/uploads\/IMG_20171111_184429-1024x768.jpg 1024w\" sizes=\"auto, (max-width: 1190px) 100vw, 1190px\" \/><\/a> <a href=\"http:\/\/www.liceodeourense.com\/2.0\/tarde-de-magosto-festa-e-liceismo-no-liceo-asi-sin-mais-aditivos-nin-adxetivos\/img_20171111_184433\/\" rel=\"attachment wp-att-7541\"><img loading=\"lazy\" decoding=\"async\" class=\"alignright size-full wp-image-7541\" src=\"http:\/\/www.liceodeourense.com\/2.0\/wp-content\/uploads\/IMG_20171111_184433.jpg\" alt=\"\" width=\"1190\" height=\"893\" srcset=\"https:\/\/www.liceodeourense.com\/2.0\/wp-content\/uploads\/IMG_20171111_184433.jpg 1190w, https:\/\/www.liceodeourense.com\/2.0\/wp-content\/uploads\/IMG_20171111_184433-300x225.jpg 300w, https:\/\/www.liceodeourense.com\/2.0\/wp-content\/uploads\/IMG_20171111_184433-768x576.jpg 768w, https:\/\/www.liceodeourense.com\/2.0\/wp-content\/uploads\/IMG_20171111_184433-1024x768.jpg 1024w\" sizes=\"auto, (max-width: 1190px) 100vw, 1190px\" \/><\/a> <a href=\"http:\/\/www.liceodeourense.com\/2.0\/tarde-de-magosto-festa-e-liceismo-no-liceo-asi-sin-mais-aditivos-nin-adxetivos\/img_20171111_184442\/\" rel=\"attachment wp-att-7542\"><img loading=\"lazy\" decoding=\"async\" class=\"alignright size-full wp-image-7542\" src=\"http:\/\/www.liceodeourense.com\/2.0\/wp-content\/uploads\/IMG_20171111_184442.jpg\" alt=\"\" width=\"1190\" height=\"893\" srcset=\"https:\/\/www.liceodeourense.com\/2.0\/wp-content\/uploads\/IMG_20171111_184442.jpg 1190w, https:\/\/www.liceodeourense.com\/2.0\/wp-content\/uploads\/IMG_20171111_184442-300x225.jpg 300w, https:\/\/www.liceodeourense.com\/2.0\/wp-content\/uploads\/IMG_20171111_184442-768x576.jpg 768w, https:\/\/www.liceodeourense.com\/2.0\/wp-content\/uploads\/IMG_20171111_184442-1024x768.jpg 1024w\" sizes=\"auto, (max-width: 1190px) 100vw, 1190px\" \/><\/a> <a href=\"http:\/\/www.liceodeourense.com\/2.0\/tarde-de-magosto-festa-e-liceismo-no-liceo-asi-sin-mais-aditivos-nin-adxetivos\/img_20171111_184518\/\" rel=\"attachment wp-att-7543\"><img loading=\"lazy\" decoding=\"async\" class=\"alignright size-full wp-image-7543\" src=\"http:\/\/www.liceodeourense.com\/2.0\/wp-content\/uploads\/IMG_20171111_184518.jpg\" alt=\"\" width=\"1190\" height=\"893\" srcset=\"https:\/\/www.liceodeourense.com\/2.0\/wp-content\/uploads\/IMG_20171111_184518.jpg 1190w, https:\/\/www.liceodeourense.com\/2.0\/wp-content\/uploads\/IMG_20171111_184518-300x225.jpg 300w, https:\/\/www.liceodeourense.com\/2.0\/wp-content\/uploads\/IMG_20171111_184518-768x576.jpg 768w, https:\/\/www.liceodeourense.com\/2.0\/wp-content\/uploads\/IMG_20171111_184518-1024x768.jpg 1024w\" sizes=\"auto, (max-width: 1190px) 100vw, 1190px\" \/><\/a> <a href=\"http:\/\/www.liceodeourense.com\/2.0\/tarde-de-magosto-festa-e-liceismo-no-liceo-asi-sin-mais-aditivos-nin-adxetivos\/img_20171111_184528\/\" rel=\"attachment wp-att-7544\"><img loading=\"lazy\" decoding=\"async\" class=\"alignright size-full wp-image-7544\" src=\"http:\/\/www.liceodeourense.com\/2.0\/wp-content\/uploads\/IMG_20171111_184528.jpg\" alt=\"\" width=\"893\" height=\"1190\" srcset=\"https:\/\/www.liceodeourense.com\/2.0\/wp-content\/uploads\/IMG_20171111_184528.jpg 893w, https:\/\/www.liceodeourense.com\/2.0\/wp-content\/uploads\/IMG_20171111_184528-225x300.jpg 225w, https:\/\/www.liceodeourense.com\/2.0\/wp-content\/uploads\/IMG_20171111_184528-768x1024.jpg 768w\" sizes=\"auto, (max-width: 893px) 100vw, 893px\" \/><\/a> <a href=\"http:\/\/www.liceodeourense.com\/2.0\/tarde-de-magosto-festa-e-liceismo-no-liceo-asi-sin-mais-aditivos-nin-adxetivos\/img_20171111_190013\/\" rel=\"attachment wp-att-7545\"><img loading=\"lazy\" decoding=\"async\" class=\"alignright size-full wp-image-7545\" src=\"http:\/\/www.liceodeourense.com\/2.0\/wp-content\/uploads\/IMG_20171111_190013.jpg\" alt=\"\" width=\"1190\" height=\"893\" srcset=\"https:\/\/www.liceodeourense.com\/2.0\/wp-content\/uploads\/IMG_20171111_190013.jpg 1190w, https:\/\/www.liceodeourense.com\/2.0\/wp-content\/uploads\/IMG_20171111_190013-300x225.jpg 300w, https:\/\/www.liceodeourense.com\/2.0\/wp-content\/uploads\/IMG_20171111_190013-768x576.jpg 768w, https:\/\/www.liceodeourense.com\/2.0\/wp-content\/uploads\/IMG_20171111_190013-1024x768.jpg 1024w\" sizes=\"auto, (max-width: 1190px) 100vw, 1190px\" \/><\/a> <a href=\"http:\/\/www.liceodeourense.com\/2.0\/tarde-de-magosto-festa-e-liceismo-no-liceo-asi-sin-mais-aditivos-nin-adxetivos\/img_20171111_190029\/\" rel=\"attachment wp-att-7546\"><img loading=\"lazy\" decoding=\"async\" class=\"alignright size-full wp-image-7546\" src=\"http:\/\/www.liceodeourense.com\/2.0\/wp-content\/uploads\/IMG_20171111_190029.jpg\" alt=\"\" width=\"893\" height=\"1190\" srcset=\"https:\/\/www.liceodeourense.com\/2.0\/wp-content\/uploads\/IMG_20171111_190029.jpg 893w, https:\/\/www.liceodeourense.com\/2.0\/wp-content\/uploads\/IMG_20171111_190029-225x300.jpg 225w, https:\/\/www.liceodeourense.com\/2.0\/wp-content\/uploads\/IMG_20171111_190029-768x1024.jpg 768w\" sizes=\"auto, (max-width: 893px) 100vw, 893px\" \/><\/a> <a href=\"http:\/\/www.liceodeourense.com\/2.0\/tarde-de-magosto-festa-e-liceismo-no-liceo-asi-sin-mais-aditivos-nin-adxetivos\/img_20171111_190358\/\" rel=\"attachment wp-att-7547\"><img loading=\"lazy\" decoding=\"async\" class=\"alignright size-full wp-image-7547\" src=\"http:\/\/www.liceodeourense.com\/2.0\/wp-content\/uploads\/IMG_20171111_190358.jpg\" alt=\"\" width=\"893\" height=\"1190\" srcset=\"https:\/\/www.liceodeourense.com\/2.0\/wp-content\/uploads\/IMG_20171111_190358.jpg 893w, https:\/\/www.liceodeourense.com\/2.0\/wp-content\/uploads\/IMG_20171111_190358-225x300.jpg 225w, https:\/\/www.liceodeourense.com\/2.0\/wp-content\/uploads\/IMG_20171111_190358-768x1024.jpg 768w\" sizes=\"auto, (max-width: 893px) 100vw, 893px\" \/><\/a> <a href=\"http:\/\/www.liceodeourense.com\/2.0\/tarde-de-magosto-festa-e-liceismo-no-liceo-asi-sin-mais-aditivos-nin-adxetivos\/img_20171111_193200\/\" rel=\"attachment wp-att-7548\"><img loading=\"lazy\" decoding=\"async\" class=\"alignright size-full wp-image-7548\" src=\"http:\/\/www.liceodeourense.com\/2.0\/wp-content\/uploads\/IMG_20171111_193200.jpg\" alt=\"\" width=\"893\" height=\"1190\" srcset=\"https:\/\/www.liceodeourense.com\/2.0\/wp-content\/uploads\/IMG_20171111_193200.jpg 893w, https:\/\/www.liceodeourense.com\/2.0\/wp-content\/uploads\/IMG_20171111_193200-225x300.jpg 225w, https:\/\/www.liceodeourense.com\/2.0\/wp-content\/uploads\/IMG_20171111_193200-768x1024.jpg 768w\" sizes=\"auto, (max-width: 893px) 100vw, 893px\" \/><\/a> <a href=\"http:\/\/www.liceodeourense.com\/2.0\/tarde-de-magosto-festa-e-liceismo-no-liceo-asi-sin-mais-aditivos-nin-adxetivos\/img_20171111_193218\/\" rel=\"attachment wp-att-7549\"><img loading=\"lazy\" decoding=\"async\" class=\"alignright size-full wp-image-7549\" src=\"http:\/\/www.liceodeourense.com\/2.0\/wp-content\/uploads\/IMG_20171111_193218.jpg\" alt=\"\" width=\"893\" height=\"1190\" srcset=\"https:\/\/www.liceodeourense.com\/2.0\/wp-content\/uploads\/IMG_20171111_193218.jpg 893w, https:\/\/www.liceodeourense.com\/2.0\/wp-content\/uploads\/IMG_20171111_193218-225x300.jpg 225w, https:\/\/www.liceodeourense.com\/2.0\/wp-content\/uploads\/IMG_20171111_193218-768x1024.jpg 768w\" sizes=\"auto, (max-width: 893px) 100vw, 893px\" \/><\/a> <a href=\"http:\/\/www.liceodeourense.com\/2.0\/tarde-de-magosto-festa-e-liceismo-no-liceo-asi-sin-mais-aditivos-nin-adxetivos\/img_20171111_193544\/\" rel=\"attachment wp-att-7550\"><img loading=\"lazy\" decoding=\"async\" class=\"alignright size-full wp-image-7550\" src=\"http:\/\/www.liceodeourense.com\/2.0\/wp-content\/uploads\/IMG_20171111_193544.jpg\" alt=\"\" width=\"893\" height=\"1190\" srcset=\"https:\/\/www.liceodeourense.com\/2.0\/wp-content\/uploads\/IMG_20171111_193544.jpg 893w, https:\/\/www.liceodeourense.com\/2.0\/wp-content\/uploads\/IMG_20171111_193544-225x300.jpg 225w, https:\/\/www.liceodeourense.com\/2.0\/wp-content\/uploads\/IMG_20171111_193544-768x1024.jpg 768w\" sizes=\"auto, (max-width: 893px) 100vw, 893px\" \/><\/a><\/p>\n","protected":false},"excerpt":{"rendered":"","protected":false},"author":2,"featured_media":0,"comment_status":"open","ping_status":"closed","sticky":false,"template":"","format":"standard","meta":{"footnotes":""},"categories":[4,9],"tags":[],"class_list":["post-7530","post","type-post","status-publish","format-standard","hentry","category-liceo","category-varios"],"_links":{"self":[{"href":"http:\/\/www.liceodeourense.com\/2.0\/index.php?rest_route=\/wp\/v2\/posts\/7530","targetHints":{"allow":["GET"]}}],"collection":[{"href":"http:\/\/www.liceodeourense.com\/2.0\/index.php?rest_route=\/wp\/v2\/posts"}],"about":[{"href":"http:\/\/www.liceodeourense.com\/2.0\/index.php?rest_route=\/wp\/v2\/types\/post"}],"author":[{"embeddable":true,"href":"http:\/\/www.liceodeourense.com\/2.0\/index.php?rest_route=\/wp\/v2\/users\/2"}],"replies":[{"embeddable":true,"href":"http:\/\/www.liceodeourense.com\/2.0\/index.php?rest_route=%2Fwp%2Fv2%2Fcomments&post=7530"}],"version-history":[{"count":2,"href":"http:\/\/www.liceodeourense.com\/2.0\/index.php?rest_route=\/wp\/v2\/posts\/7530\/revisions"}],"predecessor-version":[{"id":7552,"href":"http:\/\/www.liceodeourense.com\/2.0\/index.php?rest_route=\/wp\/v2\/posts\/7530\/revisions\/7552"}],"wp:attachment":[{"href":"http:\/\/www.liceodeourense.com\/2.0\/index.php?rest_route=%2Fwp%2Fv2%2Fmedia&parent=7530"}],"wp:term":[{"taxonomy":"category","embeddable":true,"href":"http:\/\/www.liceodeourense.com\/2.0\/index.php?rest_route=%2Fwp%2Fv2%2Fcategories&post=7530"},{"taxonomy":"post_tag","embeddable":true,"href":"http:\/\/www.liceodeourense.com\/2.0\/index.php?rest_route=%2Fwp%2Fv2%2Ftags&post=7530"}],"curies":[{"name":"wp","href":"https:\/\/api.w.org\/{rel}","templated":true}]}}