{"id":7410,"date":"2017-10-18T20:21:58","date_gmt":"2017-10-18T19:21:58","guid":{"rendered":"http:\/\/www.liceodeourense.com\/2.0\/?p=7410"},"modified":"2017-10-18T20:21:58","modified_gmt":"2017-10-18T19:21:58","slug":"presentacion-do-libro-ribeira-sacra-guia-practica-de-manuel-garrido","status":"publish","type":"post","link":"http:\/\/www.liceodeourense.com\/2.0\/?p=7410","title":{"rendered":"PRESENTACI\u00d3N DO LIBRO \u00abRIBEIRA SACRA\u00bb GU\u00cdA PRACTICA DE MANUEL GARRIDO."},"content":{"rendered":"<p><a href=\"http:\/\/www.liceodeourense.com\/2.0\/presentacion-do-libro-ribeira-sacra-guia-practica-de-manuel-garrido\/img_20171018_201508\/\" rel=\"attachment wp-att-7412\"><img loading=\"lazy\" decoding=\"async\" class=\"alignright size-full wp-image-7412\" src=\"http:\/\/www.liceodeourense.com\/2.0\/wp-content\/uploads\/IMG_20171018_201508.jpg\" alt=\"\" width=\"1190\" height=\"893\" srcset=\"https:\/\/www.liceodeourense.com\/2.0\/wp-content\/uploads\/IMG_20171018_201508.jpg 1190w, https:\/\/www.liceodeourense.com\/2.0\/wp-content\/uploads\/IMG_20171018_201508-300x225.jpg 300w, https:\/\/www.liceodeourense.com\/2.0\/wp-content\/uploads\/IMG_20171018_201508-768x576.jpg 768w, https:\/\/www.liceodeourense.com\/2.0\/wp-content\/uploads\/IMG_20171018_201508-1024x768.jpg 1024w\" sizes=\"auto, (max-width: 1190px) 100vw, 1190px\" \/><\/a><\/p>\n<h3>Na tarde de hoxe tivo lugar no Sal\u00f3n Noble do Liceo a presentaci\u00f3n do libro \u00abRibeira Sacra\u00bb Gu\u00eda Practica, da que autor Manuel Garrido. O autor estivo acompa\u00f1ado por Manuel Bragado, de director de Xerais, Xabier Limia, prologuista do libro, Tonino \u00c1lvarez, fotografo, e por Rosendo Fern\u00e1ndez, Vicepresidente da Diputaci\u00f3n de Ourense.<\/h3>\n<h3><a href=\"http:\/\/www.liceodeourense.com\/2.0\/presentacion-do-libro-ribeira-sacra-guia-practica-de-manuel-garrido\/img_20171018_201558\/\" rel=\"attachment wp-att-7411\"><img loading=\"lazy\" decoding=\"async\" class=\"alignright size-full wp-image-7411\" src=\"http:\/\/www.liceodeourense.com\/2.0\/wp-content\/uploads\/IMG_20171018_201558.jpg\" alt=\"\" width=\"1190\" height=\"893\" srcset=\"https:\/\/www.liceodeourense.com\/2.0\/wp-content\/uploads\/IMG_20171018_201558.jpg 1190w, https:\/\/www.liceodeourense.com\/2.0\/wp-content\/uploads\/IMG_20171018_201558-300x225.jpg 300w, https:\/\/www.liceodeourense.com\/2.0\/wp-content\/uploads\/IMG_20171018_201558-768x576.jpg 768w, https:\/\/www.liceodeourense.com\/2.0\/wp-content\/uploads\/IMG_20171018_201558-1024x768.jpg 1024w\" sizes=\"auto, (max-width: 1190px) 100vw, 1190px\" \/>Esta gu\u00eda pr\u00e1ctica da Ribeira Sacra desc\u00f3brelle ao visitante os encantos que esta bisbarra conservou ao longo dos s\u00e9culos. O amplo territorio da Ribeira Sacra, situado no coraz\u00f3n de Galicia, est\u00e1 recollido aqu\u00ed de forma exhaustiva. Os r\u00edos Mi\u00f1o e Sil son os protagonistas para o viaxeiro. No seu lento flu\u00edr discorren escoltados polos profundos e grandioso can\u00f3ns que marcan a fisionom\u00eda desta terra. A tradici\u00f3n dos vi\u00f1edos e os seus excelentes vi\u00f1os; os mosteiros e as igrexas, testemu\u00f1as do esplendor medieval; a potencia da s\u00faa natureza e as s\u00faas especies; a profundidade e fermosura das s\u00faas fragas de carballos e casti\u00f1eiros; os seus engaiolantes sendeiros; os seus pazos; as s\u00faas reitorais; e mesmo o seu acougo&#8230;, todo est\u00e1 recollido e documentado nesta gu\u00eda pr\u00e1ctica escrita por Manuel Garrido. Excursi\u00f3ns, consellos, turismo rural, rutas, arte, historia, cultura, todo tipo de informaci\u00f3n pr\u00e1ctica, mapas e fotograf\u00edas abren esta gu\u00eda ao visitante para mostrarlle unha das zonas m\u00e1is fermosas do pa\u00eds.<\/a><\/h3>\n<p><a href=\"http:\/\/www.liceodeourense.com\/2.0\/presentacion-do-libro-ribeira-sacra-guia-practica-de-manuel-garrido\/img_20171018_201537\/\" rel=\"attachment wp-att-7413\"><img loading=\"lazy\" decoding=\"async\" class=\"alignright size-full wp-image-7413\" src=\"http:\/\/www.liceodeourense.com\/2.0\/wp-content\/uploads\/IMG_20171018_201537.jpg\" alt=\"\" width=\"1190\" height=\"893\" srcset=\"https:\/\/www.liceodeourense.com\/2.0\/wp-content\/uploads\/IMG_20171018_201537.jpg 1190w, https:\/\/www.liceodeourense.com\/2.0\/wp-content\/uploads\/IMG_20171018_201537-300x225.jpg 300w, https:\/\/www.liceodeourense.com\/2.0\/wp-content\/uploads\/IMG_20171018_201537-768x576.jpg 768w, https:\/\/www.liceodeourense.com\/2.0\/wp-content\/uploads\/IMG_20171018_201537-1024x768.jpg 1024w\" sizes=\"auto, (max-width: 1190px) 100vw, 1190px\" \/><\/a><\/p>\n","protected":false},"excerpt":{"rendered":"<p>Na tarde de hoxe tivo lugar no Sal\u00f3n Noble do Liceo a presentaci\u00f3n do libro \u00abRibeira Sacra\u00bb Gu\u00eda Practica, da que autor Manuel Garrido. O autor estivo acompa\u00f1ado por Manuel Bragado, de director de Xerais, Xabier Limia, prologuista do libro, Tonino \u00c1lvarez, fotografo, e por Rosendo Fern\u00e1ndez, Vicepresidente da Diputaci\u00f3n de Ourense. Esta gu\u00eda pr\u00e1ctica [&hellip;]<\/p>\n","protected":false},"author":2,"featured_media":0,"comment_status":"open","ping_status":"closed","sticky":false,"template":"","format":"standard","meta":{"footnotes":""},"categories":[6],"tags":[],"class_list":["post-7410","post","type-post","status-publish","format-standard","hentry","category-seccion-literatura"],"_links":{"self":[{"href":"http:\/\/www.liceodeourense.com\/2.0\/index.php?rest_route=\/wp\/v2\/posts\/7410","targetHints":{"allow":["GET"]}}],"collection":[{"href":"http:\/\/www.liceodeourense.com\/2.0\/index.php?rest_route=\/wp\/v2\/posts"}],"about":[{"href":"http:\/\/www.liceodeourense.com\/2.0\/index.php?rest_route=\/wp\/v2\/types\/post"}],"author":[{"embeddable":true,"href":"http:\/\/www.liceodeourense.com\/2.0\/index.php?rest_route=\/wp\/v2\/users\/2"}],"replies":[{"embeddable":true,"href":"http:\/\/www.liceodeourense.com\/2.0\/index.php?rest_route=%2Fwp%2Fv2%2Fcomments&post=7410"}],"version-history":[{"count":2,"href":"http:\/\/www.liceodeourense.com\/2.0\/index.php?rest_route=\/wp\/v2\/posts\/7410\/revisions"}],"predecessor-version":[{"id":7415,"href":"http:\/\/www.liceodeourense.com\/2.0\/index.php?rest_route=\/wp\/v2\/posts\/7410\/revisions\/7415"}],"wp:attachment":[{"href":"http:\/\/www.liceodeourense.com\/2.0\/index.php?rest_route=%2Fwp%2Fv2%2Fmedia&parent=7410"}],"wp:term":[{"taxonomy":"category","embeddable":true,"href":"http:\/\/www.liceodeourense.com\/2.0\/index.php?rest_route=%2Fwp%2Fv2%2Fcategories&post=7410"},{"taxonomy":"post_tag","embeddable":true,"href":"http:\/\/www.liceodeourense.com\/2.0\/index.php?rest_route=%2Fwp%2Fv2%2Ftags&post=7410"}],"curies":[{"name":"wp","href":"https:\/\/api.w.org\/{rel}","templated":true}]}}