{"id":7362,"date":"2017-09-30T17:57:20","date_gmt":"2017-09-30T16:57:20","guid":{"rendered":"http:\/\/www.liceodeourense.com\/2.0\/?p=7362"},"modified":"2017-10-06T18:01:10","modified_gmt":"2017-10-06T17:01:10","slug":"xoan-curiel-no-liceo","status":"publish","type":"post","link":"http:\/\/www.liceodeourense.com\/2.0\/?p=7362","title":{"rendered":"XOAN CURIEL NO LICEO."},"content":{"rendered":"<h2><a href=\"http:\/\/www.liceodeourense.com\/2.0\/xoan-curiel-no-liceo\/xoan-curiel-liceo-02\/\" rel=\"attachment wp-att-7363\"><img loading=\"lazy\" decoding=\"async\" class=\"alignright size-full wp-image-7363\" src=\"http:\/\/www.liceodeourense.com\/2.0\/wp-content\/uploads\/XOAN-CURIEL-LICEO-02.jpg\" alt=\"\" width=\"893\" height=\"1190\" srcset=\"https:\/\/www.liceodeourense.com\/2.0\/wp-content\/uploads\/XOAN-CURIEL-LICEO-02.jpg 893w, https:\/\/www.liceodeourense.com\/2.0\/wp-content\/uploads\/XOAN-CURIEL-LICEO-02-225x300.jpg 225w, https:\/\/www.liceodeourense.com\/2.0\/wp-content\/uploads\/XOAN-CURIEL-LICEO-02-768x1024.jpg 768w\" sizes=\"auto, (max-width: 893px) 100vw, 893px\" \/><\/a>Luxo para o Liceo ter a este tremendo art\u00edsta, luxo para os que estivemos no Patio de Columnas poder disfrutar deste grand\u00edsimo cantautor. XOAN CURIEL fixenos disfrutar de unha noite incr\u00edble,\u00a0 disfrutar da s\u00faa m\u00fasica, da s\u00faa voz e da s\u00faa guitarra, oxala nos volvamos a ver XOAN CURIEL.<\/h2>\n<h2>GRACIAS.<\/h2>\n<p><a href=\"http:\/\/www.liceodeourense.com\/2.0\/xoan-curiel-no-liceo\/xoan-curiel-liceo-01\/\" rel=\"attachment wp-att-7364\"><img loading=\"lazy\" decoding=\"async\" class=\"alignright size-full wp-image-7364\" src=\"http:\/\/www.liceodeourense.com\/2.0\/wp-content\/uploads\/XOAN-CURIEL-LICEO-01.jpg\" alt=\"\" width=\"893\" height=\"1190\" srcset=\"https:\/\/www.liceodeourense.com\/2.0\/wp-content\/uploads\/XOAN-CURIEL-LICEO-01.jpg 893w, https:\/\/www.liceodeourense.com\/2.0\/wp-content\/uploads\/XOAN-CURIEL-LICEO-01-225x300.jpg 225w, https:\/\/www.liceodeourense.com\/2.0\/wp-content\/uploads\/XOAN-CURIEL-LICEO-01-768x1024.jpg 768w\" sizes=\"auto, (max-width: 893px) 100vw, 893px\" \/><\/a><\/p>\n","protected":false},"excerpt":{"rendered":"<p>Luxo para o Liceo ter a este tremendo art\u00edsta, luxo para os que estivemos no Patio de Columnas poder disfrutar deste grand\u00edsimo cantautor. XOAN CURIEL fixenos disfrutar de unha noite incr\u00edble,\u00a0 disfrutar da s\u00faa m\u00fasica, da s\u00faa voz e da s\u00faa guitarra, oxala nos volvamos a ver XOAN CURIEL. GRACIAS.<\/p>\n","protected":false},"author":2,"featured_media":0,"comment_status":"open","ping_status":"closed","sticky":false,"template":"","format":"standard","meta":{"footnotes":""},"categories":[21],"tags":[],"class_list":["post-7362","post","type-post","status-publish","format-standard","hentry","category-musica-concertos-patio-de-columnas"],"_links":{"self":[{"href":"http:\/\/www.liceodeourense.com\/2.0\/index.php?rest_route=\/wp\/v2\/posts\/7362","targetHints":{"allow":["GET"]}}],"collection":[{"href":"http:\/\/www.liceodeourense.com\/2.0\/index.php?rest_route=\/wp\/v2\/posts"}],"about":[{"href":"http:\/\/www.liceodeourense.com\/2.0\/index.php?rest_route=\/wp\/v2\/types\/post"}],"author":[{"embeddable":true,"href":"http:\/\/www.liceodeourense.com\/2.0\/index.php?rest_route=\/wp\/v2\/users\/2"}],"replies":[{"embeddable":true,"href":"http:\/\/www.liceodeourense.com\/2.0\/index.php?rest_route=%2Fwp%2Fv2%2Fcomments&post=7362"}],"version-history":[{"count":4,"href":"http:\/\/www.liceodeourense.com\/2.0\/index.php?rest_route=\/wp\/v2\/posts\/7362\/revisions"}],"predecessor-version":[{"id":7368,"href":"http:\/\/www.liceodeourense.com\/2.0\/index.php?rest_route=\/wp\/v2\/posts\/7362\/revisions\/7368"}],"wp:attachment":[{"href":"http:\/\/www.liceodeourense.com\/2.0\/index.php?rest_route=%2Fwp%2Fv2%2Fmedia&parent=7362"}],"wp:term":[{"taxonomy":"category","embeddable":true,"href":"http:\/\/www.liceodeourense.com\/2.0\/index.php?rest_route=%2Fwp%2Fv2%2Fcategories&post=7362"},{"taxonomy":"post_tag","embeddable":true,"href":"http:\/\/www.liceodeourense.com\/2.0\/index.php?rest_route=%2Fwp%2Fv2%2Ftags&post=7362"}],"curies":[{"name":"wp","href":"https:\/\/api.w.org\/{rel}","templated":true}]}}