{"id":7326,"date":"2017-09-15T10:04:06","date_gmt":"2017-09-15T09:04:06","guid":{"rendered":"http:\/\/www.liceodeourense.com\/2.0\/?p=7326"},"modified":"2017-09-15T10:10:55","modified_gmt":"2017-09-15T09:10:55","slug":"eduardo-blanco-amor-120-aniversario-no-liceo-de-ourense","status":"publish","type":"post","link":"http:\/\/www.liceodeourense.com\/2.0\/?p=7326","title":{"rendered":"EDUARDO BLANCO AMOR. 120 ANIVERSARIO no LICEO DE OURENSE"},"content":{"rendered":"<p><a href=\"http:\/\/www.liceodeourense.com\/2.0\/eduardo-blanco-amor-120-aniversario-no-liceo-de-ourense\/img_20170914_200842_1\/\" rel=\"attachment wp-att-7327\"><img loading=\"lazy\" decoding=\"async\" class=\"alignright size-full wp-image-7327\" src=\"http:\/\/www.liceodeourense.com\/2.0\/wp-content\/uploads\/IMG_20170914_200842_1.jpg\" alt=\"\" width=\"1190\" height=\"893\" srcset=\"https:\/\/www.liceodeourense.com\/2.0\/wp-content\/uploads\/IMG_20170914_200842_1.jpg 1190w, https:\/\/www.liceodeourense.com\/2.0\/wp-content\/uploads\/IMG_20170914_200842_1-300x225.jpg 300w, https:\/\/www.liceodeourense.com\/2.0\/wp-content\/uploads\/IMG_20170914_200842_1-768x576.jpg 768w, https:\/\/www.liceodeourense.com\/2.0\/wp-content\/uploads\/IMG_20170914_200842_1-1024x768.jpg 1024w\" sizes=\"auto, (max-width: 1190px) 100vw, 1190px\" \/><\/a><\/p>\n<h3>Onte celebramos no Liceo, da m\u00e1n do Centro-Pen de Galicia, e coa colaboraci\u00f3n da Deputaci\u00f3n Pronvincial de Ourense, \u00a0un\u00a0\u00a0acto literario co t\u00edtulo\u00a0\u2018\u2018Vixencia de Eduardo Blanco Amor, \u00a0no 120 aniversario do seu nacemento\u2019\u2019.interviron Maribel Outeiri\u00f1o, Afonso V. Monxard\u00edn, Luis G. Tosar e un grupo de alumnos do I.E.S. Blanco Amor de Ourense. Adem\u00e1is acompa\u00f1aros nesta tarde\u00a0con\u00a0<a class=\"profileLink\" href=\"https:\/\/www.facebook.com\/anxo.lorenzo?fref=mentions\" data-hovercard=\"\/ajax\/hovercard\/user.php?id=631088637&amp;extragetparams=%7B%22fref%22%3A%22mentions%22%7D\" data-hovercard-prefer-more-content-show=\"1\">Anxo M. Lorenzo Su\u00e1rez<\/a>,\u00a0<a class=\"profileLink\" href=\"https:\/\/www.facebook.com\/roberto.castrogarcia.520?fref=mentions\" data-hovercard=\"\/ajax\/hovercard\/user.php?id=100005938533585&amp;extragetparams=%7B%22fref%22%3A%22mentions%22%7D\" data-hovercard-prefer-more-content-show=\"1\">Roberto Castro Garcia<\/a>,\u00a0<a class=\"profileLink\" href=\"https:\/\/www.facebook.com\/jesus.vazquezabad?fref=mentions\" data-hovercard=\"\/ajax\/hovercard\/user.php?id=1404145099&amp;extragetparams=%7B%22fref%22%3A%22mentions%22%7D\" data-hovercard-prefer-more-content-show=\"1\">Jes\u00fas V\u00e1zquez Abad<\/a>, \u00a0<a class=\"profileLink\" href=\"https:\/\/www.facebook.com\/manuel.doval.127?fref=mentions\" data-hovercard=\"\/ajax\/hovercard\/user.php?id=100009485216862&amp;extragetparams=%7B%22fref%22%3A%22mentions%22%7D\" data-hovercard-prefer-more-content-show=\"1\">Manuel Doval<\/a>\u00a0 e un b\u00f3 n\u00famero de ourens\u00e1ns e lice\u00edstas.<\/h3>\n<p><a href=\"http:\/\/www.liceodeourense.com\/2.0\/eduardo-blanco-amor-120-aniversario-no-liceo-de-ourense\/img_20170914_200857\/\" rel=\"attachment wp-att-7328\"><img loading=\"lazy\" decoding=\"async\" class=\"alignright size-full wp-image-7328\" src=\"http:\/\/www.liceodeourense.com\/2.0\/wp-content\/uploads\/IMG_20170914_200857.jpg\" alt=\"\" width=\"1190\" height=\"893\" srcset=\"https:\/\/www.liceodeourense.com\/2.0\/wp-content\/uploads\/IMG_20170914_200857.jpg 1190w, https:\/\/www.liceodeourense.com\/2.0\/wp-content\/uploads\/IMG_20170914_200857-300x225.jpg 300w, https:\/\/www.liceodeourense.com\/2.0\/wp-content\/uploads\/IMG_20170914_200857-768x576.jpg 768w, https:\/\/www.liceodeourense.com\/2.0\/wp-content\/uploads\/IMG_20170914_200857-1024x768.jpg 1024w\" sizes=\"auto, (max-width: 1190px) 100vw, 1190px\" \/><\/a> <a href=\"http:\/\/www.liceodeourense.com\/2.0\/eduardo-blanco-amor-120-aniversario-no-liceo-de-ourense\/img_20170914_200903\/\" rel=\"attachment wp-att-7329\"><img loading=\"lazy\" decoding=\"async\" class=\"alignright size-full wp-image-7329\" src=\"http:\/\/www.liceodeourense.com\/2.0\/wp-content\/uploads\/IMG_20170914_200903.jpg\" alt=\"\" width=\"1190\" height=\"893\" srcset=\"https:\/\/www.liceodeourense.com\/2.0\/wp-content\/uploads\/IMG_20170914_200903.jpg 1190w, https:\/\/www.liceodeourense.com\/2.0\/wp-content\/uploads\/IMG_20170914_200903-300x225.jpg 300w, https:\/\/www.liceodeourense.com\/2.0\/wp-content\/uploads\/IMG_20170914_200903-768x576.jpg 768w, https:\/\/www.liceodeourense.com\/2.0\/wp-content\/uploads\/IMG_20170914_200903-1024x768.jpg 1024w\" sizes=\"auto, (max-width: 1190px) 100vw, 1190px\" \/><\/a> <a href=\"http:\/\/www.liceodeourense.com\/2.0\/eduardo-blanco-amor-120-aniversario-no-liceo-de-ourense\/img_20170914_201017\/\" rel=\"attachment wp-att-7330\"><img loading=\"lazy\" decoding=\"async\" class=\"alignright size-full wp-image-7330\" src=\"http:\/\/www.liceodeourense.com\/2.0\/wp-content\/uploads\/IMG_20170914_201017.jpg\" alt=\"\" width=\"1190\" height=\"893\" srcset=\"https:\/\/www.liceodeourense.com\/2.0\/wp-content\/uploads\/IMG_20170914_201017.jpg 1190w, https:\/\/www.liceodeourense.com\/2.0\/wp-content\/uploads\/IMG_20170914_201017-300x225.jpg 300w, https:\/\/www.liceodeourense.com\/2.0\/wp-content\/uploads\/IMG_20170914_201017-768x576.jpg 768w, https:\/\/www.liceodeourense.com\/2.0\/wp-content\/uploads\/IMG_20170914_201017-1024x768.jpg 1024w\" sizes=\"auto, (max-width: 1190px) 100vw, 1190px\" \/><\/a> <a href=\"http:\/\/www.liceodeourense.com\/2.0\/eduardo-blanco-amor-120-aniversario-no-liceo-de-ourense\/img_20170914_201028\/\" rel=\"attachment wp-att-7331\"><img loading=\"lazy\" decoding=\"async\" class=\"alignright size-full wp-image-7331\" src=\"http:\/\/www.liceodeourense.com\/2.0\/wp-content\/uploads\/IMG_20170914_201028.jpg\" alt=\"\" width=\"1190\" height=\"893\" srcset=\"https:\/\/www.liceodeourense.com\/2.0\/wp-content\/uploads\/IMG_20170914_201028.jpg 1190w, https:\/\/www.liceodeourense.com\/2.0\/wp-content\/uploads\/IMG_20170914_201028-300x225.jpg 300w, https:\/\/www.liceodeourense.com\/2.0\/wp-content\/uploads\/IMG_20170914_201028-768x576.jpg 768w, https:\/\/www.liceodeourense.com\/2.0\/wp-content\/uploads\/IMG_20170914_201028-1024x768.jpg 1024w\" sizes=\"auto, (max-width: 1190px) 100vw, 1190px\" \/><\/a> <a href=\"http:\/\/www.liceodeourense.com\/2.0\/eduardo-blanco-amor-120-aniversario-no-liceo-de-ourense\/img_20170914_210950\/\" rel=\"attachment wp-att-7332\"><img loading=\"lazy\" decoding=\"async\" class=\"alignright size-full wp-image-7332\" src=\"http:\/\/www.liceodeourense.com\/2.0\/wp-content\/uploads\/IMG_20170914_210950.jpg\" alt=\"\" width=\"1190\" height=\"893\" srcset=\"https:\/\/www.liceodeourense.com\/2.0\/wp-content\/uploads\/IMG_20170914_210950.jpg 1190w, https:\/\/www.liceodeourense.com\/2.0\/wp-content\/uploads\/IMG_20170914_210950-300x225.jpg 300w, https:\/\/www.liceodeourense.com\/2.0\/wp-content\/uploads\/IMG_20170914_210950-768x576.jpg 768w, https:\/\/www.liceodeourense.com\/2.0\/wp-content\/uploads\/IMG_20170914_210950-1024x768.jpg 1024w\" sizes=\"auto, (max-width: 1190px) 100vw, 1190px\" \/><\/a><a href=\"http:\/\/www.liceodeourense.com\/2.0\/pagina-ejemplo\/acto-blanco-amor\/\" rel=\"attachment wp-att-7319\"><img loading=\"lazy\" decoding=\"async\" class=\"alignright size-full wp-image-7319\" src=\"http:\/\/www.liceodeourense.com\/2.0\/wp-content\/uploads\/ACTO-BLANCO-AMOR.jpg\" alt=\"\" width=\"709\" height=\"886\" srcset=\"https:\/\/www.liceodeourense.com\/2.0\/wp-content\/uploads\/ACTO-BLANCO-AMOR.jpg 709w, https:\/\/www.liceodeourense.com\/2.0\/wp-content\/uploads\/ACTO-BLANCO-AMOR-240x300.jpg 240w\" sizes=\"auto, (max-width: 709px) 100vw, 709px\" \/><\/a><\/p>\n","protected":false},"excerpt":{"rendered":"<p>Onte celebramos no Liceo, da m\u00e1n do Centro-Pen de Galicia, e coa colaboraci\u00f3n da Deputaci\u00f3n Pronvincial de Ourense, \u00a0un\u00a0\u00a0acto literario co t\u00edtulo\u00a0\u2018\u2018Vixencia de Eduardo Blanco Amor, \u00a0no 120 aniversario do seu nacemento\u2019\u2019.interviron Maribel Outeiri\u00f1o, Afonso V. Monxard\u00edn, Luis G. Tosar e un grupo de alumnos do I.E.S. Blanco Amor de Ourense. Adem\u00e1is acompa\u00f1aros nesta tarde\u00a0con\u00a0Anxo [&hellip;]<\/p>\n","protected":false},"author":2,"featured_media":0,"comment_status":"open","ping_status":"closed","sticky":false,"template":"","format":"standard","meta":{"footnotes":""},"categories":[6],"tags":[],"class_list":["post-7326","post","type-post","status-publish","format-standard","hentry","category-seccion-literatura"],"_links":{"self":[{"href":"http:\/\/www.liceodeourense.com\/2.0\/index.php?rest_route=\/wp\/v2\/posts\/7326","targetHints":{"allow":["GET"]}}],"collection":[{"href":"http:\/\/www.liceodeourense.com\/2.0\/index.php?rest_route=\/wp\/v2\/posts"}],"about":[{"href":"http:\/\/www.liceodeourense.com\/2.0\/index.php?rest_route=\/wp\/v2\/types\/post"}],"author":[{"embeddable":true,"href":"http:\/\/www.liceodeourense.com\/2.0\/index.php?rest_route=\/wp\/v2\/users\/2"}],"replies":[{"embeddable":true,"href":"http:\/\/www.liceodeourense.com\/2.0\/index.php?rest_route=%2Fwp%2Fv2%2Fcomments&post=7326"}],"version-history":[{"count":3,"href":"http:\/\/www.liceodeourense.com\/2.0\/index.php?rest_route=\/wp\/v2\/posts\/7326\/revisions"}],"predecessor-version":[{"id":7341,"href":"http:\/\/www.liceodeourense.com\/2.0\/index.php?rest_route=\/wp\/v2\/posts\/7326\/revisions\/7341"}],"wp:attachment":[{"href":"http:\/\/www.liceodeourense.com\/2.0\/index.php?rest_route=%2Fwp%2Fv2%2Fmedia&parent=7326"}],"wp:term":[{"taxonomy":"category","embeddable":true,"href":"http:\/\/www.liceodeourense.com\/2.0\/index.php?rest_route=%2Fwp%2Fv2%2Fcategories&post=7326"},{"taxonomy":"post_tag","embeddable":true,"href":"http:\/\/www.liceodeourense.com\/2.0\/index.php?rest_route=%2Fwp%2Fv2%2Ftags&post=7326"}],"curies":[{"name":"wp","href":"https:\/\/api.w.org\/{rel}","templated":true}]}}