{"id":6414,"date":"2016-12-01T21:45:52","date_gmt":"2016-12-01T20:45:52","guid":{"rendered":"http:\/\/www.liceodeourense.com\/2.0\/?p=6414"},"modified":"2016-12-02T21:47:30","modified_gmt":"2016-12-02T20:47:30","slug":"a-enciclopedia-del-romanico-recolle-os-180-vestixios-documentados-en-ourense","status":"publish","type":"post","link":"http:\/\/www.liceodeourense.com\/2.0\/?p=6414","title":{"rendered":"A Enciclopedia del Rom\u00e1nico recolle os 180 vestixios documentados en Ourense."},"content":{"rendered":"<h1 style=\"text-align: justify;\">A Enciclopedia del Rom\u00e1nico recolle os 180 vestixios documentados en Ourense<\/h1>\n<p><a href=\"http:\/\/www.liceodeourense.com\/2.0\/wp-content\/uploads\/15252678_566630880199681_3042929834882344351_o.jpg\"><img loading=\"lazy\" decoding=\"async\" class=\"alignright size-full wp-image-6412\" src=\"http:\/\/www.liceodeourense.com\/2.0\/wp-content\/uploads\/15252678_566630880199681_3042929834882344351_o.jpg\" alt=\"15252678_566630880199681_3042929834882344351_o\" width=\"1600\" height=\"1200\" srcset=\"https:\/\/www.liceodeourense.com\/2.0\/wp-content\/uploads\/15252678_566630880199681_3042929834882344351_o.jpg 1600w, https:\/\/www.liceodeourense.com\/2.0\/wp-content\/uploads\/15252678_566630880199681_3042929834882344351_o-300x225.jpg 300w, https:\/\/www.liceodeourense.com\/2.0\/wp-content\/uploads\/15252678_566630880199681_3042929834882344351_o-768x576.jpg 768w, https:\/\/www.liceodeourense.com\/2.0\/wp-content\/uploads\/15252678_566630880199681_3042929834882344351_o-1024x768.jpg 1024w\" sizes=\"auto, (max-width: 1600px) 100vw, 1600px\" \/><\/a><\/p>\n<h4 style=\"text-align: justify;\">* O presidente da Fundaci\u00f3n Santa Mar\u00eda la Real del Patrimonio Hist\u00f3rico, Jos\u00e9 Mar\u00eda P\u00e9rez \u201cPeridis\u201d, presentaba hoxe no Sal\u00f3n Nobre do Liceo de Ourense os dous dos tomos correspondentes \u00e1 provincia, incorporados xa \u00e1 Enciclopedia del Rom\u00e1nico en la Pen\u00ednsula Ib\u00e9rica.<\/h4>\n<h4 style=\"text-align: justify;\">* A presentaci\u00f3n contou coa participaci\u00f3n, entre outros, do conselleiro de Cultura, Educaci\u00f3n e Ordenaci\u00f3n Universitaria da Xunta, Rom\u00e1n Rodr\u00edguez Gonz\u00e1lez; do director de \u00c1rea de Negocio de CaixaBank en Ourense, Fernando Garza y do delegado de Red El\u00e9ctrica de Espa\u00f1a en Galicia, Carlos Gonz\u00e1lez, en representaci\u00f3n das instituci\u00f3ns e entidades que fixeron posible a obra.<\/h4>\n<h4 style=\"text-align: justify;\">* O rom\u00e1nico de Ourense recolleuse en dous tomos, que compilan os 180 testemu\u00f1os documentados na provincia,ilustrados con m\u00e1is de 1.500 fotograf\u00edas e planos.<\/h4>\n<h4 style=\"text-align: justify;\">* A publicaci\u00f3n forma parte dun proxecto moito m\u00e1is amplo, a Enciclopedia del Rom\u00e1nico en la Pen\u00ednsula Ib\u00e9rica, no que a Fundaci\u00f3n Santa Mar\u00eda la Real del Patrimonio Hist\u00f3rico leva traballando m\u00e1is de d\u00faas d\u00e9cadas e no que participaron m\u00e1is dun millar de investigadores.<\/h4>\n<h4 style=\"text-align: justify;\">Os dous tomos do rom\u00e1nico en Ourense, editados pola Fundaci\u00f3n Santa Mar\u00eda la Real del Patrimonio Hist\u00f3rico, actualizan os estudios realizados ata o momento e s\u00famanse a unha colecci\u00f3n moito m\u00e1is ampla, a Enciclopedia del Rom\u00e1nico en la Pen\u00ednsula Ib\u00e9rica, na que a Fundaci\u00f3n leva traballando m\u00e1is de d\u00faas d\u00e9cadas e que con esta publicaci\u00f3n alcanza os 48 tomos; un proxecto que, unido ao portal Rom\u00e1nico Digital, est\u00e1 servindo para contribu\u00edr \u00e1 difusi\u00f3n internacional do rom\u00e1nico da Pen\u00ednsula Ib\u00e9rica.<\/h4>\n<h4 style=\"text-align: justify;\">\u201cCando hai catorce ano present\u00e1bamos os primeiros tomos da Enciclopedia del Rom\u00e1nico en Castilla y Le\u00f3n, nin sequera sospeit\u00e1bamos que estabamos po\u00f1endo a primeira pedra dun edificio que co paso do tempo \u00eda adquirir unha forma cada vez m\u00e1is definida: a Enciclopedia del Rom\u00e1nico en la Pen\u00ednsula Ib\u00e9rica\u201d, explicaba Peridis aos amigos, afeccionados e investigadores que se congregaron hoxe no Sal\u00f3n Nobre do<\/h4>\n<h4 style=\"text-align: justify;\">Liceo de Ourense para asistir \u00e1 presentaci\u00f3n destes tomos, que se suman aos de Pontevedra e A Coru\u00f1a.<\/h4>\n<h4 style=\"text-align: justify;\">Na s\u00faa intervenci\u00f3n Peridis estivo acompa\u00f1ado polo conselleiro de Cultura, Educaci\u00f3n e Ordenaci\u00f3n Universitaria de la Xunta, Rom\u00e1n Rodr\u00edguez Gonz\u00e1lez; o director de \u00c1rea de Negocio de CaixaBank en Ourense, Fernando Garza; o Delegado en Galicia de Red El\u00e9ctrica de Espa\u00f1a, Carlos Gonz\u00e1lez Pati\u00f1o, como parte as instituci\u00f3n que fixeron posible a obra.<\/h4>\n<h4 style=\"text-align: justify;\">Pola s\u00faa banda, o conselleiro de Cultura, Rom\u00e1n Rodr\u00edguez, resaltou a magnitude da obra e a s\u00faa capacidade para achegarlle ao gran p\u00fablico a arte rom\u00e1nica que se estende por toda Galicia, que define e caracteriza \u00e1 nosa terra. Ademais, o titular de Cultura valorou a capacidade deste tipo de traballos de investigaci\u00f3n para crear conciencia, aumentando o orgullo e reco\u00f1ecemento sobre o gran valor colectivo do noso patrimonio. Finalmente, o conselleiro aludiu ao valor universal do rom\u00e1nico en Galicia, lembrando a excelencia representada polo Mestre Mateo que, desde este luns, se exhibe de xeito monogr\u00e1fico no Museo do Prado.<\/h4>\n<h4 style=\"text-align: justify;\">De feito, a edici\u00f3n dos tomos de Ourense foi posible grazas \u00e1 implicaci\u00f3n da Obra Social \u201cla Caixa\u201d, Red El\u00e9ctrica de Espa\u00f1a, Xunta de Galicia, Fundaci\u00f3n ACS, Fundaci\u00f3n Ram\u00f3n Areces e os Ministerios de Cultura, Fomento y Empleo. Igualmente, contaron coa colaboraci\u00f3n doutras instituci\u00f3ns como a Diocese de Ourense ou a de Astorga ou a Fundaci\u00f3n Universidade da Coru\u00f1a. As\u00ed, entre os presentes, estaban tam\u00e9n o Bispo da Diocese, Leonardo Lemos; o vicepresidente da Deputaci\u00f3n, Rosendo Luis Fern\u00e1ndez Fern\u00e1ndez ou presidente do Consejo de Estado, Jos\u00e9 Manuel Romay Beccar\u00eda.<\/h4>\n<h4 style=\"text-align: justify;\">O representante de \u201cla Caixa\u201d en Ourense, Fernando Garza, suli\u00f1ou na s\u00faa intervenci\u00f3n a s\u00faa satisfacci\u00f3n por poder ofrecer aos cidad\u00e1ns da provincia unha obra tan rica e exhaustiva sobre un das principais sinais de entidade da provincia como \u00e9 o seu patrimonio de orixe medieval.<\/h4>\n<h4 style=\"text-align: justify;\">Enciclopedia del rom\u00e1nico en Galicia<\/h4>\n<h4 style=\"text-align: justify;\">Neste caso, a Fundaci\u00f3n Santa Mar\u00eda la Real del Patrimonio Hist\u00f3rico, contou coa colaboraci\u00f3n de Jos\u00e9 Carlos Valle P\u00e9rez, do Museo de Pontevedra, e con Jos\u00e9 Ram\u00f3n Soraluce Blond, da Universidade de A Coru\u00f1a, para supervisar e coordinar ao equipo de traballo, tanto no caso dos estudio hist\u00f3ricos, como nos levantamentos planim\u00e9tricos.<\/h4>\n<h4 style=\"text-align: justify;\">Ambos dirixiron un equipo integrado por historiadores e arquitectos, que, tras varios a\u00f1os de traballo na provincia, de investigaci\u00f3n e estudios previos, conseguiron documentar un total de 180 testemu\u00f1os rom\u00e1nicos repartidos por 166 poboaci\u00f3ns.<\/h4>\n<h4 style=\"text-align: justify;\">En todos os casos, o lector poder\u00e1 encontrar informaci\u00f3n acerca da localizaci\u00f3n da peza ou testemu\u00f1o, a s\u00faa historia e evoluci\u00f3n. Do mesmo modo, sempre se recollen fotograf\u00edas dos elementos m\u00e1is destacados e planimetr\u00edas do monumento en cuesti\u00f3n, para permitir unha mellor comprensi\u00f3n e an\u00e1lise. Ademais da catalogaci\u00f3n de monumentos, ordenados alfab\u00e9ticamente e por localidades, os tomos de Ourense, dos que se editaron 1.500 exemplares, incl\u00faen tres estudios previos que nos permiten<\/h4>\n<h4 style=\"text-align: justify;\">afondar en aspectos como as caracter\u00edsticas da provincia na Idade Media, a arquitectura ou a escultura rom\u00e1nica.<\/h4>\n<h4 style=\"text-align: justify;\">Os tomos de Ourense s\u00famanse aos xa publicados con anterioridade de A Coru\u00f1a (2) y Pontevedra (2). Esp\u00e9rase poder completar o estudio do rom\u00e1nico galego en 2017 coa publicaci\u00f3n dos tomos correspondentes a Lugo.<\/h4>\n<h4 style=\"text-align: justify;\">Enciclopedia del Rom\u00e1nico en la Pen\u00ednsula Ib\u00e9rica<\/h4>\n<h4 style=\"text-align: justify;\">Uns e outros sumaranse \u00e1 Enciclopedia del Rom\u00e1nico en la Pen\u00ednsula Ib\u00e9rica, un dos proxectos editoriais m\u00e1is ambiciosos da Fundaci\u00f3n Santa Mar\u00eda la Real del Patrimonio Hist\u00f3rico e un dos maiores esforzos de documentaci\u00f3n do patrimonio cultural do noso pa\u00eds.<\/h4>\n<h4 style=\"text-align: justify;\">A obra dirixida por Peridis ten como meta achegar, tanto \u00e1 comunidade cient\u00edfica como ao gran p\u00fablico, unha completa visi\u00f3n da arte rom\u00e1nico e, a trav\u00e9s del, de toda unha \u00e9poca, das s\u00faas xentes e da s\u00faa historia. O traballo fundam\u00e9ntase na s\u00faa exhaustividade, o seu car\u00e1cter met\u00f3dico, o compromiso acadado entre o cient\u00edfico e o acces\u00edbel, a s\u00faa riqueza gr\u00e1fica e unha coidada edici\u00f3n; aspectos que lle fixeron merecedor do Diploma Europa Nostra \u00e1 mellor labor editorial en 2003 e que levaron a colecci\u00f3n \u00e1s principais librer\u00edas e bibliotecas internacionais.<\/h4>\n<h4 style=\"text-align: justify;\">Con esta \u00faltima incorporaci\u00f3n, a Enciclopedia del Rom\u00e1nico en la Pen\u00ednsula Ib\u00e9rica suma 48 tomos, correspondentes a Castela e Le\u00f3n (17) Asturias (2 de rom\u00e1nico y 2 de prerrom\u00e1nico), Cantabria (3), Navarra (3), Madrid (1), A Rioxa (2), Guadalaxara (2), Cuenca (1), Zaragoza (2), Pa\u00eds Vasco (3), Pontevedra (2), A Coru\u00f1a (2), Barcelona (3), Tarragona (1) y Ourense (2).<\/h4>\n<h4 style=\"text-align: justify;\">Un inxente traballo que, tal e como sinalou Peridis, no ter\u00eda sido posible sen a implicaci\u00f3n de m\u00e1is dun millar de investigadores \u201chistoriadores, arque\u00f3logos, arquitectos, delineantes, fot\u00f3grafos, estudantes de arquitectura, documentalistas, cart\u00f3grafos, tradutores, editores\u2026\u201d A todos eles agradec\u00edalles Peridis o seu esforzo, as\u00ed como, \u201c\u00e1s numerosas persoas e instituci\u00f3ns e que participaron no proxecto e a\u00ednda participan, a quen lle debemos moitos\u201d, sinalou.<\/h4>\n<h4 style=\"text-align: justify;\">A Fundaci\u00f3n Santa Mar\u00eda la Real del Patrimonio Hist\u00f3rico, un proxecto cultural desde Castela e Le\u00f3n \u00e9 unha entidade privada sen \u00e1nimo de lucro, que ten como misi\u00f3n fundamental promover iniciativas de desenvolvemento sostible baseadas no estudio, investigaci\u00f3n, restauraci\u00f3n, conservaci\u00f3n e difusi\u00f3n do patrimonio natural, social e cultural.<\/h4>\n","protected":false},"excerpt":{"rendered":"<p>A Enciclopedia del Rom\u00e1nico recolle os 180 vestixios documentados en Ourense * O presidente da Fundaci\u00f3n Santa Mar\u00eda la Real del Patrimonio Hist\u00f3rico, Jos\u00e9 Mar\u00eda P\u00e9rez \u201cPeridis\u201d, presentaba hoxe no Sal\u00f3n Nobre do Liceo de Ourense os dous dos tomos correspondentes \u00e1 provincia, incorporados xa \u00e1 Enciclopedia del Rom\u00e1nico en la Pen\u00ednsula Ib\u00e9rica. * A [&hellip;]<\/p>\n","protected":false},"author":2,"featured_media":6412,"comment_status":"open","ping_status":"closed","sticky":false,"template":"","format":"standard","meta":{"footnotes":""},"categories":[9],"tags":[],"class_list":["post-6414","post","type-post","status-publish","format-standard","has-post-thumbnail","hentry","category-varios"],"_links":{"self":[{"href":"http:\/\/www.liceodeourense.com\/2.0\/index.php?rest_route=\/wp\/v2\/posts\/6414","targetHints":{"allow":["GET"]}}],"collection":[{"href":"http:\/\/www.liceodeourense.com\/2.0\/index.php?rest_route=\/wp\/v2\/posts"}],"about":[{"href":"http:\/\/www.liceodeourense.com\/2.0\/index.php?rest_route=\/wp\/v2\/types\/post"}],"author":[{"embeddable":true,"href":"http:\/\/www.liceodeourense.com\/2.0\/index.php?rest_route=\/wp\/v2\/users\/2"}],"replies":[{"embeddable":true,"href":"http:\/\/www.liceodeourense.com\/2.0\/index.php?rest_route=%2Fwp%2Fv2%2Fcomments&post=6414"}],"version-history":[{"count":1,"href":"http:\/\/www.liceodeourense.com\/2.0\/index.php?rest_route=\/wp\/v2\/posts\/6414\/revisions"}],"predecessor-version":[{"id":6415,"href":"http:\/\/www.liceodeourense.com\/2.0\/index.php?rest_route=\/wp\/v2\/posts\/6414\/revisions\/6415"}],"wp:featuredmedia":[{"embeddable":true,"href":"http:\/\/www.liceodeourense.com\/2.0\/index.php?rest_route=\/wp\/v2\/media\/6412"}],"wp:attachment":[{"href":"http:\/\/www.liceodeourense.com\/2.0\/index.php?rest_route=%2Fwp%2Fv2%2Fmedia&parent=6414"}],"wp:term":[{"taxonomy":"category","embeddable":true,"href":"http:\/\/www.liceodeourense.com\/2.0\/index.php?rest_route=%2Fwp%2Fv2%2Fcategories&post=6414"},{"taxonomy":"post_tag","embeddable":true,"href":"http:\/\/www.liceodeourense.com\/2.0\/index.php?rest_route=%2Fwp%2Fv2%2Ftags&post=6414"}],"curies":[{"name":"wp","href":"https:\/\/api.w.org\/{rel}","templated":true}]}}