{"id":5816,"date":"2016-04-16T12:02:20","date_gmt":"2016-04-16T11:02:20","guid":{"rendered":"http:\/\/www.liceodeourense.com\/2.0\/?p=5816"},"modified":"2016-04-21T12:08:30","modified_gmt":"2016-04-21T11:08:30","slug":"presentacion-de-o-enigma-de-caronte-de-carlos-vila-sexto","status":"publish","type":"post","link":"http:\/\/www.liceodeourense.com\/2.0\/?p=5816","title":{"rendered":"PRESENTACI\u00d3N de \u00abO ENIGMA DE CARONTE\u00bb de CARLOS VILA SEXTO"},"content":{"rendered":"<h4 style=\"text-align: justify;\">Onte tivemos a honra de acoller a presentaci\u00f3n da \u00faltima novela de ourens\u00e1n, lice\u00edsta e amigo Carlos Vila Sexto, nun acto literario de grand\u00edsimo nivel, con unha presentaci\u00f3n de moit\u00edsima altura literaria a cargo de Mariluz Villar. Gracias a Francisco Castro da Editorial Galaxia, a Mar\u00ed Luz Villar pola s\u00faa excelente participaci\u00f3n e a Carlos Vila Sexto por compartir con nos o se\u00fa novo \u00abfillo literario\u00bb.<\/h4>\n<p><a href=\"http:\/\/www.liceodeourense.com\/2.0\/wp-content\/uploads\/LIBRO-VILA00.jpg\"><img loading=\"lazy\" decoding=\"async\" class=\"alignright size-full wp-image-5817\" src=\"http:\/\/www.liceodeourense.com\/2.0\/wp-content\/uploads\/LIBRO-VILA00.jpg\" alt=\"LIBRO-VILA00\" width=\"936\" height=\"936\" srcset=\"https:\/\/www.liceodeourense.com\/2.0\/wp-content\/uploads\/LIBRO-VILA00.jpg 936w, https:\/\/www.liceodeourense.com\/2.0\/wp-content\/uploads\/LIBRO-VILA00-150x150.jpg 150w, https:\/\/www.liceodeourense.com\/2.0\/wp-content\/uploads\/LIBRO-VILA00-300x300.jpg 300w, https:\/\/www.liceodeourense.com\/2.0\/wp-content\/uploads\/LIBRO-VILA00-768x768.jpg 768w\" sizes=\"auto, (max-width: 936px) 100vw, 936px\" \/><\/a> <a href=\"http:\/\/www.liceodeourense.com\/2.0\/wp-content\/uploads\/LIBRO-VILA01.jpg\"><img loading=\"lazy\" decoding=\"async\" class=\"alignright size-full wp-image-5818\" src=\"http:\/\/www.liceodeourense.com\/2.0\/wp-content\/uploads\/LIBRO-VILA01.jpg\" alt=\"LIBRO-VILA01\" width=\"936\" height=\"936\" srcset=\"https:\/\/www.liceodeourense.com\/2.0\/wp-content\/uploads\/LIBRO-VILA01.jpg 936w, https:\/\/www.liceodeourense.com\/2.0\/wp-content\/uploads\/LIBRO-VILA01-150x150.jpg 150w, https:\/\/www.liceodeourense.com\/2.0\/wp-content\/uploads\/LIBRO-VILA01-300x300.jpg 300w, https:\/\/www.liceodeourense.com\/2.0\/wp-content\/uploads\/LIBRO-VILA01-768x768.jpg 768w\" sizes=\"auto, (max-width: 936px) 100vw, 936px\" \/><\/a> <a href=\"http:\/\/www.liceodeourense.com\/2.0\/wp-content\/uploads\/LIBRO-VILA02.jpg\"><img loading=\"lazy\" decoding=\"async\" class=\"alignright size-full wp-image-5819\" src=\"http:\/\/www.liceodeourense.com\/2.0\/wp-content\/uploads\/LIBRO-VILA02.jpg\" alt=\"LIBRO-VILA02\" width=\"936\" height=\"936\" srcset=\"https:\/\/www.liceodeourense.com\/2.0\/wp-content\/uploads\/LIBRO-VILA02.jpg 936w, https:\/\/www.liceodeourense.com\/2.0\/wp-content\/uploads\/LIBRO-VILA02-150x150.jpg 150w, https:\/\/www.liceodeourense.com\/2.0\/wp-content\/uploads\/LIBRO-VILA02-300x300.jpg 300w, https:\/\/www.liceodeourense.com\/2.0\/wp-content\/uploads\/LIBRO-VILA02-768x768.jpg 768w\" sizes=\"auto, (max-width: 936px) 100vw, 936px\" \/><\/a><a href=\"http:\/\/www.liceodeourense.com\/2.0\/wp-content\/uploads\/TARXETA-PRESENTACI\u00d3N-O-ENIGMA-DE-CARONTE.jpg\"><img loading=\"lazy\" decoding=\"async\" class=\"alignright size-full wp-image-5770\" src=\"http:\/\/www.liceodeourense.com\/2.0\/wp-content\/uploads\/TARXETA-PRESENTACI\u00d3N-O-ENIGMA-DE-CARONTE.jpg\" alt=\"TARXETA PRESENTACI\u00d3N O ENIGMA DE CARONTE\" width=\"1754\" height=\"1240\" srcset=\"https:\/\/www.liceodeourense.com\/2.0\/wp-content\/uploads\/TARXETA-PRESENTACI\u00d3N-O-ENIGMA-DE-CARONTE.jpg 1754w, https:\/\/www.liceodeourense.com\/2.0\/wp-content\/uploads\/TARXETA-PRESENTACI\u00d3N-O-ENIGMA-DE-CARONTE-300x212.jpg 300w, https:\/\/www.liceodeourense.com\/2.0\/wp-content\/uploads\/TARXETA-PRESENTACI\u00d3N-O-ENIGMA-DE-CARONTE-768x543.jpg 768w, https:\/\/www.liceodeourense.com\/2.0\/wp-content\/uploads\/TARXETA-PRESENTACI\u00d3N-O-ENIGMA-DE-CARONTE-1024x724.jpg 1024w\" sizes=\"auto, (max-width: 1754px) 100vw, 1754px\" \/><\/a><\/p>\n","protected":false},"excerpt":{"rendered":"<p>Onte tivemos a honra de acoller a presentaci\u00f3n da \u00faltima novela de ourens\u00e1n, lice\u00edsta e amigo Carlos Vila Sexto, nun acto literario de grand\u00edsimo nivel, con unha presentaci\u00f3n de moit\u00edsima altura literaria a cargo de Mariluz Villar. Gracias a Francisco Castro da Editorial Galaxia, a Mar\u00ed Luz Villar pola s\u00faa excelente participaci\u00f3n e a Carlos [&hellip;]<\/p>\n","protected":false},"author":2,"featured_media":0,"comment_status":"open","ping_status":"closed","sticky":false,"template":"","format":"standard","meta":{"footnotes":""},"categories":[4,6],"tags":[],"class_list":["post-5816","post","type-post","status-publish","format-standard","hentry","category-liceo","category-seccion-literatura"],"_links":{"self":[{"href":"http:\/\/www.liceodeourense.com\/2.0\/index.php?rest_route=\/wp\/v2\/posts\/5816","targetHints":{"allow":["GET"]}}],"collection":[{"href":"http:\/\/www.liceodeourense.com\/2.0\/index.php?rest_route=\/wp\/v2\/posts"}],"about":[{"href":"http:\/\/www.liceodeourense.com\/2.0\/index.php?rest_route=\/wp\/v2\/types\/post"}],"author":[{"embeddable":true,"href":"http:\/\/www.liceodeourense.com\/2.0\/index.php?rest_route=\/wp\/v2\/users\/2"}],"replies":[{"embeddable":true,"href":"http:\/\/www.liceodeourense.com\/2.0\/index.php?rest_route=%2Fwp%2Fv2%2Fcomments&post=5816"}],"version-history":[{"count":1,"href":"http:\/\/www.liceodeourense.com\/2.0\/index.php?rest_route=\/wp\/v2\/posts\/5816\/revisions"}],"predecessor-version":[{"id":5820,"href":"http:\/\/www.liceodeourense.com\/2.0\/index.php?rest_route=\/wp\/v2\/posts\/5816\/revisions\/5820"}],"wp:attachment":[{"href":"http:\/\/www.liceodeourense.com\/2.0\/index.php?rest_route=%2Fwp%2Fv2%2Fmedia&parent=5816"}],"wp:term":[{"taxonomy":"category","embeddable":true,"href":"http:\/\/www.liceodeourense.com\/2.0\/index.php?rest_route=%2Fwp%2Fv2%2Fcategories&post=5816"},{"taxonomy":"post_tag","embeddable":true,"href":"http:\/\/www.liceodeourense.com\/2.0\/index.php?rest_route=%2Fwp%2Fv2%2Ftags&post=5816"}],"curies":[{"name":"wp","href":"https:\/\/api.w.org\/{rel}","templated":true}]}}