{"id":5350,"date":"2015-11-23T19:46:58","date_gmt":"2015-11-23T18:46:58","guid":{"rendered":"http:\/\/www.liceodeourense.com\/2.0\/?p=5350"},"modified":"2015-11-23T19:55:34","modified_gmt":"2015-11-23T18:55:34","slug":"premios-marcial-del-adalid-para-don-carlos-rodriguez-castineira-coralista-de-la-coral-del-liceo","status":"publish","type":"post","link":"http:\/\/www.liceodeourense.com\/2.0\/?p=5350","title":{"rendered":"Premios \u201cMarcial del Adalid\u201d para DON CARLOS RODR\u00cdGUEZ CASTI\u00d1EIRA. Coralista de la Coral del Liceo"},"content":{"rendered":"<h3 style=\"text-align: justify;\">La Real Academia Gallega de Bellas Artes de Nuestra Se\u00f1ora del Rosario, celebr\u00f3 el pasado s\u00e1bado d\u00eda 14 de noviembre , en el Sal\u00f3n de Actos de la sede acad\u00e9mica , Sesi\u00f3n P\u00fablica, para la entrega de los premios \u201cMarcial del Adalid\u201d en su versi\u00f3n personalizada a la constancia musical, consistente en insignia y diploma.<\/h3>\n<h3 style=\"text-align: justify;\">Entre los galardonados estaba nuestro amigo, compa\u00f1ero y coralista DON CARLOS RODR\u00cdGUEZ CASTI\u00d1EIRA de la Coral Liceo de Ourense. Enhorabuena y merecido reconocimiento.<\/h3>\n<h3 style=\"text-align: justify;\">Tambi\u00e9n aqu\u00ed queremos dejar constancia de las palabras que pronunci\u00f3 nuestro amigo y en este caso tambi\u00e9n representante de la \u00a0Coral Marco I. Rocha, gracias y tambi\u00e9n nuestra enhorabuena por estas preciosas palabras.:<\/h3>\n<p style=\"text-align: justify;\">\u00ab<span style=\"font-size: large;\"><b>Excmo. Sr presidente de la Real Academia Gallega de bellas artes, Ilustr\u00edsimos Acad\u00e9micos, Sras., Sres., amigas y amigos todos, buenas tardes.<\/b><\/span><\/p>\n<p align=\"JUSTIFY\"><span style=\"font-size: large;\"><b>Mi nombre es Marco Rocha, el objeto de mi presencia hoy aqu\u00ed en representaci\u00f3n del LICEO DE OURENSE, entidad centenaria, y de su coral, tambi\u00e9n con ra\u00edces centenarias, es acompa\u00f1arlos en este acto donde por la m\u00fasica coral que a trav\u00e9s de la academia, y desde 1949 viene premiando al coralista entregado altruistamente a esta bella faceta como es el canto en grupo.<\/b><\/span><\/p>\n<p align=\"JUSTIFY\"><span style=\"font-size: large;\"><b>Es por esto que felicito a todos los afortunados, en poder tener en su curriculum el premio Marcial Del Adalid, si bien y con vuestro benepl\u00e1cito me dejareis tener un apartado especial para mi compa\u00f1ero el Sr. Carlos Rodr\u00edguez Casti\u00f1eira como yo componente de la CORAL DEL LICEO DE OURENSE , felicitarlo doblemente por ser un excelente compa\u00f1ero, excelente bajo en su cuerda y mejor persona. En su caso su medalla suma la n\u00ba 16 para nuestro CORO , y seria bueno estar aqu\u00ed muchas veces mas seria una muy buena se\u00f1al para la m\u00fasica coral.<\/b><\/span><\/p>\n<p align=\"JUSTIFY\"><span style=\"font-size: large;\"><b>Nuestra enhorabuena a LA ACADEMIA por mantener vivo este galard\u00f3n.<\/b><\/span><\/p>\n<p align=\"JUSTIFY\"><span style=\"font-size: large;\"><b>Tampoco puedo obviar (no ser\u00eda justo) a una batuta, intr\u00e9pida, constante, sabia y atrevida en la persona de nuestra directora la Sra. Yolanda Grela Betoret.<\/b><\/span><\/p>\n<p align=\"JUSTIFY\"><span style=\"font-size: large;\"><b>Y sin mas a todas y a todos otra vez enhorabuena y quisiera despedirme con un adi\u00f3s \u00a1!!NO!!! hasta luego NO \u00a1!! Tampoco , pero si con un hasta siempre amigos en Ourense os esperamos con los brazos abiertos, con el calor de nuestras termas y de vuestra CORAL DEL LICEO DE OURENSE\u00bb<\/b><\/span><\/p>\n","protected":false},"excerpt":{"rendered":"<p>La Real Academia Gallega de Bellas Artes de Nuestra Se\u00f1ora del Rosario, celebr\u00f3 el pasado s\u00e1bado d\u00eda 14 de noviembre , en el Sal\u00f3n de Actos de la sede acad\u00e9mica , Sesi\u00f3n P\u00fablica, para la entrega de los premios \u201cMarcial del Adalid\u201d en su versi\u00f3n personalizada a la constancia musical, consistente en insignia y diploma. [&hellip;]<\/p>\n","protected":false},"author":2,"featured_media":0,"comment_status":"open","ping_status":"closed","sticky":false,"template":"","format":"standard","meta":{"footnotes":""},"categories":[14],"tags":[],"class_list":["post-5350","post","type-post","status-publish","format-standard","hentry","category-musica-coral-liceo"],"_links":{"self":[{"href":"http:\/\/www.liceodeourense.com\/2.0\/index.php?rest_route=\/wp\/v2\/posts\/5350","targetHints":{"allow":["GET"]}}],"collection":[{"href":"http:\/\/www.liceodeourense.com\/2.0\/index.php?rest_route=\/wp\/v2\/posts"}],"about":[{"href":"http:\/\/www.liceodeourense.com\/2.0\/index.php?rest_route=\/wp\/v2\/types\/post"}],"author":[{"embeddable":true,"href":"http:\/\/www.liceodeourense.com\/2.0\/index.php?rest_route=\/wp\/v2\/users\/2"}],"replies":[{"embeddable":true,"href":"http:\/\/www.liceodeourense.com\/2.0\/index.php?rest_route=%2Fwp%2Fv2%2Fcomments&post=5350"}],"version-history":[{"count":3,"href":"http:\/\/www.liceodeourense.com\/2.0\/index.php?rest_route=\/wp\/v2\/posts\/5350\/revisions"}],"predecessor-version":[{"id":5354,"href":"http:\/\/www.liceodeourense.com\/2.0\/index.php?rest_route=\/wp\/v2\/posts\/5350\/revisions\/5354"}],"wp:attachment":[{"href":"http:\/\/www.liceodeourense.com\/2.0\/index.php?rest_route=%2Fwp%2Fv2%2Fmedia&parent=5350"}],"wp:term":[{"taxonomy":"category","embeddable":true,"href":"http:\/\/www.liceodeourense.com\/2.0\/index.php?rest_route=%2Fwp%2Fv2%2Fcategories&post=5350"},{"taxonomy":"post_tag","embeddable":true,"href":"http:\/\/www.liceodeourense.com\/2.0\/index.php?rest_route=%2Fwp%2Fv2%2Ftags&post=5350"}],"curies":[{"name":"wp","href":"https:\/\/api.w.org\/{rel}","templated":true}]}}