{"id":5200,"date":"2015-09-17T11:23:13","date_gmt":"2015-09-17T10:23:13","guid":{"rendered":"http:\/\/www.liceodeourense.com\/2.0\/?p=5200"},"modified":"2015-09-28T11:27:42","modified_gmt":"2015-09-28T10:27:42","slug":"inauguracion-da-exposicion-de-adela-rodriguez-mergullandose","status":"publish","type":"post","link":"http:\/\/www.liceodeourense.com\/2.0\/?p=5200","title":{"rendered":"Inauguraci\u00f3n da Exposici\u00f3n de Adela Rodr\u00edguez. Mergull\u00e1ndose."},"content":{"rendered":"<p>El pasado d\u00eda 16 inauguramos en el Claustro del Liceo la Exposici\u00f3n de Adela Rodr\u00edguez \u00abMergull\u00e1ndose\u00bb.<\/p>\n<p><a href=\"http:\/\/adelarodriguez.es\/Blog\/exposiciones\/\" target=\"_blank\">http:\/\/adelarodriguez.es\/Blog\/exposiciones\/<\/a><\/p>\n<p>&nbsp;<\/p>\n<p><a href=\"http:\/\/www.liceodeourense.com\/2.0\/wp-content\/uploads\/IMG-20150918-WA000.jpg\"><img loading=\"lazy\" decoding=\"async\" class=\"alignleft size-full wp-image-5201\" src=\"http:\/\/www.liceodeourense.com\/2.0\/wp-content\/uploads\/IMG-20150918-WA000.jpg\" alt=\"IMG-20150918-WA000\" width=\"1599\" height=\"1200\" srcset=\"https:\/\/www.liceodeourense.com\/2.0\/wp-content\/uploads\/IMG-20150918-WA000.jpg 1599w, https:\/\/www.liceodeourense.com\/2.0\/wp-content\/uploads\/IMG-20150918-WA000-300x225.jpg 300w, https:\/\/www.liceodeourense.com\/2.0\/wp-content\/uploads\/IMG-20150918-WA000-1024x768.jpg 1024w\" sizes=\"auto, (max-width: 1599px) 100vw, 1599px\" \/><\/a><\/p>\n<p>&nbsp;<\/p>\n<p>&nbsp;<\/p>\n<p><a href=\"http:\/\/www.liceodeourense.com\/2.0\/wp-content\/uploads\/Adela-Rodriguez-Exposicion-Ourense-sept-2015-01.jpeg\"><img loading=\"lazy\" decoding=\"async\" class=\"alignleft  wp-image-5182\" src=\"http:\/\/www.liceodeourense.com\/2.0\/wp-content\/uploads\/Adela-Rodriguez-Exposicion-Ourense-sept-2015-01.jpeg\" alt=\"Adela Rodriguez Exposicion Ourense sept 2015 01\" width=\"627\" height=\"996\" srcset=\"https:\/\/www.liceodeourense.com\/2.0\/wp-content\/uploads\/Adela-Rodriguez-Exposicion-Ourense-sept-2015-01.jpeg 403w, https:\/\/www.liceodeourense.com\/2.0\/wp-content\/uploads\/Adela-Rodriguez-Exposicion-Ourense-sept-2015-01-189x300.jpeg 189w\" sizes=\"auto, (max-width: 627px) 100vw, 627px\" \/><\/a><\/p>\n","protected":false},"excerpt":{"rendered":"<p>El pasado d\u00eda 16 inauguramos en el Claustro del Liceo la Exposici\u00f3n de Adela Rodr\u00edguez \u00abMergull\u00e1ndose\u00bb. http:\/\/adelarodriguez.es\/Blog\/exposiciones\/ &nbsp; &nbsp; &nbsp;<\/p>\n","protected":false},"author":2,"featured_media":0,"comment_status":"open","ping_status":"closed","sticky":false,"template":"","format":"standard","meta":{"footnotes":""},"categories":[1],"tags":[],"class_list":["post-5200","post","type-post","status-publish","format-standard","hentry","category-sin-categoria"],"_links":{"self":[{"href":"http:\/\/www.liceodeourense.com\/2.0\/index.php?rest_route=\/wp\/v2\/posts\/5200","targetHints":{"allow":["GET"]}}],"collection":[{"href":"http:\/\/www.liceodeourense.com\/2.0\/index.php?rest_route=\/wp\/v2\/posts"}],"about":[{"href":"http:\/\/www.liceodeourense.com\/2.0\/index.php?rest_route=\/wp\/v2\/types\/post"}],"author":[{"embeddable":true,"href":"http:\/\/www.liceodeourense.com\/2.0\/index.php?rest_route=\/wp\/v2\/users\/2"}],"replies":[{"embeddable":true,"href":"http:\/\/www.liceodeourense.com\/2.0\/index.php?rest_route=%2Fwp%2Fv2%2Fcomments&post=5200"}],"version-history":[{"count":1,"href":"http:\/\/www.liceodeourense.com\/2.0\/index.php?rest_route=\/wp\/v2\/posts\/5200\/revisions"}],"predecessor-version":[{"id":5202,"href":"http:\/\/www.liceodeourense.com\/2.0\/index.php?rest_route=\/wp\/v2\/posts\/5200\/revisions\/5202"}],"wp:attachment":[{"href":"http:\/\/www.liceodeourense.com\/2.0\/index.php?rest_route=%2Fwp%2Fv2%2Fmedia&parent=5200"}],"wp:term":[{"taxonomy":"category","embeddable":true,"href":"http:\/\/www.liceodeourense.com\/2.0\/index.php?rest_route=%2Fwp%2Fv2%2Fcategories&post=5200"},{"taxonomy":"post_tag","embeddable":true,"href":"http:\/\/www.liceodeourense.com\/2.0\/index.php?rest_route=%2Fwp%2Fv2%2Ftags&post=5200"}],"curies":[{"name":"wp","href":"https:\/\/api.w.org\/{rel}","templated":true}]}}