{"id":457,"date":"2012-01-25T11:06:00","date_gmt":"2012-01-25T11:06:00","guid":{"rendered":"http:\/\/www.liceodeourense.com\/2.0\/457\/"},"modified":"2012-01-25T11:06:00","modified_gmt":"2012-01-25T11:06:00","slug":"457","status":"publish","type":"post","link":"http:\/\/www.liceodeourense.com\/2.0\/?p=457","title":{"rendered":""},"content":{"rendered":"<p><\/p>\n<div style=\"clear: left; cssfloat: left; float: left; margin-bottom: 1em; margin-right: 1em;\"><img loading=\"lazy\" decoding=\"async\" border=\"0\" gda=\"true\" height=\"240\" src=\"http:\/\/2.bp.blogspot.com\/-gOMCZEE2vR0\/Tx_hF7H1U2I\/AAAAAAAAET0\/RUnlZucQmdY\/s320\/Ourense-20120118-00233.jpg\" width=\"320\" \/><\/div>\n<div style=\"text-align: justify;\"><span style=\"font-family: Verdana, sans-serif;\">Con el Aula de Cultura de El Liceo abarrotado de lice\u00edstas y ourensanos,&nbsp; y en ocasi\u00f3n de las Jornadas de la IV\u00aa Semana de Teolog\u00eda organizadas por la Vicar\u00eda de Pastoral de la Di\u00f3cesis de Ourense, el pasado d\u00eda 18 de enero , la Junta Directiva de El Liceo ha hecho entrega de la MEDALLA DE ORO del LICEO al EXCMO. Sr. D. CARLOS OSORO SIERRA, Arzobispo Metropolitano de Valencia. <\/span><\/div>\n<div style=\"text-align: justify;\"><span style=\"font-family: Verdana, sans-serif;\"><\/span><\/div>\n<div style=\"text-align: justify;\"><span style=\"font-family: Verdana, sans-serif;\"><br \/><\/span>&nbsp;<\/div>\n<div style=\"text-align: justify;\"><span style=\"font-family: Verdana, sans-serif;\">A propuesta del Presidente, Jos\u00e9 Carlos Mart\u00ednez-Pedrayo Garc\u00eda, la Junta Directiva acordo Conceder la Medalla de Oro de El Liceo de Ourense al Excmo., y Rvdmo. Sr. D. Carlos Osoro Sierra, Arzobispo Metropolitano de Valencia, y ello en consideraci\u00f3n a los m\u00e9ritos personales contra\u00eddos con la Entidad, y especialmente por su positiva y enriquecedora aportaci\u00f3n en el desarrollo de las actividades y fines de la Sociedad\u00bb.<\/span><\/div>\n<p><img loading=\"lazy\" decoding=\"async\" border=\"0\" gda=\"true\" height=\"240\" src=\"http:\/\/4.bp.blogspot.com\/-WxukskrOnMA\/Tx_hEhJqysI\/AAAAAAAAETs\/OSUvse57IPU\/s320\/IMG-20120118-00234.jpg\" width=\"320\" \/><br \/>&nbsp;<img loading=\"lazy\" decoding=\"async\" border=\"0\" gda=\"true\" height=\"240\" src=\"http:\/\/4.bp.blogspot.com\/-q1nURAVNHS0\/Tx_g7Hq23zI\/AAAAAAAAETU\/UMQKQyG9tsA\/s320\/Ourense-20120118-00236.jpg\" width=\"320\" \/><\/p>\n<div class=\"separator\" style=\"clear: both; text-align: center;\"><a href=\"http:\/\/4.bp.blogspot.com\/-jja52sLXZ4A\/Tx_g82a6o3I\/AAAAAAAAETc\/leQ-X2k6aAs\/s1600\/Ourense-20120118-00235.jpg\" imageanchor=\"1\" style=\"clear: left; cssfloat: left; float: left; margin-bottom: 1em; margin-right: 1em;\"><img loading=\"lazy\" decoding=\"async\" border=\"0\" gda=\"true\" height=\"240\" src=\"http:\/\/4.bp.blogspot.com\/-jja52sLXZ4A\/Tx_g82a6o3I\/AAAAAAAAETc\/leQ-X2k6aAs\/s320\/Ourense-20120118-00235.jpg\" width=\"320\" \/><\/a><\/div>\n<p><\/p>\n<div class=\"separator\" style=\"clear: both; text-align: center;\"><a href=\"http:\/\/4.bp.blogspot.com\/-s8VPXSlSlpU\/Tx_hDuOfvaI\/AAAAAAAAETk\/IPLpB26TSeI\/s1600\/Ourense-20120118-00237.jpg\" imageanchor=\"1\" style=\"clear: left; cssfloat: left; float: left; margin-bottom: 1em; margin-right: 1em;\"><img loading=\"lazy\" decoding=\"async\" border=\"0\" gda=\"true\" height=\"240\" src=\"http:\/\/4.bp.blogspot.com\/-s8VPXSlSlpU\/Tx_hDuOfvaI\/AAAAAAAAETk\/IPLpB26TSeI\/s320\/Ourense-20120118-00237.jpg\" width=\"320\" \/><\/a><\/div>\n","protected":false},"excerpt":{"rendered":"<p>Con el Aula de Cultura de El Liceo abarrotado de lice\u00edstas y ourensanos,&nbsp; y en ocasi\u00f3n de las Jornadas de la IV\u00aa Semana de Teolog\u00eda organizadas por la Vicar\u00eda de Pastoral de la Di\u00f3cesis de Ourense, el pasado d\u00eda 18 de enero , la Junta Directiva de El Liceo ha hecho entrega de la MEDALLA [&hellip;]<\/p>\n","protected":false},"author":2,"featured_media":0,"comment_status":"open","ping_status":"closed","sticky":false,"template":"","format":"standard","meta":{"footnotes":""},"categories":[4],"tags":[],"class_list":["post-457","post","type-post","status-publish","format-standard","hentry","category-liceo"],"_links":{"self":[{"href":"http:\/\/www.liceodeourense.com\/2.0\/index.php?rest_route=\/wp\/v2\/posts\/457","targetHints":{"allow":["GET"]}}],"collection":[{"href":"http:\/\/www.liceodeourense.com\/2.0\/index.php?rest_route=\/wp\/v2\/posts"}],"about":[{"href":"http:\/\/www.liceodeourense.com\/2.0\/index.php?rest_route=\/wp\/v2\/types\/post"}],"author":[{"embeddable":true,"href":"http:\/\/www.liceodeourense.com\/2.0\/index.php?rest_route=\/wp\/v2\/users\/2"}],"replies":[{"embeddable":true,"href":"http:\/\/www.liceodeourense.com\/2.0\/index.php?rest_route=%2Fwp%2Fv2%2Fcomments&post=457"}],"version-history":[{"count":0,"href":"http:\/\/www.liceodeourense.com\/2.0\/index.php?rest_route=\/wp\/v2\/posts\/457\/revisions"}],"wp:attachment":[{"href":"http:\/\/www.liceodeourense.com\/2.0\/index.php?rest_route=%2Fwp%2Fv2%2Fmedia&parent=457"}],"wp:term":[{"taxonomy":"category","embeddable":true,"href":"http:\/\/www.liceodeourense.com\/2.0\/index.php?rest_route=%2Fwp%2Fv2%2Fcategories&post=457"},{"taxonomy":"post_tag","embeddable":true,"href":"http:\/\/www.liceodeourense.com\/2.0\/index.php?rest_route=%2Fwp%2Fv2%2Ftags&post=457"}],"curies":[{"name":"wp","href":"https:\/\/api.w.org\/{rel}","templated":true}]}}