{"id":4426,"date":"2014-12-23T10:53:17","date_gmt":"2014-12-23T09:53:17","guid":{"rendered":"http:\/\/www.liceodeourense.com\/2.0\/?p=4426"},"modified":"2014-12-23T10:53:17","modified_gmt":"2014-12-23T09:53:17","slug":"extraordinario-concerto-de-nadal-da-coral-do-liceo","status":"publish","type":"post","link":"http:\/\/www.liceodeourense.com\/2.0\/?p=4426","title":{"rendered":"Extraordinario Concerto de Nadal da Coral do Liceo."},"content":{"rendered":"<h4 style=\"text-align: justify;\">Abrimos a programaci\u00f3n do Nadal no Liceo dun xeito extraordinario, marabilloso concerto o da Coral do Liceo, cun Sal\u00f3n Noble co aforo completo, e un p\u00fablico entregado coa m\u00fasica da nosa Coral. Parab\u00e9ns para todos, a Coral pola sua interpretaci\u00f3n e os Socios e amigos do Liceo pola s\u00faa presencia.<\/h4>\n<p>&nbsp;<\/p>\n<p><a href=\"http:\/\/www.liceodeourense.com\/2.0\/wp-content\/uploads\/CORAL00.jpg\"><img loading=\"lazy\" decoding=\"async\" class=\"alignleft wp-image-4427 size-full\" src=\"http:\/\/www.liceodeourense.com\/2.0\/wp-content\/uploads\/CORAL00.jpg\" alt=\"CORAL00\" width=\"1555\" height=\"1166\" srcset=\"https:\/\/www.liceodeourense.com\/2.0\/wp-content\/uploads\/CORAL00.jpg 1555w, https:\/\/www.liceodeourense.com\/2.0\/wp-content\/uploads\/CORAL00-300x225.jpg 300w, https:\/\/www.liceodeourense.com\/2.0\/wp-content\/uploads\/CORAL00-1024x768.jpg 1024w\" sizes=\"auto, (max-width: 1555px) 100vw, 1555px\" \/><\/a> <a href=\"http:\/\/www.liceodeourense.com\/2.0\/wp-content\/uploads\/CORAL01.jpg\"><img loading=\"lazy\" decoding=\"async\" class=\"alignleft size-full wp-image-4428\" src=\"http:\/\/www.liceodeourense.com\/2.0\/wp-content\/uploads\/CORAL01.jpg\" alt=\"CORAL01\" width=\"972\" height=\"1296\" srcset=\"https:\/\/www.liceodeourense.com\/2.0\/wp-content\/uploads\/CORAL01.jpg 972w, https:\/\/www.liceodeourense.com\/2.0\/wp-content\/uploads\/CORAL01-225x300.jpg 225w, https:\/\/www.liceodeourense.com\/2.0\/wp-content\/uploads\/CORAL01-768x1024.jpg 768w\" sizes=\"auto, (max-width: 972px) 100vw, 972px\" \/><\/a> <a href=\"http:\/\/www.liceodeourense.com\/2.0\/wp-content\/uploads\/CORAL02.jpg\"><img loading=\"lazy\" decoding=\"async\" class=\"alignleft size-full wp-image-4429\" src=\"http:\/\/www.liceodeourense.com\/2.0\/wp-content\/uploads\/CORAL02.jpg\" alt=\"CORAL02\" width=\"528\" height=\"396\" srcset=\"https:\/\/www.liceodeourense.com\/2.0\/wp-content\/uploads\/CORAL02.jpg 528w, https:\/\/www.liceodeourense.com\/2.0\/wp-content\/uploads\/CORAL02-300x225.jpg 300w\" sizes=\"auto, (max-width: 528px) 100vw, 528px\" \/><\/a> <a href=\"http:\/\/www.liceodeourense.com\/2.0\/wp-content\/uploads\/CORAL03.jpg\"><img loading=\"lazy\" decoding=\"async\" class=\"alignleft size-full wp-image-4430\" src=\"http:\/\/www.liceodeourense.com\/2.0\/wp-content\/uploads\/CORAL03.jpg\" alt=\"CORAL03\" width=\"972\" height=\"1296\" srcset=\"https:\/\/www.liceodeourense.com\/2.0\/wp-content\/uploads\/CORAL03.jpg 972w, https:\/\/www.liceodeourense.com\/2.0\/wp-content\/uploads\/CORAL03-225x300.jpg 225w, https:\/\/www.liceodeourense.com\/2.0\/wp-content\/uploads\/CORAL03-768x1024.jpg 768w\" sizes=\"auto, (max-width: 972px) 100vw, 972px\" \/><\/a> <a href=\"http:\/\/www.liceodeourense.com\/2.0\/wp-content\/uploads\/CORAL04.jpg\"><img loading=\"lazy\" decoding=\"async\" class=\"alignleft size-full wp-image-4431\" src=\"http:\/\/www.liceodeourense.com\/2.0\/wp-content\/uploads\/CORAL04.jpg\" alt=\"CORAL04\" width=\"672\" height=\"896\" srcset=\"https:\/\/www.liceodeourense.com\/2.0\/wp-content\/uploads\/CORAL04.jpg 672w, https:\/\/www.liceodeourense.com\/2.0\/wp-content\/uploads\/CORAL04-225x300.jpg 225w\" sizes=\"auto, (max-width: 672px) 100vw, 672px\" \/><\/a> <a href=\"http:\/\/www.liceodeourense.com\/2.0\/wp-content\/uploads\/CORAL05.jpg\"><img loading=\"lazy\" decoding=\"async\" class=\"alignleft size-full wp-image-4432\" src=\"http:\/\/www.liceodeourense.com\/2.0\/wp-content\/uploads\/CORAL05.jpg\" alt=\"CORAL05\" width=\"1296\" height=\"972\" srcset=\"https:\/\/www.liceodeourense.com\/2.0\/wp-content\/uploads\/CORAL05.jpg 1296w, https:\/\/www.liceodeourense.com\/2.0\/wp-content\/uploads\/CORAL05-300x225.jpg 300w, https:\/\/www.liceodeourense.com\/2.0\/wp-content\/uploads\/CORAL05-1024x768.jpg 1024w\" sizes=\"auto, (max-width: 1296px) 100vw, 1296px\" \/><\/a> <a href=\"http:\/\/www.liceodeourense.com\/2.0\/wp-content\/uploads\/CORAL10.jpg\"><img loading=\"lazy\" decoding=\"async\" class=\"alignleft size-full wp-image-4433\" src=\"http:\/\/www.liceodeourense.com\/2.0\/wp-content\/uploads\/CORAL10.jpg\" alt=\"CORAL10\" width=\"640\" height=\"360\" srcset=\"https:\/\/www.liceodeourense.com\/2.0\/wp-content\/uploads\/CORAL10.jpg 640w, https:\/\/www.liceodeourense.com\/2.0\/wp-content\/uploads\/CORAL10-300x169.jpg 300w\" sizes=\"auto, (max-width: 640px) 100vw, 640px\" \/><\/a><\/p>\n","protected":false},"excerpt":{"rendered":"<p>Abrimos a programaci\u00f3n do Nadal no Liceo dun xeito extraordinario, marabilloso concerto o da Coral do Liceo, cun Sal\u00f3n Noble co aforo completo, e un p\u00fablico entregado coa m\u00fasica da nosa Coral. Parab\u00e9ns para todos, a Coral pola sua interpretaci\u00f3n e os Socios e amigos do Liceo pola s\u00faa presencia. &nbsp;<\/p>\n","protected":false},"author":2,"featured_media":4427,"comment_status":"open","ping_status":"closed","sticky":false,"template":"","format":"standard","meta":{"footnotes":""},"categories":[4,5,14],"tags":[],"class_list":["post-4426","post","type-post","status-publish","format-standard","has-post-thumbnail","hentry","category-liceo","category-musica","category-musica-coral-liceo"],"_links":{"self":[{"href":"http:\/\/www.liceodeourense.com\/2.0\/index.php?rest_route=\/wp\/v2\/posts\/4426","targetHints":{"allow":["GET"]}}],"collection":[{"href":"http:\/\/www.liceodeourense.com\/2.0\/index.php?rest_route=\/wp\/v2\/posts"}],"about":[{"href":"http:\/\/www.liceodeourense.com\/2.0\/index.php?rest_route=\/wp\/v2\/types\/post"}],"author":[{"embeddable":true,"href":"http:\/\/www.liceodeourense.com\/2.0\/index.php?rest_route=\/wp\/v2\/users\/2"}],"replies":[{"embeddable":true,"href":"http:\/\/www.liceodeourense.com\/2.0\/index.php?rest_route=%2Fwp%2Fv2%2Fcomments&post=4426"}],"version-history":[{"count":1,"href":"http:\/\/www.liceodeourense.com\/2.0\/index.php?rest_route=\/wp\/v2\/posts\/4426\/revisions"}],"predecessor-version":[{"id":4434,"href":"http:\/\/www.liceodeourense.com\/2.0\/index.php?rest_route=\/wp\/v2\/posts\/4426\/revisions\/4434"}],"wp:featuredmedia":[{"embeddable":true,"href":"http:\/\/www.liceodeourense.com\/2.0\/index.php?rest_route=\/wp\/v2\/media\/4427"}],"wp:attachment":[{"href":"http:\/\/www.liceodeourense.com\/2.0\/index.php?rest_route=%2Fwp%2Fv2%2Fmedia&parent=4426"}],"wp:term":[{"taxonomy":"category","embeddable":true,"href":"http:\/\/www.liceodeourense.com\/2.0\/index.php?rest_route=%2Fwp%2Fv2%2Fcategories&post=4426"},{"taxonomy":"post_tag","embeddable":true,"href":"http:\/\/www.liceodeourense.com\/2.0\/index.php?rest_route=%2Fwp%2Fv2%2Ftags&post=4426"}],"curies":[{"name":"wp","href":"https:\/\/api.w.org\/{rel}","templated":true}]}}