{"id":4053,"date":"2014-07-03T18:32:17","date_gmt":"2014-07-03T17:32:17","guid":{"rendered":"http:\/\/www.liceodeourense.com\/2.0\/?p=4053"},"modified":"2014-07-04T11:43:56","modified_gmt":"2014-07-04T10:43:56","slug":"intervencion-de-d-manuel-martinez-rapela-en-el-olladas-na-rua-colexio-oficial-de-arquitectos-de-galicia-liceo-de-ourense","status":"publish","type":"post","link":"http:\/\/www.liceodeourense.com\/2.0\/?p=4053","title":{"rendered":"Intervenci\u00f3n de D. Manuel Mart\u00ednez Rapela en el OLLADAS NA R\u00daA. Colexio Oficial de Arquitectos de Galicia. Liceo de Ourense."},"content":{"rendered":"<h3 style=\"text-align: justify;\"><a href=\"http:\/\/www.liceodeourense.com\/2.0\/wp-content\/uploads\/564878_10151511278345179_916068795_n.jpg\"><img loading=\"lazy\" decoding=\"async\" class=\"alignleft wp-image-4057 size-medium\" src=\"http:\/\/www.liceodeourense.com\/2.0\/wp-content\/uploads\/564878_10151511278345179_916068795_n-300x144.jpg\" alt=\"564878_10151511278345179_916068795_n\" width=\"300\" height=\"144\" srcset=\"https:\/\/www.liceodeourense.com\/2.0\/wp-content\/uploads\/564878_10151511278345179_916068795_n-300x144.jpg 300w, https:\/\/www.liceodeourense.com\/2.0\/wp-content\/uploads\/564878_10151511278345179_916068795_n.jpg 951w\" sizes=\"auto, (max-width: 300px) 100vw, 300px\" \/><\/a>\u00a0<b>Muchas personas y con gran autoridad han hablado entre estas paredes del Liceo y del Palacio que ocupa.<\/b><\/h3>\n<h3 style=\"text-align: justify;\"><b>La directiva me ha designado, bajo su responsabilidad, para que recordemos ambas cosas<\/b><\/h3>\n<h3 style=\"text-align: justify;\"><b>Haremos un repaso de c\u00f3mo y cu\u00e1ndo se construy\u00f3 el edificio y por quien, as\u00ed como que ocurr\u00eda en Ourense en esas fechas.<\/b><\/h3>\n<h3 style=\"text-align: justify;\"><b>Despu\u00e9s daremos un salto en el tiempo, de 300 a\u00f1os (mediados de 1500 a mediados de 1800), para centrarnos en la historia del Liceo y el entorno ciudadano en que fue creciendo esta sociedad de recreo y cultura. <\/b><\/h3>\n<h3 style=\"text-align: justify;\"><b>Introduciremos algunas cosas de inter\u00e9s, a mi juicio, para atraer la atenci\u00f3n sobre el patrimonio ourensano<\/b><\/h3>\n<h3 style=\"text-align: justify;\"><b>Empecemos por la construcci\u00f3n del edificio y sus promotores<\/b> \u00a0 <b>Estamos en los primeros a\u00f1os del siglo XVI. Antonio Palavicini Gentili era obispo de Ourense y como dice Adrio Men\u00e9ndez no se molest\u00f3 en ver donde estaba esta ciudad en el mapa. No vino a tomar posesi\u00f3n.<\/b><\/h3>\n<h3 style=\"text-align: justify;\"><b>El Renacimiento nac\u00eda en Italia y Bramante, su impulsor en Mil\u00e1n y Roma, constru\u00eda el Vaticano. <\/b> \u00a0 <b>Seis a\u00f1os despu\u00e9s de la muerte de Bramante y aproximadamente coincidiendo con la de Rafael, aparecen por Ourense D. \u00c1lvaro de Oca y su esposa D\u00aa Maria Sarmiento. Buscaban vivienda para convertir en la cabecera del mayorazgo de Celme. El castillo de Celme es esa fortaleza derruida por los Irmandi\u00f1os, cuyos restos a\u00fan se ven en las tierras de Cartelle. Adquieren estos solares ayudados por su pariente D Juan de Deza, Arcediano de Bubal, que era el provisor del obispo ausente y que est\u00e1 enterrado en el deambulatorio de la catedral en el muro contiguo a la Capilla del Sto. Cristo. <\/b><\/h3>\n<h3 style=\"text-align: justify;\"><b>Ven\u00edan a establecerse a lugar tranquilo, despu\u00e9s de verse envueltos en las luchas de su pariente Pedro \u00c1lvarez de Sotomayor, cuesti\u00f3n que le hab\u00eda costado la vida a la primera esposa de su padre Suero de Oca.<\/b><\/h3>\n<h3 style=\"text-align: justify;\"><b>El mismo Pedro Madruga que Philipot sostiene que era Colon.<\/b><\/h3>\n<h3 style=\"text-align: justify;\"><b>\u00bfEra Ourense lugar tranquilo? <\/b><\/h3>\n<h3 style=\"text-align: justify;\"><b>Vamos a leer un texto que tiene m\u00e1s de un siglo:<\/b> \u00a0 \u201c<b>Pero Orense, obedeciendo al poderoso conjuro del Renacimiento, supo convalecer de esos quebrantos con verdadera pujanza y antes de fenecer el siglo XV restaur\u00f3 generosamente el lienzo norte de la catedral, construy\u00f3 de buena fabrica las casas de los Corregidores, reedific\u00f3 parte del palacio episcopal y poco despu\u00e9s las puertas de la ciudad, sin descuidar la terminaci\u00f3n de las obras del puente mayor, tras de lo cual hizo- s\u00e9 el palacio de Valladares, donde est\u00e1 opulentamente instalado el Liceo y levantaronse importantes viviendas en las hoy calles de Hern\u00e1n Cortes, Lepanto y Plaza Mayor.\u201d<\/b><\/h3>\n<h3 style=\"text-align: justify;\"><b>\u00bfQu\u00e9 quer\u00eda decir Manuel Martinez Sueiro, en sus Fueros Municipales de Orense en 1912, con \u201clos quebrantos pasados que dieron paso al resurgimiento\u201d? <\/b><\/h3>\n<h3 style=\"text-align: justify;\"><b>Se refer\u00eda a las luchas entre los \u201cpartidos\u201d de entonces: La Mitra, el Concejo y los Hidalgos, con la monarqu\u00eda por medio. Ambos buscaban el poder, buscaban adeptos y buscaban exprimirlos a impuestos e imposiciones.<\/b> \u00a0 <b>No muy distinto de la actualidad. <\/b> \u00a0 <b>Entre los impuestos mas peculiares estaban el que no se pudiera vender el vino hasta que nos estuviesen vac\u00edas las bodegas episcopales, el de la \u201canubda\u201d que obligaba a limpiar fosos y reparar las fortificaciones del se\u00f1or y la \u201cluctuosa\u201d, por la cual muerto el vasallo, los deudos habr\u00edan de entregar al se\u00f1or la mejor cabeza de ganado. Hoy se llama impuesto de sucesiones. Me parece m\u00e1s adecuado el nombre de Luctuosa<\/b><\/h3>\n<h3 style=\"text-align: justify;\"><b>La ciudad hab\u00eda sido saqueada por las tropas francesas que ven\u00edan a ayudar contra los ingleses de L\u00e1ncaster y luego por \u00e9ste. M\u00e1s fatalidad no cabe. Arruinada por las luchas irmandi\u00f1as y asaltada por Pimentel contra el de Lemos que se hab\u00eda refugiado en la Catedral, destruyendo la fachada Norte y la capilla de San Juan, que hoy se est\u00e1 restaurando. <\/b> \u00a0 <b>Yo a\u00f1adir\u00eda que por aquellas fechas, con un Ourense de poco mas de 1.800 habitantes, cuando se hizo este palacio, se construy\u00f3 el cimborrio de la catedral por Rodrigo de Badajoz, a\u00fan no se hab\u00eda comenzado la capilla del Santo Cristo (aunque el Cristo se veneraba en un altar a entrada de la puerta norte contemplado por el obispo Mari\u00f1o que lo hab\u00eda tra\u00eddo a Ourense desde Finisterre),estaba construida la capilla de los Remedios por los M\u00e9ndez Montouto, cuyo palacio era el actual llamado Museo Municipal, la de San Cosme y San Dami\u00e1n, con la casa adyacente, donde est\u00e1 el museo de Arturo Baltar, etc.<\/b><\/h3>\n<h3 style=\"text-align: justify;\"><b>No estaban ni Sta. Eufemia ni Sto. Domingo, pero si La Trinidad<\/b> \u00a0 <b>Reinaba D\u00aa Juana de Castilla, que aqu\u00ed en la ciudad hab\u00eda concedido privilegios a los ciudadanos.<\/b> \u00a0 <b>Sus padres los Reyes Cat\u00f3licos hab\u00edan pacificado el territorio y el \u201ccincueccento\u201d entr\u00f3 con vigor y \u00e1nimo constructivo<\/b> \u00a0 <b>Volviendo al matrimonio Oca \u2013Sarmiento empez\u00f3 a construir este edificio sobre 1522 y ya habitado remataron la fachada en 1583. Hay documentos de ambas cosas.<\/b><\/h3>\n<h3 style=\"text-align: justify;\"><b> El primer contrato de cantero que se conoce es con Pero Fernandes y el \u00faltimo de Antonio D\u00edas que t\u00e9rmino la fachada. Puede que incluso haya trabajado aqu\u00ed el abuelo de Francisco de Moure, el gran imaginero que lo hubiera sido aunque solo hubiese hecho el san Mauro que est\u00e1 camuflado entre dos columnas salom\u00f3nicas y los dorados de la Capilla del Sto. Cristo. Si alguno de los presentes no lo ha contemplado 10 minutos all\u00ed a la derecha donde se va a estrechando la capilla, se lo recomiendo.<\/b> \u00a0 <b>En 1528 el matrimonio promotor consigui\u00f3 el mayorazgo para su hijo Pero Oca y Sarmiento. Y a la muerte de ellos son enterrados tambi\u00e9n en la catedral en la capilla de los santos Facundo y Primitivo, donde describ\u00edamos antes la de su mentor el Arcediano de Bubal.<\/b><\/h3>\n<h3 style=\"text-align: justify;\"><b>Perm\u00edtanme que en el entusiasmo recomiende a quien no suela hacerlo paseos por la Catedral, que tanto sorprende a los visitantes, observando no solo lo m\u00e1s ostensible y valioso: El P\u00f3rtico del Para\u00edso, el Retablo Mayor de Cornelius de Holanda, las rejer\u00edas De Juan Bautista Celme, sino tambi\u00e9n la escultura funeraria. El sepulcro del obispo desconocido, el del cardenal Quevedo, el de la Infantita, los de la casa de Maceda, etc., Sin olvidar la Claustra Nova.<\/b> \u00a0 <b>Volviendo a lo nuestro..<\/b><\/h3>\n<h3 style=\"text-align: justify;\"><b>Dec\u00eda Olga Gallego que estos edificios civiles del renacimiento, apenas estaban estudiados, ensombrecidos por el posterior barroco gallego de los pazos.<\/b> \u00a0 <b>\u00c9ste si fue muy estudiado y escribieron sobre \u00e9l casi todos los intelectuales ourensanos desde Jos\u00e9 Fern\u00e1ndez Gallego y N\u00fa\u00f1ez Rodriguez, pasando por Olga Gallego y Adrio Men\u00e9ndez hasta los actuales Miguel \u00c1ngel Gonzalez Garc\u00eda, Paco Fari\u00f1a, etc. lice\u00edstas de pro. Su importancia tendr\u00e1.<\/b> \u00a0 <b>De todos he bebido para este comentario.<\/b> \u00a0 <b>Estas piedras que vemos y que posiblemente vinieron de las canteras de Reza, nos contemplan desde hace casi 500 a\u00f1os. El patio y el primer piso, as\u00ed como la escalinata, son como eran en el siglo XVl.<\/b><\/h3>\n<h3 style=\"text-align: justify;\"><b> Y tenemos la suerte de la calidad de su granito y que el palacio cay\u00f3 en manos sensibles. Las de los que lo habitaron y las del Liceo, que antes de existir la carta de Venecia y del advenimiento de la democracia a Espa\u00f1a, que trajo la conservaci\u00f3n a nuestro patrimonio, nos legaron la fachada y todo este patio de columnas, pr\u00e1cticamente intacto. Quisiera que se observase la pericia de los canteros y las aristas de las columnas octogonales que siguen vivas.<\/b> \u00a0 <b>Solo se a\u00f1adi\u00f3 un z\u00f3calo en la fachada, posiblemente para paliar el deterioro de la piedra por las sales de los orines de todo tipo de animales. Incluso los b\u00edpedos. Era habitual.<\/b><\/h3>\n<h3 style=\"text-align: justify;\"><b>La fachada es sobria excepto los balcones y toda la vertical de la portada y balc\u00f3n central de extraordinaria belleza en su concepci\u00f3n y en su ejecuci\u00f3n. Destacan tambi\u00e9n las g\u00e1rgolas. Los escudos repiten las armas de las familias en fachada y en el patio. Los Oca con el \u00e1rbol y el perro, Sarmiento con los 13 roeles, Ulloa con los escaques, Deza de las tres flores de lis, Z\u00fa\u00f1iga, Andrade, etc.<\/b> \u00a0 <b>El patio estuvo descubierto hasta 1951 y los humos de cigarros, caf\u00e9 y del alumbrado anterior a la luz el\u00e9ctrica no la han deteriorado. Quiz\u00e1s el aliento de los lice\u00edstas contribuy\u00f3 a su conservaci\u00f3n.<\/b> \u00a0 <b>Pero aqu\u00ed donde estamos no hay solo el m\u00e1s conservado y hermoso edificio civil de Renacimiento de Ourense<\/b><\/h3>\n<h3 style=\"text-align: justify;\"><b>Est\u00e1 la sociedad Liceo de Ourense, terreno abonado de cultura y prescripci\u00f3n de opini\u00f3n, sigue siendo lo primero y un poco m\u00e1s alejado de lo segundo, que pretendemos recuperar <\/b> \u00a0 <b>Hemos saltado al siglo XlX<\/b> \u00a0 <b>El Liceo nace en marzo de 1850, con un Ourense de 10.775 habitantes y siendo obispo Pedro Zarancia, pamplon\u00e9s. Se instala en la calle de Lepanto n\u00ba 18 de hoy. Se llamaba R\u00faa da Obra donde los canteros preparaban la piedra para la construcci\u00f3n de la Catedral. <\/b> \u00a0 <b>Ciento sesenta y tres socios, bajo la presidencia del Sr. Lobit y la tutela del Gobernador Civil, como era preceptivo en la \u00e9poca.<\/b> \u00a0 <b>Reinaba Isabel ll. Con 20 a\u00f1os y libre de las regencias de su madre y de Espartero.<\/b> \u00a0 <b>A la semana y por falta de espacio para albergar a todos sus socios, el Liceo se traslad\u00f3 a la R\u00faa de Monterrey, a un edificio en hoy en ruinas (desgraciadamente porque es muy hermoso, pertenece a la Diputaci\u00f3n) frente al de Saco y Arce de Antonio Crespo. Poco despu\u00e9s a la actual calle de Sta. Eufemia (Plaza del Carb\u00f3n entonces) y por temor al derrumbe de la Catedral enseguida a esta calle de Lamas Carvajal, pero frente al edifico episcopal, que fue de los Jesuitas, Instituto y Seminario. <\/b><\/h3>\n<h3 style=\"text-align: justify;\"><b>Estuvo entre dos bellos edificios que se conservan bien, de V\u00e1zquez Gulias ambos, el de Singer y el de Calzados el Modelo. Entonces se llamaba r\u00faa Nova hasta 1873 en que paso a ser calle del Instituto.<\/b> \u00a0 <b>Por fin se fija en este palacio que estaba dedicado en ese a\u00f1o de 1870 a cuadra de jumentos de tiro. Lo toma en alquiler y hasta febrero de 1957 no se adquiere en propiedad, 87 a\u00f1os pasaron. <\/b><\/h3>\n<h3 style=\"text-align: justify;\"><b>Durante los 25 a\u00f1os primeros sin luz el\u00e9ctrica, lo que no fue obst\u00e1culo para que desde el comienzo de actividad se sustituyeran los jumentos y asnos que la habitaban en \u00e9l por las expresiones culturales m\u00e1s avanzadas de la \u00e9poca, con secciones de m\u00fasica, pintura, teatro y hasta de las primeras sesiones de cine que se proyect\u00f3 en la ciudad, por el se\u00f1or Barbajelata. Caus\u00f3 sensaci\u00f3n en la ciudad el concierto de Albeniz destacado int\u00e9rprete y uno de los tres grandes compositores espa\u00f1oles con Falla y Granados.<\/b> \u00a0 <b>Aqu\u00ed se edit\u00f3 una publicaci\u00f3n : El Eco del Liceo\u201d, por la secci\u00f3n de Ciencias y Literatura presidida por Don Juan Manuel Paz Novoa. Fue en el mismo 1870 <\/b> \u00a0 <b>De las actividades que me han llamado mas la atenci\u00f3n en contraposici\u00f3n a la actualidad de nuestro Campus, fue que los profesores del Centro de Instrucci\u00f3n P\u00fablica utilizaban los salones del Liceo para presentar a los ciudadanos los avances en el conocimiento de las ciencias y las letras. \u00bfPor qu\u00e9 se habr\u00e1 perdido esa hermosa costumbre, ahora que hay un campus universitario?<\/b><\/h3>\n<h3 style=\"text-align: justify;\"><b>Todos los intelectuales Ourensanos fueron participes de la acogida del Liceo.<\/b> \u00a0 <b>Fueron socios o colaboraron Lamas Carvajal, Curros Enr\u00edquez, Prado Lameiro, Marcelo Mac\u00edas, y sus ac\u00f3litos de la Comisi\u00f3n de Monumentos V\u00e1zquez N\u00fa\u00f1ez, Cuevillas, Martinez Sueiro, Benito Fernandes Alonso, C\u00e1ndido Cid. <\/b><\/h3>\n<h3 style=\"text-align: justify;\"><b>Tambi\u00e9n Adrio Men\u00e9ndez, que escribi\u00f3 un libro sobre esta sociedad, Otero Pedrayo, Sebasti\u00e1n Martinez Risco, Garc\u00eda Mosquera y tantos otros, como nuestros estudiosos de la actualidad<\/b> \u00a0 <b>Aqu\u00ed se organiz\u00f3 M\u00fasica en Compostela y fue sede de la sociedad Filarm\u00f3nica, as\u00ed como se celebraron torneos internacionales de ajedrez<\/b><\/h3>\n<h3 style=\"text-align: justify;\"><b>El Liceo contiene una colecci\u00f3n de arte de los orensanos mas reconocidos: Desde Parada Justel, cuyo retrato del Padre Feijoo podemos ver en la biblioteca al levantar la vista de las malas noticias del peri\u00f3dico, pasando por Quesada, Prego, Virgilio, de Dios, Huete, Nelson Zumel, Pousa y casi todos los conocidos, as\u00ed como las esculturas de Baltar, Buci\u00f1os o Acisclo. Esta directiva pretende catalogar la gran colecci\u00f3n, ponerla en valor y exponerla.<\/b><\/h3>\n<h3 style=\"text-align: justify;\"><b>Tambi\u00e9n existe una extensa e interesante biblioteca. Solo necesitamos nuevos socios para disfrutar todos de la riqueza liceista.<\/b> \u00a0 <b>Poco despu\u00e9s de la ocupaci\u00f3n de este edificio por el Liceo, se configur\u00f3 la ciudad con la aportaci\u00f3n excelente de los grandes arquitectos de comienzos del siglo XX. Redecilla, que empez\u00f3 el Instituto que remat\u00f3 Crespo, Meru\u00e9ndano, el propio Crespo, Queralt, V\u00e1zquez Gulias, Conde Fidalgo, con las incursiones de Zabala en el Banco de Espa\u00f1a, Vargas en el Losada, Jenaro de la Fuente con dos esplendidas obras en la calle de Sto. Domingo, la de Yebra y la de Angelita Varela y otros hasta los contempor\u00e1neos que no menciono, para no distinguir. <\/b> \u00a0 <b>Todos ellos dejaron para la ciudad un nuevo urbanismo y edificios que nadie se atrever\u00e1 en el futuro a derribar, como se hizo anta\u00f1o con otros.<\/b><\/h3>\n<h3 style=\"text-align: justify;\"><b>Hoy el Liceo es una sociedad plural, tolerante, exponente de la cultura de Ourense y aspirando a serlo tambi\u00e9n de la sociedad, que tan necesitada est\u00e1 de orientaci\u00f3n y todo esto disfrutando del edificio civil m\u00e1s bonito y conservado que nos han legado nuestros antepasados de los que deberemos de ser dignos. <\/b><\/h3>\n<h3 style=\"text-align: justify;\"><b>Mantiene secciones de Arte e Historia, de Literatura, de M\u00fasica y Canto, con Coral propia, de Naturaleza y de Juegos de ocio.<\/b> \u00a0 <b>En esta comparecencia conjunta de los arquitectos ourensanos y de los lice\u00edstas nos proponemos trasmitir a nuestros vecinos las bellezas de nuestro patrimonio, que es mucho y conoci\u00e9ndolo lo amaremos, lo conservaremos y se lo dejaremos intacto a los que nos sucedan.<\/b><\/h3>\n<h3 style=\"text-align: justify;\"><a name=\"_GoBack\"><\/a><b>Ya que no dejaremos a nuestros descendientes sin deuda dej\u00e9mosles con patrimonio hist\u00f3rico y cultural conservado y divulgado<\/b><\/h3>\n<h3 style=\"text-align: justify;\"><b>MJMR<\/b><\/h3>\n<h3 style=\"text-align: justify;\"><b>EL LICEO DE OURENSE<\/b><\/h3>\n<h3 style=\"text-align: justify;\"><b>30 ABRIL DE 2014<\/b><\/h3>\n","protected":false},"excerpt":{"rendered":"<p>\u00a0Muchas personas y con gran autoridad han hablado entre estas paredes del Liceo y del Palacio que ocupa. La directiva me ha designado, bajo su responsabilidad, para que recordemos ambas cosas Haremos un repaso de c\u00f3mo y cu\u00e1ndo se construy\u00f3 el edificio y por quien, as\u00ed como que ocurr\u00eda en Ourense en esas fechas. Despu\u00e9s [&hellip;]<\/p>\n","protected":false},"author":2,"featured_media":4057,"comment_status":"open","ping_status":"closed","sticky":false,"template":"","format":"standard","meta":{"footnotes":""},"categories":[11],"tags":[],"class_list":["post-4053","post","type-post","status-publish","format-standard","has-post-thumbnail","hentry","category-historia-do-liceo"],"_links":{"self":[{"href":"http:\/\/www.liceodeourense.com\/2.0\/index.php?rest_route=\/wp\/v2\/posts\/4053","targetHints":{"allow":["GET"]}}],"collection":[{"href":"http:\/\/www.liceodeourense.com\/2.0\/index.php?rest_route=\/wp\/v2\/posts"}],"about":[{"href":"http:\/\/www.liceodeourense.com\/2.0\/index.php?rest_route=\/wp\/v2\/types\/post"}],"author":[{"embeddable":true,"href":"http:\/\/www.liceodeourense.com\/2.0\/index.php?rest_route=\/wp\/v2\/users\/2"}],"replies":[{"embeddable":true,"href":"http:\/\/www.liceodeourense.com\/2.0\/index.php?rest_route=%2Fwp%2Fv2%2Fcomments&post=4053"}],"version-history":[{"count":8,"href":"http:\/\/www.liceodeourense.com\/2.0\/index.php?rest_route=\/wp\/v2\/posts\/4053\/revisions"}],"predecessor-version":[{"id":4064,"href":"http:\/\/www.liceodeourense.com\/2.0\/index.php?rest_route=\/wp\/v2\/posts\/4053\/revisions\/4064"}],"wp:featuredmedia":[{"embeddable":true,"href":"http:\/\/www.liceodeourense.com\/2.0\/index.php?rest_route=\/wp\/v2\/media\/4057"}],"wp:attachment":[{"href":"http:\/\/www.liceodeourense.com\/2.0\/index.php?rest_route=%2Fwp%2Fv2%2Fmedia&parent=4053"}],"wp:term":[{"taxonomy":"category","embeddable":true,"href":"http:\/\/www.liceodeourense.com\/2.0\/index.php?rest_route=%2Fwp%2Fv2%2Fcategories&post=4053"},{"taxonomy":"post_tag","embeddable":true,"href":"http:\/\/www.liceodeourense.com\/2.0\/index.php?rest_route=%2Fwp%2Fv2%2Ftags&post=4053"}],"curies":[{"name":"wp","href":"https:\/\/api.w.org\/{rel}","templated":true}]}}