{"id":4014,"date":"2014-06-11T10:31:05","date_gmt":"2014-06-11T09:31:05","guid":{"rendered":"http:\/\/www.liceodeourense.com\/2.0\/?p=4014"},"modified":"2014-06-11T10:31:05","modified_gmt":"2014-06-11T09:31:05","slug":"entrega-insignias-de-oro","status":"publish","type":"post","link":"http:\/\/www.liceodeourense.com\/2.0\/?p=4014","title":{"rendered":"ENTREGA INSIGNIAS DE ORO."},"content":{"rendered":"<h3>La\u00a0Junta Directiva de El Liceo de Ourense, en sesi\u00f3n celebrada el pasado d\u00eda 28 de\u00a0mayo, ha adoptado el acuerdo siguiente:\u00a0\u201cA propuesta del Sr. Presidente, la Junta Directiva acuerda por\u00a0unanimidad: Conceder la Insignia de \u00a0Oro de El Liceo de\u00a0Ourense<\/h3>\n<h1>a D. Joaqu\u00edn Lozano Docampo<\/h1>\n<h1>a D. Nicol\u00e1s Di\u00e9guez Gull\u00f3n<\/h1>\n<h1>a. D. Juan Luis Dom\u00ednguez Rodr\u00edguez<\/h1>\n<h1>a . D. Jos\u00e9 Jaime V\u00e1zquez Iglesias.<\/h1>\n<h3>\u00a0y ello en\u00a0consideraci\u00f3n a los m\u00e9ritos personales contra\u00eddos con la\u00a0Entidad, y especialmente por su entrega y dedicaci\u00f3n en el\u00a0cargo de Directivo de la \u00a0Sociedad\u201d.<\/h3>\n<h3>\nTales distinciones fueron entregadas \u00a0en un Acto p\u00fablico de car\u00e1cter institucional y cultural, que tuvo lugar en el marco\u00a0de las \u201cFiestas del Socio\u201d, y con ocasi\u00f3n de la Conferencia de D. Miguel \u00c1ngel\u00a0Gonz\u00e1lez Garc\u00eda el pasado 10 de junio en el Sal\u00f3n Noble\u00a0de la Entidad.<\/h3>\n<p><a href=\"http:\/\/www.liceodeourense.com\/2.0\/wp-content\/uploads\/IMG-20140610-WA004.jpg\"><img loading=\"lazy\" decoding=\"async\" class=\"alignleft size-full wp-image-4015\" src=\"http:\/\/www.liceodeourense.com\/2.0\/wp-content\/uploads\/IMG-20140610-WA004.jpg\" alt=\"IMG-20140610-WA004\" width=\"800\" height=\"600\" srcset=\"https:\/\/www.liceodeourense.com\/2.0\/wp-content\/uploads\/IMG-20140610-WA004.jpg 800w, https:\/\/www.liceodeourense.com\/2.0\/wp-content\/uploads\/IMG-20140610-WA004-300x225.jpg 300w\" sizes=\"auto, (max-width: 800px) 100vw, 800px\" \/><\/a> <a href=\"http:\/\/www.liceodeourense.com\/2.0\/wp-content\/uploads\/IMG-20140610-WA007.jpg\"><img loading=\"lazy\" decoding=\"async\" class=\"alignleft size-full wp-image-4016\" src=\"http:\/\/www.liceodeourense.com\/2.0\/wp-content\/uploads\/IMG-20140610-WA007.jpg\" alt=\"IMG-20140610-WA007\" width=\"800\" height=\"600\" srcset=\"https:\/\/www.liceodeourense.com\/2.0\/wp-content\/uploads\/IMG-20140610-WA007.jpg 800w, https:\/\/www.liceodeourense.com\/2.0\/wp-content\/uploads\/IMG-20140610-WA007-300x225.jpg 300w\" sizes=\"auto, (max-width: 800px) 100vw, 800px\" \/><\/a> <a href=\"http:\/\/www.liceodeourense.com\/2.0\/wp-content\/uploads\/IMG-20140610-WA010.jpg\"><img loading=\"lazy\" decoding=\"async\" class=\"alignleft size-full wp-image-4017\" src=\"http:\/\/www.liceodeourense.com\/2.0\/wp-content\/uploads\/IMG-20140610-WA010.jpg\" alt=\"IMG-20140610-WA010\" width=\"800\" height=\"600\" srcset=\"https:\/\/www.liceodeourense.com\/2.0\/wp-content\/uploads\/IMG-20140610-WA010.jpg 800w, https:\/\/www.liceodeourense.com\/2.0\/wp-content\/uploads\/IMG-20140610-WA010-300x225.jpg 300w\" sizes=\"auto, (max-width: 800px) 100vw, 800px\" \/><\/a><\/p>\n","protected":false},"excerpt":{"rendered":"<p>La\u00a0Junta Directiva de El Liceo de Ourense, en sesi\u00f3n celebrada el pasado d\u00eda 28 de\u00a0mayo, ha adoptado el acuerdo siguiente:\u00a0\u201cA propuesta del Sr. Presidente, la Junta Directiva acuerda por\u00a0unanimidad: Conceder la Insignia de \u00a0Oro de El Liceo de\u00a0Ourense a D. Joaqu\u00edn Lozano Docampo a D. Nicol\u00e1s Di\u00e9guez Gull\u00f3n a. D. Juan Luis Dom\u00ednguez Rodr\u00edguez a [&hellip;]<\/p>\n","protected":false},"author":2,"featured_media":4016,"comment_status":"open","ping_status":"closed","sticky":false,"template":"","format":"standard","meta":{"footnotes":""},"categories":[4],"tags":[],"class_list":["post-4014","post","type-post","status-publish","format-standard","has-post-thumbnail","hentry","category-liceo"],"_links":{"self":[{"href":"http:\/\/www.liceodeourense.com\/2.0\/index.php?rest_route=\/wp\/v2\/posts\/4014","targetHints":{"allow":["GET"]}}],"collection":[{"href":"http:\/\/www.liceodeourense.com\/2.0\/index.php?rest_route=\/wp\/v2\/posts"}],"about":[{"href":"http:\/\/www.liceodeourense.com\/2.0\/index.php?rest_route=\/wp\/v2\/types\/post"}],"author":[{"embeddable":true,"href":"http:\/\/www.liceodeourense.com\/2.0\/index.php?rest_route=\/wp\/v2\/users\/2"}],"replies":[{"embeddable":true,"href":"http:\/\/www.liceodeourense.com\/2.0\/index.php?rest_route=%2Fwp%2Fv2%2Fcomments&post=4014"}],"version-history":[{"count":1,"href":"http:\/\/www.liceodeourense.com\/2.0\/index.php?rest_route=\/wp\/v2\/posts\/4014\/revisions"}],"predecessor-version":[{"id":4018,"href":"http:\/\/www.liceodeourense.com\/2.0\/index.php?rest_route=\/wp\/v2\/posts\/4014\/revisions\/4018"}],"wp:featuredmedia":[{"embeddable":true,"href":"http:\/\/www.liceodeourense.com\/2.0\/index.php?rest_route=\/wp\/v2\/media\/4016"}],"wp:attachment":[{"href":"http:\/\/www.liceodeourense.com\/2.0\/index.php?rest_route=%2Fwp%2Fv2%2Fmedia&parent=4014"}],"wp:term":[{"taxonomy":"category","embeddable":true,"href":"http:\/\/www.liceodeourense.com\/2.0\/index.php?rest_route=%2Fwp%2Fv2%2Fcategories&post=4014"},{"taxonomy":"post_tag","embeddable":true,"href":"http:\/\/www.liceodeourense.com\/2.0\/index.php?rest_route=%2Fwp%2Fv2%2Ftags&post=4014"}],"curies":[{"name":"wp","href":"https:\/\/api.w.org\/{rel}","templated":true}]}}