{"id":3893,"date":"2014-05-28T16:59:35","date_gmt":"2014-05-28T15:59:35","guid":{"rendered":"http:\/\/www.liceodeourense.com\/2.0\/?p=3893"},"modified":"2014-05-28T16:59:59","modified_gmt":"2014-05-28T15:59:59","slug":"firma-convenio-de-colaboracion-entre-el-liceo-de-ourense-y-la-delegacion-de-ourense-del-colegio-oficial-de-arquitectos-de-galicia","status":"publish","type":"post","link":"http:\/\/www.liceodeourense.com\/2.0\/?p=3893","title":{"rendered":"FIRMA CONVENIO DE COLABORACI\u00d3N ENTRE EL LICEO DE OURENSE Y LA DELEGACI\u00d3N DE OURENSE DEL COLEGIO OFICIAL DE ARQUITECTOS DE GALICIA."},"content":{"rendered":"<h2 align=\"JUSTIFY\"><a href=\"http:\/\/www.liceodeourense.com\/2.0\/wp-content\/uploads\/firma-convenio-arquitectos-.jpg\"><img loading=\"lazy\" decoding=\"async\" class=\"alignleft size-full wp-image-3894\" src=\"http:\/\/www.liceodeourense.com\/2.0\/wp-content\/uploads\/firma-convenio-arquitectos-.jpg\" alt=\"firma-convenio-arquitectos-\" width=\"240\" height=\"180\" \/><\/a><\/h2>\n<h2 align=\"JUSTIFY\"><span style=\"font-family: 'Gentium Book Basic';\"><span style=\"font-size: medium;\"><b>Javier Casares Mouri\u00f1o, Presidente del Liceo de Ourense, y Alberto de Paula Prieto, Presidente de la Delegaci\u00f3n de Ourense del Colegio Oficial de Arquitectos de Galicia.<\/b><\/span><\/span><\/h2>\n<h2 align=\"JUSTIFY\"><span style=\"font-family: 'Gentium Book Basic';\"><span style=\"font-size: medium;\"><b> Manifiestan la voluntad de establecer un v\u00ednculo entre ambas instituciones con la finalidad de beneficiar a los asociados de ambos y buscar la conjunci\u00f3n de ideas y actuaciones en pro del desarrollo cultural, intelectual y econ\u00f3mico de los ciudadanos de Ourense.<\/b><\/span><\/span><\/h2>\n<h2 align=\"JUSTIFY\"><span style=\"font-family: 'Gentium Book Basic';\"><span style=\"font-size: medium;\"><b> Mas que nunca es necesaria la articulaci\u00f3n de la sociedad civil, de forma independiente, como apoyo imprescindible a los cargos electos y a las instituciones del Estado, por medio de sus asociaciones culturales, profesionales, empresariales, vecinales y de toda \u00edndole en beneficio de una mejor convivencia y desarrollo del ciudadano<\/b><\/span><\/span><\/h2>\n<h2 align=\"JUSTIFY\"><span style=\"font-family: 'Gentium Book Basic';\"><span style=\"font-size: medium;\"><b> Sin interceder en la responsabilidad de las instituciones y administraciones p\u00fablicas, Ourense est\u00e1 necesitada de foros de opini\u00f3n y acci\u00f3n pac\u00edfica, c\u00edvica, argumentada y establecida por la concomitancia de las necesidades y orientaciones variadas de diversos grupos de inter\u00e9s, que llegan por propia voluntad a iniciativas comunes, que al final, son iniciativas de los ourensanos<\/b><\/span><\/span><\/h2>\n<h2 align=\"JUSTIFY\"><span style=\"font-family: 'Gentium Book Basic';\"><span style=\"font-size: medium;\"><b> De ah\u00ed que este protocolo de vinculaci\u00f3n entre estas dos instituciones quede abierto a otras cuantas m\u00e1s agrupaciones c\u00edvicas, no partidarias, mejor para la consecuci\u00f3n de propuestas que abarquen los mayores intereses posibles.<\/b><\/span><\/span><\/h2>\n<h2 align=\"JUSTIFY\"><span style=\"font-family: 'Gentium Book Basic';\"><span style=\"font-size: medium;\"><b> El Liceo de Ourense y el Colegio de Arquitectos de Galicia se comprometen, por consiguiente, con la firma de este acuerdo a colaborar en aquellos actos culturales que consideren oportunos por beneficiar a sus asociados y\/o al desarrollo cultural, social y econ\u00f3mico de los ciudadanos ourensanos.\u00a0<\/b><\/span><\/span><\/h2>\n<p>&nbsp;<\/p>\n<p>&nbsp;<\/p>\n","protected":false},"excerpt":{"rendered":"<p>Javier Casares Mouri\u00f1o, Presidente del Liceo de Ourense, y Alberto de Paula Prieto, Presidente de la Delegaci\u00f3n de Ourense del Colegio Oficial de Arquitectos de Galicia. Manifiestan la voluntad de establecer un v\u00ednculo entre ambas instituciones con la finalidad de beneficiar a los asociados de ambos y buscar la conjunci\u00f3n de ideas y actuaciones en [&hellip;]<\/p>\n","protected":false},"author":2,"featured_media":3894,"comment_status":"open","ping_status":"closed","sticky":false,"template":"","format":"standard","meta":{"footnotes":""},"categories":[4],"tags":[],"class_list":["post-3893","post","type-post","status-publish","format-standard","has-post-thumbnail","hentry","category-liceo"],"_links":{"self":[{"href":"http:\/\/www.liceodeourense.com\/2.0\/index.php?rest_route=\/wp\/v2\/posts\/3893","targetHints":{"allow":["GET"]}}],"collection":[{"href":"http:\/\/www.liceodeourense.com\/2.0\/index.php?rest_route=\/wp\/v2\/posts"}],"about":[{"href":"http:\/\/www.liceodeourense.com\/2.0\/index.php?rest_route=\/wp\/v2\/types\/post"}],"author":[{"embeddable":true,"href":"http:\/\/www.liceodeourense.com\/2.0\/index.php?rest_route=\/wp\/v2\/users\/2"}],"replies":[{"embeddable":true,"href":"http:\/\/www.liceodeourense.com\/2.0\/index.php?rest_route=%2Fwp%2Fv2%2Fcomments&post=3893"}],"version-history":[{"count":1,"href":"http:\/\/www.liceodeourense.com\/2.0\/index.php?rest_route=\/wp\/v2\/posts\/3893\/revisions"}],"predecessor-version":[{"id":3895,"href":"http:\/\/www.liceodeourense.com\/2.0\/index.php?rest_route=\/wp\/v2\/posts\/3893\/revisions\/3895"}],"wp:featuredmedia":[{"embeddable":true,"href":"http:\/\/www.liceodeourense.com\/2.0\/index.php?rest_route=\/wp\/v2\/media\/3894"}],"wp:attachment":[{"href":"http:\/\/www.liceodeourense.com\/2.0\/index.php?rest_route=%2Fwp%2Fv2%2Fmedia&parent=3893"}],"wp:term":[{"taxonomy":"category","embeddable":true,"href":"http:\/\/www.liceodeourense.com\/2.0\/index.php?rest_route=%2Fwp%2Fv2%2Fcategories&post=3893"},{"taxonomy":"post_tag","embeddable":true,"href":"http:\/\/www.liceodeourense.com\/2.0\/index.php?rest_route=%2Fwp%2Fv2%2Ftags&post=3893"}],"curies":[{"name":"wp","href":"https:\/\/api.w.org\/{rel}","templated":true}]}}