{"id":3441,"date":"2013-12-05T17:19:59","date_gmt":"2013-12-05T16:19:59","guid":{"rendered":"http:\/\/www.liceodeourense.com\/2.0\/?p=3441"},"modified":"2013-12-05T17:20:22","modified_gmt":"2013-12-05T16:20:22","slug":"presentacion-en-ourense-de-las-aranas-en-berlin-de-xose-carlos-caneiro","status":"publish","type":"post","link":"http:\/\/www.liceodeourense.com\/2.0\/?p=3441","title":{"rendered":"PRESENTACI\u00d3N EN OURENSE DE \u2018LAS ARA\u00d1AS EN BERL\u00cdN\u2019  de XOS\u00c9 CARLOS CANEIRO."},"content":{"rendered":"<p><b>PRESENTACI\u00d3N EN OURENSE DE<i>\u00a0\u2018LAS ARA\u00d1AS EN BERL\u00cdN<\/i>\u2019\u00a0<\/b>de\u00a0<b>XOS\u00c9 CARLOS CANEIRO.<\/b><\/p>\n<p><b>EL PRIMER LIBRO EN CASTELLANO DEL AUTOR NO DEJAR\u00c1 INDIFERENTE A NADIE.<\/b><\/p>\n<p><b>\u00a0<\/b><\/p>\n<p><a title=\"&quot;La Cruz del Salvador&quot; \" href=\"http:\/\/www.editorialguiverny.com\/libros\/grandes\/8.jpg\" target=\"_blank\"><b><img loading=\"lazy\" decoding=\"async\" id=\"ecxImagen_x0020_3\" alt=\"http:\/\/www.editorialguiverny.com\/libros\/8.jpg\" src=\"https:\/\/dub110.afx.ms\/att\/GetInline.aspx?messageid=328a8eaf-5da4-11e3-b2fd-001e0bcc580e&amp;attindex=0&amp;cp=-1&amp;attdepth=0&amp;imgsrc=cid:image001.jpg%4001CEF1B9.2F8719F0&amp;cid=f9254351de2fc62a&amp;shared=1&amp;hm__login=liceodeourense&amp;hm__domain=hotmail.es&amp;ip=10.211.20.8&amp;d=d3464&amp;mf=0&amp;hm__ts=Thu%2c%2005%20Dec%202013%2016:15:53%20GMT&amp;st=liceodeourense%25hotmail.es%407&amp;hm__ha=01_3f8874130853a564cb4e78432271b5ad93a7485007d3dbc3d3e1d428b0610685&amp;oneredir=1\" width=\"140\" height=\"198\" border=\"0\" \/><\/b><\/a><b><\/b><\/p>\n<p>&nbsp;<\/p>\n<h2>El autor presentar\u00e1 su libro en\u00a0<b>Ourense<\/b>, Liceo de Ourense, el\u00a0<b>lunes, 9 de diciembre,\u00a0<\/b>a las<b>\u00a020:30 h.<\/b><\/h2>\n<p>&nbsp;<\/p>\n<p align=\"JUSTIFY\"><span style=\"font-family: 'Arial Narrow', sans-serif;\"><span><i>as ara\u00f1as en Berl\u00edn<\/i><\/span><\/span><\/p>\n<p align=\"JUSTIFY\"><span style=\"color: #333333;\"><span style=\"font-family: 'Arial Narrow', sans-serif;\"><span style=\"font-size: large;\"><b>Primer libro en castellano de Xos\u00e9 Carlos Caneiro. Una novela a caballo entre el <\/b><\/span><\/span><\/span><span style=\"color: #333333;\"><span style=\"font-family: 'Arial Narrow', sans-serif;\"><span style=\"font-size: large;\"><i><b>thriller<\/b><\/i><\/span><\/span><\/span><span style=\"color: #333333;\"><span style=\"font-family: 'Arial Narrow', sans-serif;\"><span style=\"font-size: large;\"><b> y la parodia de la literatura esot\u00e9rica que gira en torno al ambiente cabalista que <\/b><\/span><\/span><\/span><span style=\"color: #333333;\"><span style=\"font-family: 'Arial Narrow', sans-serif;\"><span style=\"font-size: large;\"><b> impregnaba a los fundadores del nazismo.<\/b><\/span><\/span><\/span><\/p>\n<p><span style=\"font-size: 0.8em;\">\u00a0<\/span><\/p>\n<p align=\"JUSTIFY\"><span style=\"font-family: 'Arial Narrow', sans-serif;\"><span><span style=\"text-decoration: underline;\"><b>SOBRE LA NOVELA<\/b><\/span><\/span><\/span><\/p>\n<p align=\"JUSTIFY\"><span style=\"font-family: 'Arial Narrow', sans-serif;\"><span style=\"font-size: large;\">Novela de tipo esot\u00e9rico, <\/span><\/span><span style=\"font-family: 'Arial Narrow', sans-serif;\"><span style=\"font-size: large;\"><i>Las ara\u00f1as en Berl\u00edn<\/i><\/span><\/span><span style=\"font-family: 'Arial Narrow', sans-serif;\"><span style=\"font-size: large;\"> posee la particularidad de pertenecer a un g\u00e9nero poco transitado entre los autores gallegos, puesto que el fen\u00f3meno no surgi\u00f3 hasta el a\u00f1o 2000 en pa\u00edses del \u00e1mbito anglosaj\u00f3n y tardar\u00eda unos a\u00f1os m\u00e1s en extenderse a nuestro pa\u00eds. <\/span><\/span><\/p>\n<p align=\"JUSTIFY\"><span style=\"font-family: 'Arial Narrow', sans-serif;\"><span style=\"font-size: large;\">Este libro de Caneiro, que remite a novelas como <\/span><\/span><span style=\"font-family: 'Arial Narrow', sans-serif;\"><span style=\"font-size: large;\"><i>El P\u00e9ndulo de Foucault,<\/i><\/span><\/span><span style=\"font-family: 'Arial Narrow', sans-serif;\"><span style=\"font-size: large;\"> de Umberto Eco, puede ser le\u00eddo como un <\/span><\/span><span style=\"font-family: 'Arial Narrow', sans-serif;\"><span style=\"font-size: large;\"><i>thriller<\/i><\/span><\/span><span style=\"font-family: 'Arial Narrow', sans-serif;\"><span style=\"font-size: large;\"> o como una parodia del g\u00e9nero de la literatura esot\u00e9rica. O como ambas cosas al mismo tiempo.<\/span><\/span><\/p>\n<p align=\"JUSTIFY\"><span style=\"font-family: 'Arial Narrow', sans-serif;\"><span style=\"font-size: large;\">Si lo interpretamos como una cr\u00edtica sat\u00edrica a la moda del <a href=\"http:\/\/es.wikipedia.org\/wiki\/Esoterismo\">esoterismo<\/a>, entenderemos mejor su car\u00e1cter par\u00f3dico, es decir, la voluntad de distanciamiento del g\u00e9nero por parte del autor. <\/span><\/span><\/p>\n<p align=\"JUSTIFY\"><span style=\"font-family: 'Arial Narrow', sans-serif;\"><span style=\"font-size: large;\">Por esta novela, cuya acci\u00f3n transcurre en Alemania, Italia y Santiago de Compostela, desfilan entre otros personajes, algunos de los peores carniceros de la Alemania nazi, como fueron el coronel Joseph Schneider o el tristemente famoso doctor Mengele. <\/span><\/span><\/p>\n<p align=\"JUSTIFY\"><span style=\"font-family: 'Arial Narrow', sans-serif;\"><span style=\"font-size: large;\">El argumento de <\/span><\/span><span style=\"font-family: 'Arial Narrow', sans-serif;\"><span style=\"font-size: large;\"><i>Las ara\u00f1as<\/i><\/span><\/span><span style=\"font-family: 'Arial Narrow', sans-serif;\"><span style=\"font-size: large;\"><i>en Berl\u00edn<\/i><\/span><\/span><span style=\"font-family: 'Arial Narrow', sans-serif;\"><span style=\"font-size: large;\"> se centra en la \u00e9poca del nazismo en Alemania, teniendo como protagonista a una mujer, Katrina Luzatto, cuya madre fue v\u00edctima de uno de los m\u00e1s famosos verdugos alemanes de la \u00e9poca: Joseph Schneider. <\/span><\/span><\/p>\n<p align=\"JUSTIFY\"><span style=\"font-family: 'Arial Narrow', sans-serif;\"><span style=\"font-size: large;\">Aficionada a la numerolog\u00eda, esta mujer decide dedicar su vida a encontrar a los nazis que permanec\u00edan ocultos en diversos pa\u00edses bajo falsas identidades, para desenmascararlos y evitar la instauraci\u00f3n del IV Reich por parte de estos (una conspiraci\u00f3n que cree haber descubierto y con la que vive obsesionada). <\/span><\/span><\/p>\n<p align=\"JUSTIFY\"><span style=\"font-family: 'Arial Narrow', sans-serif;\"><span style=\"font-size: large;\">Los numerosos desequilibrios psicol\u00f3gicos de este complejo personaje femenino acabar\u00e1n convirtiendo parte de la trama, a ojos de los lectores, en delirio y en ocasiones har\u00e1n que este dude de la veracidad de los hechos narrados.<\/span><\/span><\/p>\n<p align=\"JUSTIFY\"><span style=\"font-family: 'Arial Narrow', sans-serif;\"><span style=\"font-size: large;\">Destacar tambi\u00e9n la complejidad de la trama, la calidad de su lenguaje, su estilo inconfundible, la riqueza l\u00e9xica, la profusi\u00f3n de conexiones intertextuales con otras obras literarias, etc. <\/span><\/span><\/p>\n<p align=\"JUSTIFY\"><span style=\"font-family: 'Arial Narrow', sans-serif;\"><span style=\"font-size: large;\">La de X. C. Caneiro es una escritura que a menudo se ancla al desarraigo y a la melancol\u00eda y que trata temas como la traici\u00f3n, la muerte, la maldad, la enfermedad, el dolor, la culpa, l<\/span><\/span><span style=\"color: #222222;\"><span style=\"font-family: 'Arial Narrow', sans-serif;\"><span style=\"font-size: large;\">a alienaci\u00f3n del individuo,<\/span><\/span><\/span><span style=\"font-family: 'Arial Narrow', sans-serif;\"><span style=\"font-size: large;\"> el vac\u00edo existencial, la soledad o el fracaso, muchos de los cuales est\u00e1n presentes en esta novela. <\/span><\/span><\/p>\n<p align=\"JUSTIFY\"><span style=\"font-family: 'Arial Narrow', sans-serif;\"><span style=\"font-size: large;\">Una novela compleja, atractiva, brillante, pero<\/span><\/span><strong><span style=\"font-family: 'Arial Narrow', sans-serif;\"><span style=\"font-size: large;\"> ante todo \u201cturbadora\u201d, inquietante e incluso tr\u00e1gica. <\/span><\/span><\/strong><span style=\"font-family: 'Arial Narrow', sans-serif;\"><span style=\"font-size: large;\">Al margen de la s\u00e1tira y de la parodia, Caneiro construye una historia de personajes al l\u00edmite, cuyas vidas sufrir\u00e1n giros inesperados hasta desembocar en un sorprendente final.<\/span><\/span><\/p>\n","protected":false},"excerpt":{"rendered":"<p>PRESENTACI\u00d3N EN OURENSE DE\u00a0\u2018LAS ARA\u00d1AS EN BERL\u00cdN\u2019\u00a0de\u00a0XOS\u00c9 CARLOS CANEIRO. EL PRIMER LIBRO EN CASTELLANO DEL AUTOR NO DEJAR\u00c1 INDIFERENTE A NADIE. \u00a0 &nbsp; El autor presentar\u00e1 su libro en\u00a0Ourense, Liceo de Ourense, el\u00a0lunes, 9 de diciembre,\u00a0a las\u00a020:30 h. &nbsp; as ara\u00f1as en Berl\u00edn Primer libro en castellano de Xos\u00e9 Carlos Caneiro. Una novela a caballo [&hellip;]<\/p>\n","protected":false},"author":2,"featured_media":3442,"comment_status":"open","ping_status":"closed","sticky":false,"template":"","format":"standard","meta":{"footnotes":""},"categories":[1],"tags":[],"class_list":["post-3441","post","type-post","status-publish","format-standard","has-post-thumbnail","hentry","category-sin-categoria"],"_links":{"self":[{"href":"http:\/\/www.liceodeourense.com\/2.0\/index.php?rest_route=\/wp\/v2\/posts\/3441","targetHints":{"allow":["GET"]}}],"collection":[{"href":"http:\/\/www.liceodeourense.com\/2.0\/index.php?rest_route=\/wp\/v2\/posts"}],"about":[{"href":"http:\/\/www.liceodeourense.com\/2.0\/index.php?rest_route=\/wp\/v2\/types\/post"}],"author":[{"embeddable":true,"href":"http:\/\/www.liceodeourense.com\/2.0\/index.php?rest_route=\/wp\/v2\/users\/2"}],"replies":[{"embeddable":true,"href":"http:\/\/www.liceodeourense.com\/2.0\/index.php?rest_route=%2Fwp%2Fv2%2Fcomments&post=3441"}],"version-history":[{"count":3,"href":"http:\/\/www.liceodeourense.com\/2.0\/index.php?rest_route=\/wp\/v2\/posts\/3441\/revisions"}],"predecessor-version":[{"id":3445,"href":"http:\/\/www.liceodeourense.com\/2.0\/index.php?rest_route=\/wp\/v2\/posts\/3441\/revisions\/3445"}],"wp:featuredmedia":[{"embeddable":true,"href":"http:\/\/www.liceodeourense.com\/2.0\/index.php?rest_route=\/wp\/v2\/media\/3442"}],"wp:attachment":[{"href":"http:\/\/www.liceodeourense.com\/2.0\/index.php?rest_route=%2Fwp%2Fv2%2Fmedia&parent=3441"}],"wp:term":[{"taxonomy":"category","embeddable":true,"href":"http:\/\/www.liceodeourense.com\/2.0\/index.php?rest_route=%2Fwp%2Fv2%2Fcategories&post=3441"},{"taxonomy":"post_tag","embeddable":true,"href":"http:\/\/www.liceodeourense.com\/2.0\/index.php?rest_route=%2Fwp%2Fv2%2Ftags&post=3441"}],"curies":[{"name":"wp","href":"https:\/\/api.w.org\/{rel}","templated":true}]}}