{"id":3089,"date":"2013-06-08T00:47:10","date_gmt":"2013-06-07T23:47:10","guid":{"rendered":"http:\/\/www.liceodeourense.com\/2.0\/?p=3089"},"modified":"2013-06-17T09:20:02","modified_gmt":"2013-06-17T08:20:02","slug":"nova-edicion-de-cea-con-autor-con-emilio-rua-2","status":"publish","type":"post","link":"http:\/\/www.liceodeourense.com\/2.0\/?p=3089","title":{"rendered":"Nova edici\u00f3n de \u00abCea con Autor\u00bb, con Emilio R\u00faa."},"content":{"rendered":"<h3 style=\"text-align: justify;\">Maravillosa noite a que disfrutamos o pasado venres con Emilio R\u00faa e Jos\u00e9 Gayoso, espectacular maneira de pechar o o Ciclo de \u00abCeas con Autor\u00bb ata o outono, disfrutamos e moito da voz e da m\u00fasica de Emilio R\u00faa, e das guitarras de Jos\u00e9 Gayoso. \u00a0Parab\u00e9ns para os dous. Esperamos voltar a contar con vos nesta activiade do Liceo.<\/h3>\n<p>&nbsp;<\/p>\n<p><a href=\"http:\/\/www.liceodeourense.com\/2.0\/wp-content\/uploads\/Ourense-20130608-00084.jpg\"><img loading=\"lazy\" decoding=\"async\" class=\"alignleft  wp-image-3113\" alt=\"Ourense-20130608-00084\" src=\"http:\/\/www.liceodeourense.com\/2.0\/wp-content\/uploads\/Ourense-20130608-00084.jpg\" width=\"746\" height=\"560\" srcset=\"https:\/\/www.liceodeourense.com\/2.0\/wp-content\/uploads\/Ourense-20130608-00084.jpg 2592w, https:\/\/www.liceodeourense.com\/2.0\/wp-content\/uploads\/Ourense-20130608-00084-300x225.jpg 300w, https:\/\/www.liceodeourense.com\/2.0\/wp-content\/uploads\/Ourense-20130608-00084-1024x768.jpg 1024w\" sizes=\"auto, (max-width: 746px) 100vw, 746px\" \/><\/a> <a href=\"http:\/\/www.liceodeourense.com\/2.0\/wp-content\/uploads\/EMILIO-RUA4.jpg\"><img loading=\"lazy\" decoding=\"async\" class=\"alignleft size-full wp-image-3114\" alt=\"EMILIO RUA\" src=\"http:\/\/www.liceodeourense.com\/2.0\/wp-content\/uploads\/EMILIO-RUA4.jpg\" width=\"720\" height=\"960\" srcset=\"https:\/\/www.liceodeourense.com\/2.0\/wp-content\/uploads\/EMILIO-RUA4.jpg 720w, https:\/\/www.liceodeourense.com\/2.0\/wp-content\/uploads\/EMILIO-RUA4-225x300.jpg 225w\" sizes=\"auto, (max-width: 720px) 100vw, 720px\" \/><\/a><\/p>\n<p>&nbsp;<\/p>\n<p>&nbsp;<\/p>\n<p><a href=\"http:\/\/www.liceodeourense.com\/2.0\/wp-content\/uploads\/EMILIO-RUA3.jpg\"><img loading=\"lazy\" decoding=\"async\" class=\"alignleft  wp-image-3090\" alt=\"EMILIO RUA\" src=\"http:\/\/www.liceodeourense.com\/2.0\/wp-content\/uploads\/EMILIO-RUA3.jpg\" width=\"868\" height=\"868\" srcset=\"https:\/\/www.liceodeourense.com\/2.0\/wp-content\/uploads\/EMILIO-RUA3.jpg 1240w, https:\/\/www.liceodeourense.com\/2.0\/wp-content\/uploads\/EMILIO-RUA3-150x150.jpg 150w, https:\/\/www.liceodeourense.com\/2.0\/wp-content\/uploads\/EMILIO-RUA3-300x300.jpg 300w, https:\/\/www.liceodeourense.com\/2.0\/wp-content\/uploads\/EMILIO-RUA3-1024x1024.jpg 1024w, https:\/\/www.liceodeourense.com\/2.0\/wp-content\/uploads\/EMILIO-RUA3-90x90.jpg 90w, https:\/\/www.liceodeourense.com\/2.0\/wp-content\/uploads\/EMILIO-RUA3-48x48.jpg 48w\" sizes=\"auto, (max-width: 868px) 100vw, 868px\" \/><\/a><\/p>\n","protected":false},"excerpt":{"rendered":"<p>Maravillosa noite a que disfrutamos o pasado venres con Emilio R\u00faa e Jos\u00e9 Gayoso, espectacular maneira de pechar o o Ciclo de \u00abCeas con Autor\u00bb ata o outono, disfrutamos e moito da voz e da m\u00fasica de Emilio R\u00faa, e das guitarras de Jos\u00e9 Gayoso. \u00a0Parab\u00e9ns para os dous. Esperamos voltar a contar con vos [&hellip;]<\/p>\n","protected":false},"author":2,"featured_media":3114,"comment_status":"open","ping_status":"closed","sticky":false,"template":"","format":"standard","meta":{"footnotes":""},"categories":[16],"tags":[],"class_list":["post-3089","post","type-post","status-publish","format-standard","has-post-thumbnail","hentry","category-ceas-con-autor"],"_links":{"self":[{"href":"http:\/\/www.liceodeourense.com\/2.0\/index.php?rest_route=\/wp\/v2\/posts\/3089","targetHints":{"allow":["GET"]}}],"collection":[{"href":"http:\/\/www.liceodeourense.com\/2.0\/index.php?rest_route=\/wp\/v2\/posts"}],"about":[{"href":"http:\/\/www.liceodeourense.com\/2.0\/index.php?rest_route=\/wp\/v2\/types\/post"}],"author":[{"embeddable":true,"href":"http:\/\/www.liceodeourense.com\/2.0\/index.php?rest_route=\/wp\/v2\/users\/2"}],"replies":[{"embeddable":true,"href":"http:\/\/www.liceodeourense.com\/2.0\/index.php?rest_route=%2Fwp%2Fv2%2Fcomments&post=3089"}],"version-history":[{"count":6,"href":"http:\/\/www.liceodeourense.com\/2.0\/index.php?rest_route=\/wp\/v2\/posts\/3089\/revisions"}],"predecessor-version":[{"id":3112,"href":"http:\/\/www.liceodeourense.com\/2.0\/index.php?rest_route=\/wp\/v2\/posts\/3089\/revisions\/3112"}],"wp:featuredmedia":[{"embeddable":true,"href":"http:\/\/www.liceodeourense.com\/2.0\/index.php?rest_route=\/wp\/v2\/media\/3114"}],"wp:attachment":[{"href":"http:\/\/www.liceodeourense.com\/2.0\/index.php?rest_route=%2Fwp%2Fv2%2Fmedia&parent=3089"}],"wp:term":[{"taxonomy":"category","embeddable":true,"href":"http:\/\/www.liceodeourense.com\/2.0\/index.php?rest_route=%2Fwp%2Fv2%2Fcategories&post=3089"},{"taxonomy":"post_tag","embeddable":true,"href":"http:\/\/www.liceodeourense.com\/2.0\/index.php?rest_route=%2Fwp%2Fv2%2Ftags&post=3089"}],"curies":[{"name":"wp","href":"https:\/\/api.w.org\/{rel}","templated":true}]}}