{"id":272,"date":"2009-01-11T19:01:00","date_gmt":"2009-01-11T19:01:00","guid":{"rendered":"http:\/\/www.liceodeourense.com\/2.0\/extraordinario-concerto-de-aninovo-pola-banda-de-musica-de-ourense\/"},"modified":"2009-01-11T19:01:00","modified_gmt":"2009-01-11T19:01:00","slug":"extraordinario-concerto-de-aninovo-pola-banda-de-musica-de-ourense","status":"publish","type":"post","link":"http:\/\/www.liceodeourense.com\/2.0\/?p=272","title":{"rendered":"EXTRAORDINARIO CONCERTO DE ANINOVO POLA BANDA DE M\u00daSICA DE OURENSE"},"content":{"rendered":"<p><a href=\"http:\/\/3.bp.blogspot.com\/_ydtKUihSESg\/SWpDhJVKQMI\/AAAAAAAAA2g\/iOkb8Dr_AQg\/s1600-h\/BANDA+DE+MUSICA_P%C3%A1gina_1.jpg\"><img decoding=\"async\" id=\"BLOGGER_PHOTO_ID_5290114949019484354\" style=\"FLOAT: left; MARGIN: 0px 10px 10px 0px; WIDTH: 400px; CURSOR: hand; HEIGHT: 283px\" alt=\"\" src=\"http:\/\/3.bp.blogspot.com\/_ydtKUihSESg\/SWpDhJVKQMI\/AAAAAAAAA2g\/iOkb8Dr_AQg\/s400\/BANDA+DE+MUSICA_P%C3%A1gina_1.jpg\" border=\"0\" \/><\/a><\/p>\n<div align=\"justify\"><span style=\"font-family:trebuchet ms;font-size:130%;\">Extraordinario Concerto de Aninovo pola Banda de M\u00fasica Municipal de Ourense, no Patio de Columnas do Liceo de Ourense, pechando a programaci\u00f3n de Nadal da Sociedade.<\/span><\/div>\n<div align=\"justify\"><span style=\"font-family:trebuchet ms;font-size:130%;\"><\/span><\/div>\n<div align=\"justify\"><span style=\"font-family:trebuchet ms;font-size:130%;\">Graci\u00f1as a Banda e a todos o seus compo\u00f1entes por facernos disfrutar da M\u00fasica. <\/span><\/div>\n<div align=\"justify\"><span style=\"font-family:trebuchet ms;font-size:130%;\"><\/span><\/div>\n<div align=\"justify\"><span style=\"font-family:trebuchet ms;font-size:130%;\"><\/span><\/div>\n<div align=\"justify\"><span style=\"font-size:130%;\"><span style=\"font-family:trebuchet ms;\">Feliz Ano a todos.<\/span><br \/><\/span><\/div>\n<p><a href=\"http:\/\/1.bp.blogspot.com\/_ydtKUihSESg\/SWpDdY2HJSI\/AAAAAAAAA2Y\/QPlA83cuas4\/s1600-h\/BANDA+DE+MUSICA_P%C3%A1gina_2.jpg\"><img decoding=\"async\" id=\"BLOGGER_PHOTO_ID_5290114884464747810\" style=\"FLOAT: left; MARGIN: 0px 10px 10px 0px; WIDTH: 400px; CURSOR: hand; HEIGHT: 283px\" alt=\"\" src=\"http:\/\/1.bp.blogspot.com\/_ydtKUihSESg\/SWpDdY2HJSI\/AAAAAAAAA2Y\/QPlA83cuas4\/s400\/BANDA+DE+MUSICA_P%C3%A1gina_2.jpg\" border=\"0\" \/><\/a><\/p>\n<p><a href=\"http:\/\/4.bp.blogspot.com\/_ydtKUihSESg\/SWpDYZCCzZI\/AAAAAAAAA2Q\/8c_ZkLl9KoQ\/s1600-h\/CONCIERTO-A%C3%91O-NUEVO-2009-04.jpg\"><img decoding=\"async\" id=\"BLOGGER_PHOTO_ID_5290114798615448978\" style=\"FLOAT: left; MARGIN: 0px 10px 10px 0px; WIDTH: 400px; CURSOR: hand; HEIGHT: 300px\" alt=\"\" src=\"http:\/\/4.bp.blogspot.com\/_ydtKUihSESg\/SWpDYZCCzZI\/AAAAAAAAA2Q\/8c_ZkLl9KoQ\/s400\/CONCIERTO-A%C3%91O-NUEVO-2009-04.jpg\" border=\"0\" \/><\/a><\/p>\n<p><\/p>\n<div><a href=\"http:\/\/3.bp.blogspot.com\/_ydtKUihSESg\/SWpDMvRI8JI\/AAAAAAAAA2I\/aPuTTe1RB8U\/s1600-h\/CONCIERTO-A%C3%91O-NUEVO-2009-00.jpg\"><img decoding=\"async\" id=\"BLOGGER_PHOTO_ID_5290114598425915538\" style=\"FLOAT: left; MARGIN: 0px 10px 10px 0px; WIDTH: 400px; CURSOR: hand; HEIGHT: 300px\" alt=\"\" src=\"http:\/\/3.bp.blogspot.com\/_ydtKUihSESg\/SWpDMvRI8JI\/AAAAAAAAA2I\/aPuTTe1RB8U\/s400\/CONCIERTO-A%C3%91O-NUEVO-2009-00.jpg\" border=\"0\" \/><\/a><\/p>\n<div><a href=\"http:\/\/3.bp.blogspot.com\/_ydtKUihSESg\/SWpDAJLmUAI\/AAAAAAAAA2A\/mlionHWptJY\/s1600-h\/CONCIERTO-A%C3%91O-NUEVO-2009-01.jpg\"><img decoding=\"async\" id=\"BLOGGER_PHOTO_ID_5290114382043697154\" style=\"FLOAT: left; MARGIN: 0px 10px 10px 0px; WIDTH: 300px; CURSOR: hand; HEIGHT: 400px\" alt=\"\" src=\"http:\/\/3.bp.blogspot.com\/_ydtKUihSESg\/SWpDAJLmUAI\/AAAAAAAAA2A\/mlionHWptJY\/s400\/CONCIERTO-A%C3%91O-NUEVO-2009-01.jpg\" border=\"0\" \/><\/a><\/p>\n<p><\/p>\n<div><a href=\"http:\/\/1.bp.blogspot.com\/_ydtKUihSESg\/SWpC0QBrj-I\/AAAAAAAAA14\/mh_epC0QI9w\/s1600-h\/CONCIERTO-A%C3%91O-NUEVO-2009-02.jpg\"><img decoding=\"async\" id=\"BLOGGER_PHOTO_ID_5290114177722716130\" style=\"FLOAT: left; MARGIN: 0px 10px 10px 0px; WIDTH: 400px; CURSOR: hand; HEIGHT: 300px\" alt=\"\" src=\"http:\/\/1.bp.blogspot.com\/_ydtKUihSESg\/SWpC0QBrj-I\/AAAAAAAAA14\/mh_epC0QI9w\/s400\/CONCIERTO-A%C3%91O-NUEVO-2009-02.jpg\" border=\"0\" \/><\/a><\/p>\n<div><a href=\"http:\/\/4.bp.blogspot.com\/_ydtKUihSESg\/SWpCofnmeTI\/AAAAAAAAA1w\/7KmA5UVirf4\/s1600-h\/CONCIERTO-A%C3%91O-NUEVO-2009-03.jpg\"><img decoding=\"async\" id=\"BLOGGER_PHOTO_ID_5290113975749867826\" style=\"FLOAT: left; MARGIN: 0px 10px 10px 0px; WIDTH: 400px; CURSOR: hand; HEIGHT: 300px\" alt=\"\" src=\"http:\/\/4.bp.blogspot.com\/_ydtKUihSESg\/SWpCofnmeTI\/AAAAAAAAA1w\/7KmA5UVirf4\/s400\/CONCIERTO-A%C3%91O-NUEVO-2009-03.jpg\" border=\"0\" \/><\/a><\/p>\n<p><\/p>\n<div><a href=\"http:\/\/2.bp.blogspot.com\/_ydtKUihSESg\/SWpCZ4imTDI\/AAAAAAAAA1o\/xYmLmrJDDas\/s1600-h\/CONCIERTO-A%C3%91O-NUEVO-2009-04.jpg\"><\/a><\/p>\n<div><\/div>\n<\/div>\n<\/div>\n<\/div>\n<\/div>\n<\/div>\n","protected":false},"excerpt":{"rendered":"<p>Extraordinario Concerto de Aninovo pola Banda de M\u00fasica Municipal de Ourense, no Patio de Columnas do Liceo de Ourense, pechando a programaci\u00f3n de Nadal da Sociedade. Graci\u00f1as a Banda e a todos o seus compo\u00f1entes por facernos disfrutar da M\u00fasica. Feliz Ano a todos.<\/p>\n","protected":false},"author":2,"featured_media":0,"comment_status":"open","ping_status":"closed","sticky":false,"template":"","format":"standard","meta":{"footnotes":""},"categories":[5],"tags":[],"class_list":["post-272","post","type-post","status-publish","format-standard","hentry","category-musica"],"_links":{"self":[{"href":"http:\/\/www.liceodeourense.com\/2.0\/index.php?rest_route=\/wp\/v2\/posts\/272","targetHints":{"allow":["GET"]}}],"collection":[{"href":"http:\/\/www.liceodeourense.com\/2.0\/index.php?rest_route=\/wp\/v2\/posts"}],"about":[{"href":"http:\/\/www.liceodeourense.com\/2.0\/index.php?rest_route=\/wp\/v2\/types\/post"}],"author":[{"embeddable":true,"href":"http:\/\/www.liceodeourense.com\/2.0\/index.php?rest_route=\/wp\/v2\/users\/2"}],"replies":[{"embeddable":true,"href":"http:\/\/www.liceodeourense.com\/2.0\/index.php?rest_route=%2Fwp%2Fv2%2Fcomments&post=272"}],"version-history":[{"count":0,"href":"http:\/\/www.liceodeourense.com\/2.0\/index.php?rest_route=\/wp\/v2\/posts\/272\/revisions"}],"wp:attachment":[{"href":"http:\/\/www.liceodeourense.com\/2.0\/index.php?rest_route=%2Fwp%2Fv2%2Fmedia&parent=272"}],"wp:term":[{"taxonomy":"category","embeddable":true,"href":"http:\/\/www.liceodeourense.com\/2.0\/index.php?rest_route=%2Fwp%2Fv2%2Fcategories&post=272"},{"taxonomy":"post_tag","embeddable":true,"href":"http:\/\/www.liceodeourense.com\/2.0\/index.php?rest_route=%2Fwp%2Fv2%2Ftags&post=272"}],"curies":[{"name":"wp","href":"https:\/\/api.w.org\/{rel}","templated":true}]}}