{"id":2388,"date":"2013-01-16T10:34:27","date_gmt":"2013-01-16T09:34:27","guid":{"rendered":"http:\/\/www.liceodeourense.com\/2.0\/?p=2388"},"modified":"2013-01-16T10:36:13","modified_gmt":"2013-01-16T09:36:13","slug":"presentacion-en-ourense-da-revista-grial-un-numero-dedicado-a-carlos-casares","status":"publish","type":"post","link":"http:\/\/www.liceodeourense.com\/2.0\/?p=2388","title":{"rendered":"Presentaci\u00f3n en Ourense da revista GRIAL, un n\u00famero dedicado a Carlos Casares"},"content":{"rendered":"<p><img loading=\"lazy\" decoding=\"async\" alt=\"grial liceo\" src=\"http:\/\/www.liceodeourense.com\/2.0\/wp-content\/uploads\/grial-liceo.jpg\" width=\"207\" height=\"302\" \/>Ma\u00f1an xoves as 20 horas no Sal\u00f3n Noblle ter\u00e1 lugar a<\/p>\n<h2 style=\"display: inline !important;\"><b>Presentaci\u00f3n en Ourense da revista GRIAL, <\/b><i>un n\u00famero dedicado a Carlos Casares.<\/i><\/h2>\n<p>Acto cultural no Liceo de Ourense o\u00a0<strong>xoves, d\u00eda 17 de xaneiro<\/strong>, coa presentaci\u00f3n da revista Grial 196, publicaci\u00f3n que dedica o seu \u00faltimo n\u00famero a Carlos Casares.<\/p>\n<p>&nbsp;<\/p>\n<p>O acto est\u00e1 previsto para as\u00a0<strong>20.00 horas<\/strong>\u00a0e contar\u00e1 coas intervenci\u00f3ns de\u00a0Xavier Casares, Dolores Vilavedra e os co-directores da publicaci\u00f3n: Henrique Monteagudo e V\u00edctor F. Freixanes.<\/p>\n<p>&nbsp;<\/p>\n<p>Carlos Casares foi director de Grial durante os anos 1989 e 2002. Foi tam\u00e9n director xeral de Galaxia.\u00a0Cando se cumpren dez anos do seu pasamento (Vigo, 9 de marzo de 2002) a revista que dirixiu e renovou durante ese per\u00edodo dedica as s\u00faas p\u00e1xinas \u00e1 s\u00faa lembranza: como escritor, como editor e mesmo como cidad\u00e1n. \u00c1ngel Basanta, Mar\u00eda Dolores Villanueva, Ana Luna, Iolanda Galanes e Dami\u00e1n Villala\u00edn, coordinados por Dolores Vilavedra, ach\u00e9gannos a distintos aspectos da s\u00faa obra e da s\u00faa persoa.<\/p>\n<p>&nbsp;<\/p>\n<p>Os traballos recollen algunhas intervenci\u00f3ns do curso de ver\u00e1n que organizou hai alg\u00fans\u00a0meses a Universidade Internacional Men\u00e9ndez Pelayo, dirixido pola profesora Dolores Vilavedra, e\u00a0que se celebrou no Consello da Cultura Galega. Editorial Galaxia dedicou durante este ano especial\u00a0atenci\u00f3n \u00e1 obra de Casares, dixitalizada e accesible mesmo en formatos ebook. Durante os \u00faltimos\u00a012 meses mantivemos activo un Blog dedicado \u00e1 s\u00faa obra.<\/p>\n<p>&nbsp;<\/p>\n<p>Neste n\u00famero 196 da revista, \u00c1ngel Lasanta aborda a obra narrativa de Casares, Mar\u00eda\u00a0Dolores Villanueva a s\u00faa condici\u00f3n de editor, Ana Luna e Iolanda Galanes tratan das traduci\u00f3ns\u00a0e da s\u00faa actividade como tradutor, e Dami\u00e1n Villala\u00edn, que foi director de edici\u00f3ns con Carlos\u00a0Casares en Galaxia, fai unha semblanza da persoa e do cidad\u00e1n.<\/p>\n<p>&nbsp;<\/p>\n","protected":false},"excerpt":{"rendered":"<p>Ma\u00f1an xoves as 20 horas no Sal\u00f3n Noblle ter\u00e1 lugar a Presentaci\u00f3n en Ourense da revista GRIAL, un n\u00famero dedicado a Carlos Casares. Acto cultural no Liceo de Ourense o\u00a0xoves, d\u00eda 17 de xaneiro, coa presentaci\u00f3n da revista Grial 196, publicaci\u00f3n que dedica o seu \u00faltimo n\u00famero a Carlos Casares. &nbsp; O acto est\u00e1 previsto [&hellip;]<\/p>\n","protected":false},"author":2,"featured_media":2389,"comment_status":"open","ping_status":"closed","sticky":false,"template":"","format":"standard","meta":{"footnotes":""},"categories":[1],"tags":[],"class_list":["post-2388","post","type-post","status-publish","format-standard","has-post-thumbnail","hentry","category-sin-categoria"],"_links":{"self":[{"href":"http:\/\/www.liceodeourense.com\/2.0\/index.php?rest_route=\/wp\/v2\/posts\/2388","targetHints":{"allow":["GET"]}}],"collection":[{"href":"http:\/\/www.liceodeourense.com\/2.0\/index.php?rest_route=\/wp\/v2\/posts"}],"about":[{"href":"http:\/\/www.liceodeourense.com\/2.0\/index.php?rest_route=\/wp\/v2\/types\/post"}],"author":[{"embeddable":true,"href":"http:\/\/www.liceodeourense.com\/2.0\/index.php?rest_route=\/wp\/v2\/users\/2"}],"replies":[{"embeddable":true,"href":"http:\/\/www.liceodeourense.com\/2.0\/index.php?rest_route=%2Fwp%2Fv2%2Fcomments&post=2388"}],"version-history":[{"count":2,"href":"http:\/\/www.liceodeourense.com\/2.0\/index.php?rest_route=\/wp\/v2\/posts\/2388\/revisions"}],"predecessor-version":[{"id":2391,"href":"http:\/\/www.liceodeourense.com\/2.0\/index.php?rest_route=\/wp\/v2\/posts\/2388\/revisions\/2391"}],"wp:featuredmedia":[{"embeddable":true,"href":"http:\/\/www.liceodeourense.com\/2.0\/index.php?rest_route=\/wp\/v2\/media\/2389"}],"wp:attachment":[{"href":"http:\/\/www.liceodeourense.com\/2.0\/index.php?rest_route=%2Fwp%2Fv2%2Fmedia&parent=2388"}],"wp:term":[{"taxonomy":"category","embeddable":true,"href":"http:\/\/www.liceodeourense.com\/2.0\/index.php?rest_route=%2Fwp%2Fv2%2Fcategories&post=2388"},{"taxonomy":"post_tag","embeddable":true,"href":"http:\/\/www.liceodeourense.com\/2.0\/index.php?rest_route=%2Fwp%2Fv2%2Ftags&post=2388"}],"curies":[{"name":"wp","href":"https:\/\/api.w.org\/{rel}","templated":true}]}}