{"id":2359,"date":"2013-01-14T12:40:56","date_gmt":"2013-01-14T11:40:56","guid":{"rendered":"http:\/\/www.liceodeourense.com\/2.0\/?p=2359"},"modified":"2013-01-16T13:22:50","modified_gmt":"2013-01-16T12:22:50","slug":"presentacion-do-libro-castelao-na-union-sovietica-en-1938-de-xesus-alonso-montero","status":"publish","type":"post","link":"http:\/\/www.liceodeourense.com\/2.0\/?p=2359","title":{"rendered":"Presentaci\u00f3n do libro:  Castelao na Uni\u00f3n Sovi\u00e9tica en 1938 de Xes\u00fas Alonso Montero"},"content":{"rendered":"<h3 style=\"text-align: center;\" align=\"center\">O<b>\u00a0LICEO\u00a0<\/b>DE OURENSE \u00a0e EDICI\u00d3NS<b>\u00a0XERAIS\u00a0<\/b>DE GALICIA\u00a0organizaron \u00a0\u00e1 presentaci\u00f3n do libro<\/h3>\n<h3 style=\"text-align: center;\" align=\"center\"><\/h3>\n<h3 style=\"text-align: center;\"><b><i><a href=\"http:\/\/www.liceodeourense.com\/2.0\/wp-content\/uploads\/castelao-e-a-union-sovietica.jpg\"><img loading=\"lazy\" decoding=\"async\" class=\"alignleft size-full wp-image-2360\" alt=\"castelao e a union sovietica\" src=\"http:\/\/www.liceodeourense.com\/2.0\/wp-content\/uploads\/castelao-e-a-union-sovietica.jpg\" width=\"200\" height=\"304\" srcset=\"https:\/\/www.liceodeourense.com\/2.0\/wp-content\/uploads\/castelao-e-a-union-sovietica.jpg 200w, https:\/\/www.liceodeourense.com\/2.0\/wp-content\/uploads\/castelao-e-a-union-sovietica-197x300.jpg 197w\" sizes=\"auto, (max-width: 200px) 100vw, 200px\" \/><\/a>Castelao na Uni\u00f3n Sovi\u00e9tica en 1938<\/i><\/b><\/h3>\n<h3 style=\"text-align: center;\">de\u00a0<b>Xes\u00fas Alonso Montero<\/b><\/h3>\n<h3 style=\"text-align: center;\" align=\"center\"><\/h3>\n<h3 align=\"center\">O acto, que contour coa participaci\u00f3n de\u00a0<b>Manuel Pe\u00f1a Rei<\/b>,\u00a0<b>Manuel Bragado<\/b>\u00a0e\u00a0<b>Xes\u00fas Alonso Montero<\/b>,<b>\u00a0<\/b>tivo lugar\u00a0o\u00a0<b>luns<\/b>,\u00a0<b>14\u00a0<\/b>de xaneiro, \u00e1s\u00a0<b>20,00\u00a0<\/b>horas,\u00a0no\u00a0<b>Sal\u00f3n Noble do Liceo<\/b>, r\u00faa Valent\u00edn Lamas Carvajal, 5 Ourense.<\/h3>\n<h3><\/h3>\n<p>&nbsp;<\/p>\n<p><iframe loading=\"lazy\" title=\"Xes\u00fas Alonso Montero: Castelao na Uni\u00f3n Sovi\u00e9tica en 1938\" width=\"640\" height=\"360\" src=\"https:\/\/www.youtube.com\/embed\/V6D0QnLJuM8?feature=oembed\" frameborder=\"0\" allow=\"accelerometer; autoplay; clipboard-write; encrypted-media; gyroscope; picture-in-picture; web-share\" referrerpolicy=\"strict-origin-when-cross-origin\" allowfullscreen><\/iframe><\/p>\n<p>&nbsp;<\/p>\n<p><a href=\"http:\/\/www.liceodeourense.com\/2.0\/wp-content\/uploads\/IMG-20130114-00098.jpg\"><img loading=\"lazy\" decoding=\"async\" class=\"alignleft size-full wp-image-2392\" alt=\"IMG-20130114-00098\" src=\"http:\/\/www.liceodeourense.com\/2.0\/wp-content\/uploads\/IMG-20130114-00098.jpg\" width=\"778\" height=\"583\" srcset=\"https:\/\/www.liceodeourense.com\/2.0\/wp-content\/uploads\/IMG-20130114-00098.jpg 778w, https:\/\/www.liceodeourense.com\/2.0\/wp-content\/uploads\/IMG-20130114-00098-300x224.jpg 300w\" sizes=\"auto, (max-width: 778px) 100vw, 778px\" \/><\/a> <a href=\"http:\/\/www.liceodeourense.com\/2.0\/wp-content\/uploads\/IMG-20130114-00099.jpg\"><img loading=\"lazy\" decoding=\"async\" class=\"alignleft size-full wp-image-2393\" alt=\"IMG-20130114-00099\" src=\"http:\/\/www.liceodeourense.com\/2.0\/wp-content\/uploads\/IMG-20130114-00099.jpg\" width=\"778\" height=\"583\" srcset=\"https:\/\/www.liceodeourense.com\/2.0\/wp-content\/uploads\/IMG-20130114-00099.jpg 778w, https:\/\/www.liceodeourense.com\/2.0\/wp-content\/uploads\/IMG-20130114-00099-300x224.jpg 300w\" sizes=\"auto, (max-width: 778px) 100vw, 778px\" \/><\/a> <a href=\"http:\/\/www.liceodeourense.com\/2.0\/wp-content\/uploads\/IMG-20130114-00100.jpg\"><img loading=\"lazy\" decoding=\"async\" class=\"alignleft size-full wp-image-2394\" alt=\"IMG-20130114-00100\" src=\"http:\/\/www.liceodeourense.com\/2.0\/wp-content\/uploads\/IMG-20130114-00100.jpg\" width=\"192\" height=\"144\" \/><\/a><\/p>\n","protected":false},"excerpt":{"rendered":"<p>O\u00a0LICEO\u00a0DE OURENSE \u00a0e EDICI\u00d3NS\u00a0XERAIS\u00a0DE GALICIA\u00a0organizaron \u00a0\u00e1 presentaci\u00f3n do libro Castelao na Uni\u00f3n Sovi\u00e9tica en 1938 de\u00a0Xes\u00fas Alonso Montero O acto, que contour coa participaci\u00f3n de\u00a0Manuel Pe\u00f1a Rei,\u00a0Manuel Bragado\u00a0e\u00a0Xes\u00fas Alonso Montero,\u00a0tivo lugar\u00a0o\u00a0luns,\u00a014\u00a0de xaneiro, \u00e1s\u00a020,00\u00a0horas,\u00a0no\u00a0Sal\u00f3n Noble do Liceo, r\u00faa Valent\u00edn Lamas Carvajal, 5 Ourense. &nbsp; &nbsp;<\/p>\n","protected":false},"author":2,"featured_media":2360,"comment_status":"open","ping_status":"closed","sticky":false,"template":"","format":"standard","meta":{"footnotes":""},"categories":[6],"tags":[],"class_list":["post-2359","post","type-post","status-publish","format-standard","has-post-thumbnail","hentry","category-seccion-literatura"],"_links":{"self":[{"href":"http:\/\/www.liceodeourense.com\/2.0\/index.php?rest_route=\/wp\/v2\/posts\/2359","targetHints":{"allow":["GET"]}}],"collection":[{"href":"http:\/\/www.liceodeourense.com\/2.0\/index.php?rest_route=\/wp\/v2\/posts"}],"about":[{"href":"http:\/\/www.liceodeourense.com\/2.0\/index.php?rest_route=\/wp\/v2\/types\/post"}],"author":[{"embeddable":true,"href":"http:\/\/www.liceodeourense.com\/2.0\/index.php?rest_route=\/wp\/v2\/users\/2"}],"replies":[{"embeddable":true,"href":"http:\/\/www.liceodeourense.com\/2.0\/index.php?rest_route=%2Fwp%2Fv2%2Fcomments&post=2359"}],"version-history":[{"count":5,"href":"http:\/\/www.liceodeourense.com\/2.0\/index.php?rest_route=\/wp\/v2\/posts\/2359\/revisions"}],"predecessor-version":[{"id":2362,"href":"http:\/\/www.liceodeourense.com\/2.0\/index.php?rest_route=\/wp\/v2\/posts\/2359\/revisions\/2362"}],"wp:featuredmedia":[{"embeddable":true,"href":"http:\/\/www.liceodeourense.com\/2.0\/index.php?rest_route=\/wp\/v2\/media\/2360"}],"wp:attachment":[{"href":"http:\/\/www.liceodeourense.com\/2.0\/index.php?rest_route=%2Fwp%2Fv2%2Fmedia&parent=2359"}],"wp:term":[{"taxonomy":"category","embeddable":true,"href":"http:\/\/www.liceodeourense.com\/2.0\/index.php?rest_route=%2Fwp%2Fv2%2Fcategories&post=2359"},{"taxonomy":"post_tag","embeddable":true,"href":"http:\/\/www.liceodeourense.com\/2.0\/index.php?rest_route=%2Fwp%2Fv2%2Ftags&post=2359"}],"curies":[{"name":"wp","href":"https:\/\/api.w.org\/{rel}","templated":true}]}}