{"id":227,"date":"2008-01-30T17:43:00","date_gmt":"2008-01-30T17:43:00","guid":{"rendered":"http:\/\/www.liceodeourense.com\/2.0\/manolo-rivas-nos-encontros-literarios\/"},"modified":"2008-01-30T17:43:00","modified_gmt":"2008-01-30T17:43:00","slug":"manolo-rivas-nos-encontros-literarios","status":"publish","type":"post","link":"http:\/\/www.liceodeourense.com\/2.0\/?p=227","title":{"rendered":"MANOLO RIVAS NOS ENCONTROS LITERARIOS"},"content":{"rendered":"<p><a href=\"http:\/\/bp1.blogger.com\/_ydtKUihSESg\/R6C3ox-spMI\/AAAAAAAAAHs\/iPz6BCNyXGQ\/s1600-h\/manolo+rivas.jpg\"><img decoding=\"async\" id=\"BLOGGER_PHOTO_ID_5161327084205548738\" style=\"FLOAT: left; MARGIN: 0px 10px 10px 0px; CURSOR: hand\" alt=\"\" src=\"http:\/\/bp1.blogger.com\/_ydtKUihSESg\/R6C3ox-spMI\/AAAAAAAAAHs\/iPz6BCNyXGQ\/s400\/manolo+rivas.jpg\" border=\"0\" \/><\/a><\/p>\n<div align=\"justify\"><\/div>\n<p><\/p>\n<div align=\"justify\">Artigo de Marcos Valcarcel, na seu blog: <a href=\"http:\/\/www.asuvasnasolaina.blogspot.com\/\">http:\/\/www.asuvasnasolaina.blogspot.com\/<\/a><\/div>\n<p><\/p>\n<div align=\"justify\"><\/div>\n<p><\/p>\n<div align=\"justify\">Concordo co dito m\u00e1is abaixo por Etxe. Escoitei falar bastantes veces a Manuel Rivas, pero nunca como onte. O Liceo a rebosar: 246 persoas, contadas (dende enriba, por min). P\u00fablico diverso, dende alumnos de Institutos a persoas moi maiores, diverso en ideolox\u00edas e sensibilidades. Trala mi\u00f1a presentaci\u00f3n, Rivas falou uns tres cuartos de hora (8,3o a 9,15) lendo e comentando dous relatos-memoria: un sobre a s\u00faa nai, outro sobre o seu pai. Co do seu pai xa se notaba un in crescendo de entusiasmo na sala. Pensamos que acababa pero Rivas emocionouse e tirou para diante (eu non te\u00f1o pr\u00e9sa, vostedes ver\u00e1n): xa sen papeis, s\u00f3 unhas notas con tres ou catro nomes soltos (Chao de Felisa, Reimundo Pati\u00f1o, Rodr\u00edguez Pamp\u00edn, etc.), o escritor abriu a caixa dos so\u00f1os e da infancia e embalouse. Falou sen parar ata as 10,5 horas. Case ningu\u00e9n se levantou. Xa non pod\u00eda haber coloquio: tal era a tensi\u00f3n da sala, calquera intervenci\u00f3n rebaixar\u00eda aquilo que, dixen eu \u00f3 remate, non era unha conferencia, sen\u00f3n outra cousa. Un x\u00e9nero superior, haber\u00eda que buscarlle nome: un anaco de vida transformado en literatura. Por sorte, os que non asistiron, poder\u00e1n escoitala dende ma\u00f1\u00e1 na web do Liceo.<\/div>\n","protected":false},"excerpt":{"rendered":"<p>Artigo de Marcos Valcarcel, na seu blog: http:\/\/www.asuvasnasolaina.blogspot.com\/ Concordo co dito m\u00e1is abaixo por Etxe. Escoitei falar bastantes veces a Manuel Rivas, pero nunca como onte. O Liceo a rebosar: 246 persoas, contadas (dende enriba, por min). P\u00fablico diverso, dende alumnos de Institutos a persoas moi maiores, diverso en ideolox\u00edas e sensibilidades. Trala mi\u00f1a presentaci\u00f3n, [&hellip;]<\/p>\n","protected":false},"author":2,"featured_media":0,"comment_status":"open","ping_status":"closed","sticky":false,"template":"","format":"standard","meta":{"footnotes":""},"categories":[6],"tags":[],"class_list":["post-227","post","type-post","status-publish","format-standard","hentry","category-seccion-literatura"],"_links":{"self":[{"href":"http:\/\/www.liceodeourense.com\/2.0\/index.php?rest_route=\/wp\/v2\/posts\/227","targetHints":{"allow":["GET"]}}],"collection":[{"href":"http:\/\/www.liceodeourense.com\/2.0\/index.php?rest_route=\/wp\/v2\/posts"}],"about":[{"href":"http:\/\/www.liceodeourense.com\/2.0\/index.php?rest_route=\/wp\/v2\/types\/post"}],"author":[{"embeddable":true,"href":"http:\/\/www.liceodeourense.com\/2.0\/index.php?rest_route=\/wp\/v2\/users\/2"}],"replies":[{"embeddable":true,"href":"http:\/\/www.liceodeourense.com\/2.0\/index.php?rest_route=%2Fwp%2Fv2%2Fcomments&post=227"}],"version-history":[{"count":0,"href":"http:\/\/www.liceodeourense.com\/2.0\/index.php?rest_route=\/wp\/v2\/posts\/227\/revisions"}],"wp:attachment":[{"href":"http:\/\/www.liceodeourense.com\/2.0\/index.php?rest_route=%2Fwp%2Fv2%2Fmedia&parent=227"}],"wp:term":[{"taxonomy":"category","embeddable":true,"href":"http:\/\/www.liceodeourense.com\/2.0\/index.php?rest_route=%2Fwp%2Fv2%2Fcategories&post=227"},{"taxonomy":"post_tag","embeddable":true,"href":"http:\/\/www.liceodeourense.com\/2.0\/index.php?rest_route=%2Fwp%2Fv2%2Ftags&post=227"}],"curies":[{"name":"wp","href":"https:\/\/api.w.org\/{rel}","templated":true}]}}