{"id":17984,"date":"2025-11-28T21:42:44","date_gmt":"2025-11-28T20:42:44","guid":{"rendered":"https:\/\/www.liceodeourense.com\/2.0\/?p=17984"},"modified":"2025-12-01T09:48:52","modified_gmt":"2025-12-01T08:48:52","slug":"extraordinario-concierto-de-ingrid-cusido-2","status":"publish","type":"post","link":"http:\/\/www.liceodeourense.com\/2.0\/?p=17984","title":{"rendered":"EXTRAORDINARIO CONCIERTO DE INGRID CUSIDO."},"content":{"rendered":"<h3 data-olk-copy-source=\"MessageBody\">Extraordinario Concierto de la pianista INGRID CUSIDO esta tarde en el Sal\u00f3n Noble del Liceo, con un programa precioso, hizo disfrutar a los lice\u00edstas que ovacionaron la magn\u00edfica interpretaci\u00f3n de nuestra invitada.<\/h3>\n<h3 data-olk-copy-source=\"MessageBody\">Ingrid Cusido nos ofreci\u00f3 un PROGRAMA precioso compuesto por la Suit Francesa en do menor n\u00famero 2 de\u00a0JS Bach. ; la Sonata op. 2 n 3 Do mayor de\u00a0L. Van Beethoven;\u00a0Quejas o La Maja y el Ruisi\u00f1or de E. Granados y\u00a0Allegro de Concierto tambi\u00e9n de\u00a0E. Granados; para cerrar ya fuera del programa con Manuel de Falla.<\/h3>\n<h3 data-olk-copy-source=\"MessageBody\">Muchas gracias por volver al LICEO, desde luego aqu\u00ed tienes un escenario siempre que lo desees. Hasta la pr\u00f3xima.<\/h3>\n<p>&nbsp;<\/p>\n<p><img loading=\"lazy\" decoding=\"async\" class=\"alignnone size-full wp-image-17985\" src=\"https:\/\/www.liceodeourense.com\/2.0\/wp-content\/uploads\/INGRID-CUSIDO-25-01.jpg\" alt=\"\" width=\"1459\" height=\"1094\" srcset=\"https:\/\/www.liceodeourense.com\/2.0\/wp-content\/uploads\/INGRID-CUSIDO-25-01.jpg 1459w, https:\/\/www.liceodeourense.com\/2.0\/wp-content\/uploads\/INGRID-CUSIDO-25-01-300x225.jpg 300w, https:\/\/www.liceodeourense.com\/2.0\/wp-content\/uploads\/INGRID-CUSIDO-25-01-1024x768.jpg 1024w, https:\/\/www.liceodeourense.com\/2.0\/wp-content\/uploads\/INGRID-CUSIDO-25-01-768x576.jpg 768w\" sizes=\"auto, (max-width: 1459px) 100vw, 1459px\" \/> <img loading=\"lazy\" decoding=\"async\" class=\"alignnone size-full wp-image-17986\" src=\"https:\/\/www.liceodeourense.com\/2.0\/wp-content\/uploads\/INGRID-CUSIDO-25-02.jpg\" alt=\"\" width=\"1459\" height=\"1094\" srcset=\"https:\/\/www.liceodeourense.com\/2.0\/wp-content\/uploads\/INGRID-CUSIDO-25-02.jpg 1459w, https:\/\/www.liceodeourense.com\/2.0\/wp-content\/uploads\/INGRID-CUSIDO-25-02-300x225.jpg 300w, https:\/\/www.liceodeourense.com\/2.0\/wp-content\/uploads\/INGRID-CUSIDO-25-02-1024x768.jpg 1024w, https:\/\/www.liceodeourense.com\/2.0\/wp-content\/uploads\/INGRID-CUSIDO-25-02-768x576.jpg 768w\" sizes=\"auto, (max-width: 1459px) 100vw, 1459px\" \/><\/p>\n<p><img loading=\"lazy\" decoding=\"async\" class=\"alignnone  wp-image-17966\" src=\"https:\/\/www.liceodeourense.com\/2.0\/wp-content\/uploads\/INGRID-CUSIDO-2.jpg\" alt=\"\" width=\"1161\" height=\"1642\" srcset=\"https:\/\/www.liceodeourense.com\/2.0\/wp-content\/uploads\/INGRID-CUSIDO-2.jpg 1283w, https:\/\/www.liceodeourense.com\/2.0\/wp-content\/uploads\/INGRID-CUSIDO-2-212x300.jpg 212w, https:\/\/www.liceodeourense.com\/2.0\/wp-content\/uploads\/INGRID-CUSIDO-2-724x1024.jpg 724w, https:\/\/www.liceodeourense.com\/2.0\/wp-content\/uploads\/INGRID-CUSIDO-2-768x1086.jpg 768w, https:\/\/www.liceodeourense.com\/2.0\/wp-content\/uploads\/INGRID-CUSIDO-2-1086x1536.jpg 1086w\" sizes=\"auto, (max-width: 1161px) 100vw, 1161px\" \/><\/p>\n","protected":false},"excerpt":{"rendered":"<p>Extraordinario Concierto de la pianista INGRID CUSIDO esta tarde en el Sal\u00f3n Noble del Liceo, con un programa precioso, hizo disfrutar a los lice\u00edstas que ovacionaron la magn\u00edfica interpretaci\u00f3n de nuestra invitada. Ingrid Cusido nos ofreci\u00f3 un PROGRAMA precioso compuesto por la Suit Francesa en do menor n\u00famero 2 de\u00a0JS Bach. ; la Sonata op. [&hellip;]<\/p>\n","protected":false},"author":2,"featured_media":17987,"comment_status":"open","ping_status":"closed","sticky":false,"template":"","format":"standard","meta":{"footnotes":""},"categories":[1],"tags":[],"class_list":["post-17984","post","type-post","status-publish","format-standard","has-post-thumbnail","hentry","category-sin-categoria"],"_links":{"self":[{"href":"http:\/\/www.liceodeourense.com\/2.0\/index.php?rest_route=\/wp\/v2\/posts\/17984","targetHints":{"allow":["GET"]}}],"collection":[{"href":"http:\/\/www.liceodeourense.com\/2.0\/index.php?rest_route=\/wp\/v2\/posts"}],"about":[{"href":"http:\/\/www.liceodeourense.com\/2.0\/index.php?rest_route=\/wp\/v2\/types\/post"}],"author":[{"embeddable":true,"href":"http:\/\/www.liceodeourense.com\/2.0\/index.php?rest_route=\/wp\/v2\/users\/2"}],"replies":[{"embeddable":true,"href":"http:\/\/www.liceodeourense.com\/2.0\/index.php?rest_route=%2Fwp%2Fv2%2Fcomments&post=17984"}],"version-history":[{"count":1,"href":"http:\/\/www.liceodeourense.com\/2.0\/index.php?rest_route=\/wp\/v2\/posts\/17984\/revisions"}],"predecessor-version":[{"id":17988,"href":"http:\/\/www.liceodeourense.com\/2.0\/index.php?rest_route=\/wp\/v2\/posts\/17984\/revisions\/17988"}],"wp:featuredmedia":[{"embeddable":true,"href":"http:\/\/www.liceodeourense.com\/2.0\/index.php?rest_route=\/wp\/v2\/media\/17987"}],"wp:attachment":[{"href":"http:\/\/www.liceodeourense.com\/2.0\/index.php?rest_route=%2Fwp%2Fv2%2Fmedia&parent=17984"}],"wp:term":[{"taxonomy":"category","embeddable":true,"href":"http:\/\/www.liceodeourense.com\/2.0\/index.php?rest_route=%2Fwp%2Fv2%2Fcategories&post=17984"},{"taxonomy":"post_tag","embeddable":true,"href":"http:\/\/www.liceodeourense.com\/2.0\/index.php?rest_route=%2Fwp%2Fv2%2Ftags&post=17984"}],"curies":[{"name":"wp","href":"https:\/\/api.w.org\/{rel}","templated":true}]}}