{"id":17794,"date":"2025-10-16T11:06:04","date_gmt":"2025-10-16T10:06:04","guid":{"rendered":"https:\/\/www.liceodeourense.com\/2.0\/?p=17794"},"modified":"2025-10-17T11:18:52","modified_gmt":"2025-10-17T10:18:52","slug":"el-arquitecto-maximiano-hijon-y-su-relacion-con-el-pintor-constancio-lopez-corona","status":"publish","type":"post","link":"http:\/\/www.liceodeourense.com\/2.0\/?p=17794","title":{"rendered":"El arquitecto Maximiano\u00a0Hij\u00f3n\u00a0y su relaci\u00f3n con el pintor Constancio L\u00f3pez Corona."},"content":{"rendered":"<h2 class=\"x_elementToProof\"><b><i data-olk-copy-source=\"MessageBody\">El arquitecto Maximiano\u00a0Hij\u00f3n\u00a0y su relaci\u00f3n con el pintor Constancio L\u00f3pez Corona.<\/i><\/b><\/h2>\n<blockquote>\n<h3 class=\"x_elementToProof\">\u2002\u2002\u2002\u2002El pasado d\u00eda 15 de octubre se inaugur\u00f3 en el Liceo de Ourense la exposici\u00f3n El arquitecto Maximiano Hij\u00f3n y su relaci\u00f3n con el pintor Constancio L\u00f3pez Corona. En ella, se repasa la trayectoria profesional y personal del arquitecto riojano Maximiano Hij\u00f3n, de cuyo nacimiento en este a\u00f1o 2025 se cumplen 200 a\u00f1os y de su sobrino, el pintor geron\u00e9s afincado en Ourense Constancio L\u00f3pez Corona. La exposici\u00f3n se centra en las obras m\u00e1s significativas del arquitecto Hij\u00f3n, como los Planos de Coello, el Sal\u00f3n del Trono del Palacio de Navarra, donde t\u00edo y sobrino trabajaron de forma conjunta, adem\u00e1s de la obra arquitect\u00f3nica de Hij\u00f3n en La Rioja y Navarra principalmente, adem\u00e1s de su labor como conservador de monumentos, especialmente monasterios desamortizados como Santa Mar\u00eda La Real de N\u00e1jera, San Salvador de Leyre o la Ermita de Eunate entre otros.<\/h3>\n<\/blockquote>\n<div><\/div>\n<div class=\"x_elementToProof\"><img loading=\"lazy\" decoding=\"async\" class=\"wp-image-17796 alignleft\" src=\"https:\/\/www.liceodeourense.com\/2.0\/wp-content\/uploads\/IMG_20251015_195604.jpg\" alt=\"\" width=\"484\" height=\"645\" srcset=\"https:\/\/www.liceodeourense.com\/2.0\/wp-content\/uploads\/IMG_20251015_195604.jpg 821w, https:\/\/www.liceodeourense.com\/2.0\/wp-content\/uploads\/IMG_20251015_195604-225x300.jpg 225w, https:\/\/www.liceodeourense.com\/2.0\/wp-content\/uploads\/IMG_20251015_195604-768x1023.jpg 768w\" sizes=\"auto, (max-width: 484px) 100vw, 484px\" \/><\/div>\n<blockquote>\n<h3 class=\"x_elementToProof\">En esta edici\u00f3n se ha a\u00f1adido tambi\u00e9n una parte dedicada a la figura del pintor Constancio L\u00f3pez Corona, que fue\u00a0Director\u00a0de la Escuela de Dibujo de Ourense adem\u00e1s de Catedr\u00e1tico en esa materia en el Instituto de esta localidad. Tambi\u00e9n, L\u00f3pez Corona fue un miembro del Liceo de Ourense adem\u00e1s de una persona muy significativa en la ciudad, al igual que su hijo Sergio L\u00f3pez Corona\u00a0Ist\u00fariz, m\u00e9dico y escritor\u00a0ourensano\u00a0que tambi\u00e9n tiene un espacio en la exposici\u00f3n.<\/h3>\n<h3 class=\"x_elementToProof\"><\/h3>\n<h3 class=\"x_elementToProof\">\u2002\u2002\u2002\u2002La exposici\u00f3n surge a la vez que la publicaci\u00f3n del Libro\u00a0<i>Maximiano\u00a0Hij\u00f3n, el arte de la Arquitectura Urbana<\/i>, obra de Bruno Calleja Escalona, para conmemorar el\u00a0mencioando\u00a0bicentenario del nacimiento del arquitecto. La exposici\u00f3n permanecer\u00e1 en el Liceo de Ourense hasta el mes de noviembre.<\/h3>\n<h3 class=\"x_elementToProof\"><\/h3>\n<h3 class=\"x_elementToProof\"><\/h3>\n<h3 class=\"x_elementToProof\"><\/h3>\n<\/blockquote>\n<div class=\"x_elementToProof\"><\/div>\n<div id=\"x_Signature\" class=\"x_elementToProof\">\n<div class=\"x_elementToProof\"><\/div>\n<\/div>\n","protected":false},"excerpt":{"rendered":"<p>El arquitecto Maximiano\u00a0Hij\u00f3n\u00a0y su relaci\u00f3n con el pintor Constancio L\u00f3pez Corona. \u2002\u2002\u2002\u2002El pasado d\u00eda 15 de octubre se inaugur\u00f3 en el Liceo de Ourense la exposici\u00f3n El arquitecto Maximiano Hij\u00f3n y su relaci\u00f3n con el pintor Constancio L\u00f3pez Corona. En ella, se repasa la trayectoria profesional y personal del arquitecto riojano Maximiano Hij\u00f3n, de cuyo [&hellip;]<\/p>\n","protected":false},"author":2,"featured_media":17795,"comment_status":"open","ping_status":"closed","sticky":false,"template":"","format":"standard","meta":{"footnotes":""},"categories":[15],"tags":[],"class_list":["post-17794","post","type-post","status-publish","format-standard","has-post-thumbnail","hentry","category-exposicions"],"_links":{"self":[{"href":"http:\/\/www.liceodeourense.com\/2.0\/index.php?rest_route=\/wp\/v2\/posts\/17794","targetHints":{"allow":["GET"]}}],"collection":[{"href":"http:\/\/www.liceodeourense.com\/2.0\/index.php?rest_route=\/wp\/v2\/posts"}],"about":[{"href":"http:\/\/www.liceodeourense.com\/2.0\/index.php?rest_route=\/wp\/v2\/types\/post"}],"author":[{"embeddable":true,"href":"http:\/\/www.liceodeourense.com\/2.0\/index.php?rest_route=\/wp\/v2\/users\/2"}],"replies":[{"embeddable":true,"href":"http:\/\/www.liceodeourense.com\/2.0\/index.php?rest_route=%2Fwp%2Fv2%2Fcomments&post=17794"}],"version-history":[{"count":3,"href":"http:\/\/www.liceodeourense.com\/2.0\/index.php?rest_route=\/wp\/v2\/posts\/17794\/revisions"}],"predecessor-version":[{"id":17799,"href":"http:\/\/www.liceodeourense.com\/2.0\/index.php?rest_route=\/wp\/v2\/posts\/17794\/revisions\/17799"}],"wp:featuredmedia":[{"embeddable":true,"href":"http:\/\/www.liceodeourense.com\/2.0\/index.php?rest_route=\/wp\/v2\/media\/17795"}],"wp:attachment":[{"href":"http:\/\/www.liceodeourense.com\/2.0\/index.php?rest_route=%2Fwp%2Fv2%2Fmedia&parent=17794"}],"wp:term":[{"taxonomy":"category","embeddable":true,"href":"http:\/\/www.liceodeourense.com\/2.0\/index.php?rest_route=%2Fwp%2Fv2%2Fcategories&post=17794"},{"taxonomy":"post_tag","embeddable":true,"href":"http:\/\/www.liceodeourense.com\/2.0\/index.php?rest_route=%2Fwp%2Fv2%2Ftags&post=17794"}],"curies":[{"name":"wp","href":"https:\/\/api.w.org\/{rel}","templated":true}]}}